{"id":60304,"date":"2025-04-04T21:02:58","date_gmt":"2025-04-05T03:02:58","guid":{"rendered":"https:\/\/politicosaldesnudo.com.mx\/?p=60304"},"modified":"2025-04-04T21:02:58","modified_gmt":"2025-04-05T03:02:58","slug":"maria-jose-canaveral-yahir-la-original-banda-el-limon-y-natalia-jimenez-estaran-presentes-en-el-carnaval-tuxpan-2025","status":"publish","type":"post","link":"https:\/\/politicosaldesnudo.com.mx\/index.php\/2025\/04\/04\/maria-jose-canaveral-yahir-la-original-banda-el-limon-y-natalia-jimenez-estaran-presentes-en-el-carnaval-tuxpan-2025\/","title":{"rendered":"Mar\u00eda Jos\u00e9, Ca\u00f1averal, Yahir, La Original Banda El Lim\u00f3n y Natalia Jim\u00e9nez, estar\u00e1n presentes en el Carnaval Tuxpan 2025"},"content":{"rendered":"<p>Tuxpan, Ver., 4 de abril de 2025.- El alcalde Dr. Jes\u00fas Fomperoza Torres y el Comit\u00e9 del Carnaval Tuxpan 2025 \u00a1La alegr\u00eda eres t\u00fa!, dieron a conocer el elenco art\u00edstico que se presentar\u00e1 del 1 al 5 de mayo.<\/p>\n<p>Por parte del Comit\u00e9 estuvieron presentes Juan Israel Z\u00fa\u00f1iga Mart\u00ednez, Log\u00edstica; Jaime Hern\u00e1ndez Hern\u00e1ndez, tesorero; Diana Isabel Hern\u00e1ndez, Relaciones P\u00fablicas; Fernando Romano Rivera, Comunicaci\u00f3n Social, y Adri\u00e1n Macay del \u00c1ngel y Naomi Hern\u00e1ndez Barrag\u00e1n, vocales.<\/p>\n<p><img data-recalc-dims=\"1\" loading=\"lazy\" decoding=\"async\" class=\"aligncenter size-large wp-image-60305\" src=\"https:\/\/i0.wp.com\/politicosaldesnudo.com.mx\/wp-content\/uploads\/2025\/04\/WhatsApp-Image-2025-04-04-at-17.17.04-1024x576.jpeg?resize=800%2C450&#038;ssl=1\" alt=\"\" width=\"800\" height=\"450\" srcset=\"https:\/\/i0.wp.com\/politicosaldesnudo.com.mx\/wp-content\/uploads\/2025\/04\/WhatsApp-Image-2025-04-04-at-17.17.04.jpeg?resize=1024%2C576&amp;ssl=1 1024w, https:\/\/i0.wp.com\/politicosaldesnudo.com.mx\/wp-content\/uploads\/2025\/04\/WhatsApp-Image-2025-04-04-at-17.17.04.jpeg?resize=300%2C169&amp;ssl=1 300w, https:\/\/i0.wp.com\/politicosaldesnudo.com.mx\/wp-content\/uploads\/2025\/04\/WhatsApp-Image-2025-04-04-at-17.17.04.jpeg?resize=768%2C432&amp;ssl=1 768w, https:\/\/i0.wp.com\/politicosaldesnudo.com.mx\/wp-content\/uploads\/2025\/04\/WhatsApp-Image-2025-04-04-at-17.17.04.jpeg?w=1280&amp;ssl=1 1280w\" sizes=\"auto, (max-width: 800px) 100vw, 800px\" \/><\/p>\n<p>Tambi\u00e9n asistieron la s\u00edndica \u00fanica Lidia de Jes\u00fas Santiago Hern\u00e1ndez; las regidoras y los regidores Mar\u00eda del Pilar Mart\u00ednez Matesanz, Maryanela Monroy Flores, Juan G\u00f3mez Garc\u00eda y Luis Demetrio L\u00f3pez Mar\u00edn.<\/p>\n<p>\u201cEl Carnaval es la m\u00e1s grande fiesta del pueblo de Tuxpan, una expresi\u00f3n de cultura y tradici\u00f3n que nos une como una gran familia. Por m\u00e1s de un siglo ha sido parte de nuestra grandeza como municipio y una celebraci\u00f3n que nos da identidad\u201d, expres\u00f3 el alcalde Jes\u00fas Fomperoza.<\/p>\n<p><img data-recalc-dims=\"1\" loading=\"lazy\" decoding=\"async\" class=\"aligncenter size-large wp-image-60306\" src=\"https:\/\/i0.wp.com\/politicosaldesnudo.com.mx\/wp-content\/uploads\/2025\/04\/WhatsApp-Image-2025-04-04-at-17.17.07-1-1024x576.jpeg?resize=800%2C450&#038;ssl=1\" alt=\"\" width=\"800\" height=\"450\" srcset=\"https:\/\/i0.wp.com\/politicosaldesnudo.com.mx\/wp-content\/uploads\/2025\/04\/WhatsApp-Image-2025-04-04-at-17.17.07-1.jpeg?resize=1024%2C576&amp;ssl=1 1024w, https:\/\/i0.wp.com\/politicosaldesnudo.com.mx\/wp-content\/uploads\/2025\/04\/WhatsApp-Image-2025-04-04-at-17.17.07-1.jpeg?resize=300%2C169&amp;ssl=1 300w, https:\/\/i0.wp.com\/politicosaldesnudo.com.mx\/wp-content\/uploads\/2025\/04\/WhatsApp-Image-2025-04-04-at-17.17.07-1.jpeg?resize=768%2C432&amp;ssl=1 768w, https:\/\/i0.wp.com\/politicosaldesnudo.com.mx\/wp-content\/uploads\/2025\/04\/WhatsApp-Image-2025-04-04-at-17.17.07-1.jpeg?resize=1536%2C864&amp;ssl=1 1536w, https:\/\/i0.wp.com\/politicosaldesnudo.com.mx\/wp-content\/uploads\/2025\/04\/WhatsApp-Image-2025-04-04-at-17.17.07-1.jpeg?w=1600&amp;ssl=1 1600w\" sizes=\"auto, (max-width: 800px) 100vw, 800px\" \/><\/p>\n<p>Se\u00f1al\u00f3 que bandas y comparsas del norte y centro del estado, as\u00ed como de Puebla, Hidalgo, Tamaulipas y Morelos ya confirmaron su participaci\u00f3n.<\/p>\n<p>Fomperoza Torres agradeci\u00f3 a las y los candidatos que se han registrado para formar parte de la Corte Real, y felicit\u00f3 al Comit\u00e9 de Carnaval por la organizaci\u00f3n y el trabajo realizado.<\/p>\n<p>Por \u00faltimo, invit\u00f3 a todos a la edici\u00f3n 128 de estas fiestas carnestolendas: \u201cDel 1 al 5 de mayo estaremos viviendo un Carnaval lleno de m\u00fasica, baile, ritmos y sana diversi\u00f3n. \u00a1No hay duda de que ser\u00e1 todo un \u00e9xito!\u201d.<\/p>\n<p>Los conciertos masivos que se realizar\u00e1n de manera gratuita en el Estadio \u00c1lvaro Lorenzo Fern\u00e1ndez, de la Unidad Deportiva, son:<\/p>\n<p>Jueves 1 de mayo. \u2013 Al finalizar la Quema del Mal Humor y la coronaci\u00f3n de la Corte Real, se presentar\u00e1 la reconocida cantante Mar\u00eda Jos\u00e9.<br \/>\nVienes 2 de mayo. \u2013 Al t\u00e9rmino del primer paseo de Carnaval podremos disfrutar al ritmo de cumbia con el Grupo Ca\u00f1averal.<br \/>\nS\u00e1bado 3 de mayo. \u2013 Luego del segundo paseo de Carnaval se presentar\u00e1 el cantante Yahir.<br \/>\nDomingo 4 de mayo. \u2013 Despu\u00e9s el tercer paseo de carnaval, La Original Banda El Lim\u00f3n, de Salvador Liz\u00e1rraga amenizar\u00e1 la noche.<br \/>\nLunes 5 de mayo. \u2013 Posterior al entierro de Juan Carnaval, y para cerrar con broche de oro, se presentar\u00e1 la artista de talla internacional Natalia Jim\u00e9nez.<\/p>\n<p>Adem\u00e1s, durante los paseos del carnaval, en carros aleg\u00f3ricos estar\u00e1n presentes Wendy Guevara el s\u00e1bado 3 de mayo y Nicola Porcella el domingo 4 de mayo.<\/p>\n","protected":false},"excerpt":{"rendered":"<p>Tuxpan, Ver., 4 de abril de 2025.- El alcalde Dr. Jes\u00fas Fomperoza Torres y el Comit\u00e9 del Carnaval Tuxpan 2025<\/p>\n","protected":false},"author":4,"featured_media":60308,"comment_status":"closed","ping_status":"closed","sticky":false,"template":"","format":"standard","meta":{"colormag_page_container_layout":"default_layout","colormag_page_sidebar_layout":"default_layout","_jetpack_memberships_contains_paid_content":false,"footnotes":"","jetpack_publicize_message":"","jetpack_publicize_feature_enabled":true,"jetpack_social_post_already_shared":false,"jetpack_social_options":{"image_generator_settings":{"template":"highway","default_image_id":0,"font":"","enabled":false},"version":2}},"categories":[3205,1082],"tags":[],"class_list":["post-60304","post","type-post","status-publish","format-standard","has-post-thumbnail","hentry","category-gobierno-tuxpan","category-tuxpan"],"jetpack_publicize_connections":[],"jetpack_featured_media_url":"https:\/\/i0.wp.com\/politicosaldesnudo.com.mx\/wp-content\/uploads\/2025\/04\/WhatsApp-Image-2025-04-04-at-17.17.07-2.jpeg?fit=1600%2C900&ssl=1","jetpack-related-posts":[],"jetpack_sharing_enabled":true,"_links":{"self":[{"href":"https:\/\/politicosaldesnudo.com.mx\/index.php\/wp-json\/wp\/v2\/posts\/60304","targetHints":{"allow":["GET"]}}],"collection":[{"href":"https:\/\/politicosaldesnudo.com.mx\/index.php\/wp-json\/wp\/v2\/posts"}],"about":[{"href":"https:\/\/politicosaldesnudo.com.mx\/index.php\/wp-json\/wp\/v2\/types\/post"}],"author":[{"embeddable":true,"href":"https:\/\/politicosaldesnudo.com.mx\/index.php\/wp-json\/wp\/v2\/users\/4"}],"replies":[{"embeddable":true,"href":"https:\/\/politicosaldesnudo.com.mx\/index.php\/wp-json\/wp\/v2\/comments?post=60304"}],"version-history":[{"count":0,"href":"https:\/\/politicosaldesnudo.com.mx\/index.php\/wp-json\/wp\/v2\/posts\/60304\/revisions"}],"wp:featuredmedia":[{"embeddable":true,"href":"https:\/\/politicosaldesnudo.com.mx\/index.php\/wp-json\/wp\/v2\/media\/60308"}],"wp:attachment":[{"href":"https:\/\/politicosaldesnudo.com.mx\/index.php\/wp-json\/wp\/v2\/media?parent=60304"}],"wp:term":[{"taxonomy":"category","embeddable":true,"href":"https:\/\/politicosaldesnudo.com.mx\/index.php\/wp-json\/wp\/v2\/categories?post=60304"},{"taxonomy":"post_tag","embeddable":true,"href":"https:\/\/politicosaldesnudo.com.mx\/index.php\/wp-json\/wp\/v2\/tags?post=60304"}],"curies":[{"name":"wp","href":"https:\/\/api.w.org\/{rel}","templated":true}]}}