{"id":60331,"date":"2025-04-05T00:08:48","date_gmt":"2025-04-05T06:08:48","guid":{"rendered":"https:\/\/politicosaldesnudo.com.mx\/?p=60331"},"modified":"2025-04-04T21:30:05","modified_gmt":"2025-04-05T03:30:05","slug":"gobierno-federal-invertira-54-mil-mdp-para-autosuficiencia-alimentaria","status":"publish","type":"post","link":"https:\/\/politicosaldesnudo.com.mx\/index.php\/2025\/04\/05\/gobierno-federal-invertira-54-mil-mdp-para-autosuficiencia-alimentaria\/","title":{"rendered":"Gobierno federal invertir\u00e1 54 mil mdp para autosuficiencia alimentaria"},"content":{"rendered":"<p>El gobierno federal invertir\u00e1 este a\u00f1o 54 mil millones de pesos para\u00a0\u00a0aumentar la soberan\u00eda y la autosuficiencia alimentaria -el primer punto del fortalecimiento del Plan M\u00e9xico, dado ayer a conocer por la presidenta &#8211; y llegar a 84 mil millones de pesos al final del sexenio.<\/p>\n<p>Adem\u00e1s de aumentar la producci\u00f3n de ma\u00edz blanco, frijol, arroz y leche, la presidenta Claudia Sheinbaum Pardo inform\u00f3 que este s\u00e1bado iniciar\u00e1 en Michoac\u00e1n el programa Cosechando Soberan\u00eda, para\u00a0\u00a0otorgar cr\u00e9ditos a peque\u00f1os y medianos productores, con una tasa de inter\u00e9s de 9 por ciento.<\/p>\n<p>En una amplia exposici\u00f3n en la ma\u00f1anera del pueblo, Julio Berdegu\u00e9 , secretario de Agricultura y Desarrollo Rural detall\u00f3 que se apoyar\u00e1 como a 300 mil productores\u00a0\u00a0peque\u00f1os y medianos, hasta llegar,\u00a0\u00a0al final del sexenio, a 750 mil, para lo cual se ha\u00a0\u00a0identificado los municipios donde se encuentran (mil 184).<\/p>\n<p>La presidenta explic\u00f3 que se trata del primero de los 18 puntos que ayer present\u00f3 para \u201cdarle velocidad al Plan M\u00e9xico\u00a0\u00a0para la econom\u00eda y el bienestar de nuestro pa\u00eds\u201d.<\/p>\n<p>Julio Berdegu\u00e9, secretario de Agricultura y Desarrollo Rural se\u00f1al\u00f3 que las metas son ambiciosas, \u201cpero son posibles de lograr porque vamos a hacer bien las cosas\u201d.<\/p>\n<p>Indic\u00f3 que para garantizar la soberan\u00eda alimentaria y el derecho constitucional a la alimentaci\u00f3n adem\u00e1s de Cosechando Soberan\u00eda,\u00a0 se aumentar\u00e1 la producci\u00f3n nacional de alimentos para el abasto nacional, se cuenta con programas, de los cuales destac\u00f3 cinco:\u00a0\u00a0adem\u00e1s de Cosechando Soberan\u00eda,\u00a0\u00a0Alimentaci\u00f3n para el Bienestar, Liconsa, Fertilizantes para el Bienestar y Producci\u00f3n para el Bienestar.<\/p>\n<p>Explic\u00f3 que aumentar\u00e1 17 por ciento la producci\u00f3n de ma\u00edz blanco, para llegar a\u00a0\u00a025 millones de toneladas en 2030. \u201cEso nos da mucha tranquilidad, ya qu\u00e9 vamos a seguir siendo autosuficientes en ma\u00edz blanco\u201d.<\/p>\n<p>Precis\u00f3 que el ma\u00edz blanco\u00a0\u00a0ya est\u00e1 constitucionalmente\u00a0\u00a0protegido y \u201cno se siembran m\u00e1s transg\u00e9nicos en M\u00e9xico\u201d.<\/p>\n<p>El esfuerzo se concentrar\u00e1 en\u00a0\u00a0Chiapas, Veracruz Campeche, Oaxaca, Guerrero, Tabasco, Yucat\u00e1n y Morelos, lo mismo para el frijol.<\/p>\n<p>Para esta semilla se trata de recuperar el cien por ciento de\u00a0\u00a0autosuficiencia, logrando un mill\u00f3n 200 mil\u00a0\u00a0toneladas de producci\u00f3n nacional; en arroz, \u201cque realmente se nos desplom\u00f3 en los \u00faltimos a\u00f1os de\u00a0\u00a0gobiernos neoliberales\u201d,\u00a0\u00a0se trata de llegar casi\u00a0\u00a0a la mitad de la demanda nacional, alcanzando 450 mil toneladas, lo que implica duplicar la producci\u00f3n de hoy.<\/p>\n<p>Sobre la leche, se aumentar\u00e1 la producci\u00f3n\u00a0\u00a015 por ciento para llegar a 15 mil millones de litros, por lo Liconsa aumentar\u00e1 el nivel de compra de este producto en 89 por ciento.<\/p>\n<p>Indic\u00f3 que la presidenta est\u00e1 por firmar el\u00a0\u00a0decreto para la creaci\u00f3n de Productora de Semillas del Bienestar, que se ubicar\u00e1 en Zacatecas, en las antiguas instalaciones del Pronase.<\/p>\n<p>Berdegu\u00e9 indic\u00f3 que tambi\u00e9n se resolver\u00e1n problemas de comercializaci\u00f3n con cr\u00e9ditos que incluyen seguros para los productores, a trav\u00e9s de Cosechando Soberan\u00eda, con tasa de inter\u00e9s\u00a0\u00a050 por ciento menor a la bancaria.<\/p>\n<p>Tambi\u00e9n dar\u00e1 acompa\u00f1amiento t\u00e9cnico agr\u00edcola, investigaci\u00f3n\u00a0\u00a0y sanidad animal y vegetal, as\u00ed como semilla de alta calidad<\/p>\n<p>\u201cVamos a aumentar la soberan\u00eda y la autosuficiencia alimentaria de la naci\u00f3n, lo vamos a hacer con las peque\u00f1as y los peque\u00f1os productores de M\u00e9xico. Es perfectamente posible hacerlo de buena manera, con los apoyos. Arrancamos con casi 54 mil millones de pesos, que ya\u00a0\u00a0est\u00e1n siendo trabajados,\u00a0\u00a0y vamos a llegar a casi 84 mil millones\u201d, sostuvo Berdegu\u00e9.<\/p>\n<p>La presidenta detall\u00f3 que los\u00a0\u00a0programa de producci\u00f3n para el bienestar y fertilizantes para el bienestar van para alrededor de 2 millones de peque\u00f1os productores; y en caso de Cosechando Soberan\u00eda, \u201cque son cr\u00e9ditos a baja tasa de inter\u00e9s\u201d , que\u00a0\u00a0tienen seguros por si hay alg\u00fan problema clim\u00e1tico y tambi\u00e9n garantizando, a trav\u00e9s de Sader, \u201cque puedan tener un mercado justo. Es decir,\u00a0\u00a0que quien compra ma\u00edz, frijol, no va a tener que ir a trav\u00e9s del intermediario\u201d.<\/p>\n<p>Al resaltar que los apoyos son particularmente para los productores\u00a0\u00a0m\u00e1s marginados, la presidenta indic\u00f3 que se est\u00e1n haciendo acuerdos directos productor -comercializador, para disminuir intermediarios\u00a0\u00a0y tener mejor precio. \u201cLas grandes harineros est\u00e1n sentadas en una mesa en Sader para que pueden comprar directamente\u00a0\u00a0con el productor, igual con nixtamaleras.<\/p>\n","protected":false},"excerpt":{"rendered":"<p>El gobierno federal invertir\u00e1 este a\u00f1o 54 mil millones de pesos para\u00a0\u00a0aumentar la soberan\u00eda y la autosuficiencia alimentaria -el primer<\/p>\n","protected":false},"author":4,"featured_media":60332,"comment_status":"closed","ping_status":"closed","sticky":false,"template":"","format":"standard","meta":{"colormag_page_container_layout":"default_layout","colormag_page_sidebar_layout":"default_layout","_jetpack_memberships_contains_paid_content":false,"footnotes":"","jetpack_publicize_message":"","jetpack_publicize_feature_enabled":true,"jetpack_social_post_already_shared":false,"jetpack_social_options":{"image_generator_settings":{"template":"highway","default_image_id":0,"font":"","enabled":false},"version":2}},"categories":[33],"tags":[],"class_list":["post-60331","post","type-post","status-publish","format-standard","has-post-thumbnail","hentry","category-nacional"],"jetpack_publicize_connections":[],"jetpack_featured_media_url":"https:\/\/i0.wp.com\/politicosaldesnudo.com.mx\/wp-content\/uploads\/2025\/04\/503591911.jpg?fit=800%2C500&ssl=1","jetpack-related-posts":[],"jetpack_sharing_enabled":true,"_links":{"self":[{"href":"https:\/\/politicosaldesnudo.com.mx\/index.php\/wp-json\/wp\/v2\/posts\/60331","targetHints":{"allow":["GET"]}}],"collection":[{"href":"https:\/\/politicosaldesnudo.com.mx\/index.php\/wp-json\/wp\/v2\/posts"}],"about":[{"href":"https:\/\/politicosaldesnudo.com.mx\/index.php\/wp-json\/wp\/v2\/types\/post"}],"author":[{"embeddable":true,"href":"https:\/\/politicosaldesnudo.com.mx\/index.php\/wp-json\/wp\/v2\/users\/4"}],"replies":[{"embeddable":true,"href":"https:\/\/politicosaldesnudo.com.mx\/index.php\/wp-json\/wp\/v2\/comments?post=60331"}],"version-history":[{"count":0,"href":"https:\/\/politicosaldesnudo.com.mx\/index.php\/wp-json\/wp\/v2\/posts\/60331\/revisions"}],"wp:featuredmedia":[{"embeddable":true,"href":"https:\/\/politicosaldesnudo.com.mx\/index.php\/wp-json\/wp\/v2\/media\/60332"}],"wp:attachment":[{"href":"https:\/\/politicosaldesnudo.com.mx\/index.php\/wp-json\/wp\/v2\/media?parent=60331"}],"wp:term":[{"taxonomy":"category","embeddable":true,"href":"https:\/\/politicosaldesnudo.com.mx\/index.php\/wp-json\/wp\/v2\/categories?post=60331"},{"taxonomy":"post_tag","embeddable":true,"href":"https:\/\/politicosaldesnudo.com.mx\/index.php\/wp-json\/wp\/v2\/tags?post=60331"}],"curies":[{"name":"wp","href":"https:\/\/api.w.org\/{rel}","templated":true}]}}