{"id":60343,"date":"2025-04-05T00:12:25","date_gmt":"2025-04-05T06:12:25","guid":{"rendered":"https:\/\/politicosaldesnudo.com.mx\/?p=60343"},"modified":"2025-04-04T21:39:29","modified_gmt":"2025-04-05T03:39:29","slug":"invita-el-sat-a-hacer-declaracion-anual","status":"publish","type":"post","link":"https:\/\/politicosaldesnudo.com.mx\/index.php\/2025\/04\/05\/invita-el-sat-a-hacer-declaracion-anual\/","title":{"rendered":"Invita el SAT a hacer declaraci\u00f3n anual"},"content":{"rendered":"<p class=\"nota-justify\">El Servicio de Administraci\u00f3n Tributaria (SAT) invit\u00f3 a los contribuyentes a realizar su Declaraci\u00f3n Anual correspondiente al ejercicio fiscal 2024.<\/p>\n<p class=\"nota-justify\">La autoridad record\u00f3 a las y los contribuyentes que el periodo para presentar la Declaraci\u00f3n Anual de personas es del 1 al 30 de abril.<\/p>\n<p class=\"nota-justify\">El SAT indic\u00f3 que optimiz\u00f3 una serie de formularios para que las personas presenten su declaraci\u00f3n.<\/p>\n<p class=\"nota-justify\">Para quienes tributan en el R\u00e9gimen Simplificado de Confianza (RESICO), se cuenta con informaci\u00f3n precargada de pagos mensuales en los apartados de ingresos, devoluciones, descuentos y bonificaciones, impuesto sobre la renta (ISR) retenido por personas morales y pagos mensuales efectuados durante el ejercicio.<\/p>\n<p class=\"nota-justify\">Para las personas que regresaron a tributar al RESICO, del R\u00e9gimen de Actividad Empresarial y Servicios Profesionales y Arrendamiento, se cre\u00f3 un campo para acreditar los pagos que hayan realizado bajo el r\u00e9gimen correspondiente.<\/p>\n<p class=\"nota-justify\">En tanto, para los ingresos por el R\u00e9gimen de Arrendamiento se incluy\u00f3 un campo para acreditar el ISR retenido por Fideicomisos de Inversi\u00f3n en Bienes Ra\u00edces (FIBRAS).<\/p>\n<p class=\"nota-justify\">El SAT se\u00f1al\u00f3 que en los datos de n\u00f3mina se incorpor\u00f3 un apartado para detallar, por r\u00e9gimen, el monto de los Sueldos, salarios y asimilados deducibles, as\u00ed como la Participaci\u00f3n de los Trabajadores en las Utilidades.<\/p>\n<p class=\"nota-justify\">A su vez, en\u00a0 la secci\u00f3n \u201cPago\u201d se optimiz\u00f3 el campo \u201cMonto pagado con anterioridad\u201d, ahora se muestra precargado el monto de la primera parcialidad al elegir la opci\u00f3n de pago en parcialidades del ISR a cargo.<\/p>\n<p class=\"nota-justify\">Y adicionalmente, se pueden registrar las parcialidades subsecuentes en el mismo campo, se\u00f1alando la l\u00ednea de captura, el monto pagado y la fecha del mismo.<\/p>\n<p class=\"nota-justify\">El SAT agreg\u00f3 que para aquellos contribuyentes que, como resultado de la presentaci\u00f3n de la Declaraci\u00f3n Anual se determine impuesto a pagar, tendr\u00e1n la opci\u00f3n de hacerlo hasta en seis parcialidades, siempre y cuando realicen la declaraci\u00f3n en tiempo y forma dentro del plazo legal establecido (abril de 2025) y el pago de la primera parcialidad se haga dentro de dicho periodo.<\/p>\n","protected":false},"excerpt":{"rendered":"<p>El Servicio de Administraci\u00f3n Tributaria (SAT) invit\u00f3 a los contribuyentes a realizar su Declaraci\u00f3n Anual correspondiente al ejercicio fiscal 2024.<\/p>\n","protected":false},"author":4,"featured_media":60344,"comment_status":"closed","ping_status":"closed","sticky":false,"template":"","format":"standard","meta":{"colormag_page_container_layout":"default_layout","colormag_page_sidebar_layout":"default_layout","_jetpack_memberships_contains_paid_content":false,"footnotes":"","jetpack_publicize_message":"","jetpack_publicize_feature_enabled":true,"jetpack_social_post_already_shared":false,"jetpack_social_options":{"image_generator_settings":{"template":"highway","default_image_id":0,"font":"","enabled":false},"version":2}},"categories":[2050],"tags":[],"class_list":["post-60343","post","type-post","status-publish","format-standard","has-post-thumbnail","hentry","category-economia"],"jetpack_publicize_connections":[],"jetpack_featured_media_url":"https:\/\/i0.wp.com\/politicosaldesnudo.com.mx\/wp-content\/uploads\/2025\/04\/SAT.jpg?fit=960%2C640&ssl=1","jetpack-related-posts":[],"jetpack_sharing_enabled":true,"_links":{"self":[{"href":"https:\/\/politicosaldesnudo.com.mx\/index.php\/wp-json\/wp\/v2\/posts\/60343","targetHints":{"allow":["GET"]}}],"collection":[{"href":"https:\/\/politicosaldesnudo.com.mx\/index.php\/wp-json\/wp\/v2\/posts"}],"about":[{"href":"https:\/\/politicosaldesnudo.com.mx\/index.php\/wp-json\/wp\/v2\/types\/post"}],"author":[{"embeddable":true,"href":"https:\/\/politicosaldesnudo.com.mx\/index.php\/wp-json\/wp\/v2\/users\/4"}],"replies":[{"embeddable":true,"href":"https:\/\/politicosaldesnudo.com.mx\/index.php\/wp-json\/wp\/v2\/comments?post=60343"}],"version-history":[{"count":0,"href":"https:\/\/politicosaldesnudo.com.mx\/index.php\/wp-json\/wp\/v2\/posts\/60343\/revisions"}],"wp:featuredmedia":[{"embeddable":true,"href":"https:\/\/politicosaldesnudo.com.mx\/index.php\/wp-json\/wp\/v2\/media\/60344"}],"wp:attachment":[{"href":"https:\/\/politicosaldesnudo.com.mx\/index.php\/wp-json\/wp\/v2\/media?parent=60343"}],"wp:term":[{"taxonomy":"category","embeddable":true,"href":"https:\/\/politicosaldesnudo.com.mx\/index.php\/wp-json\/wp\/v2\/categories?post=60343"},{"taxonomy":"post_tag","embeddable":true,"href":"https:\/\/politicosaldesnudo.com.mx\/index.php\/wp-json\/wp\/v2\/tags?post=60343"}],"curies":[{"name":"wp","href":"https:\/\/api.w.org\/{rel}","templated":true}]}}