{"id":60372,"date":"2025-04-06T20:47:33","date_gmt":"2025-04-07T02:47:33","guid":{"rendered":"https:\/\/politicosaldesnudo.com.mx\/?p=60372"},"modified":"2025-04-06T20:47:33","modified_gmt":"2025-04-07T02:47:33","slug":"la-falaz-version-de-un-morena-en-conflicto","status":"publish","type":"post","link":"https:\/\/politicosaldesnudo.com.mx\/index.php\/2025\/04\/06\/la-falaz-version-de-un-morena-en-conflicto\/","title":{"rendered":"La falaz versi\u00f3n de un Morena en conflicto"},"content":{"rendered":"<p style=\"font-weight: 400;\"><em>\u201cEl castigo del embustero es no ser cre\u00eddo a\u00fan cuando diga la verdad.\u201d \u2013 Arist\u00f3teles.<\/em><\/p>\n<p style=\"font-weight: 400;\"><strong>\u00a0<\/strong><\/p>\n<p style=\"font-weight: 400;\"><strong>Veracruz se enfrenta a un panorama pol\u00edtico cada vez m\u00e1s complicado de cara a la renovaci\u00f3n de las 212 alcald\u00edas. El partido Morena, actualmente en el poder tanto a nivel federal como estatal, se encuentra en una encrucijada que podr\u00eda definir su futuro en el estado. En medio de acusaciones de corrupci\u00f3n y desv\u00edo de recursos, algunos analistas, periodistas y opositores al r\u00e9gimen han comenzado a pintar un escenario pesimista para el partido que lidera la gobernadora Roc\u00edo Nahle Garc\u00eda a trav\u00e9s de Esteban Ram\u00edrez Zepeta.<\/strong><\/p>\n<p style=\"font-weight: 400;\"><strong>La reciente salida de varios miembros del gabinete de Cuitl\u00e1huac Garc\u00eda Jim\u00e9nez, el anterior gobernador de Veracruz, ha generado dudas sobre la solidez del proyecto morenista en el estado. Nombres como Eric Patrocinio Cisneros Burgos y Manuel Huerta Ladr\u00f3n de Guevara han sido se\u00f1alados en distintos medios por presuntos actos de corrupci\u00f3n, principalmente en relaci\u00f3n con un desv\u00edo millonario de recursos p\u00fablicos que ascender\u00eda a cerca de 5 mil millones de pesos. Estos esc\u00e1ndalos han alimentado la percepci\u00f3n de que el gobierno de Morena no ha cumplido con las expectativas de la ciudadan\u00eda, y que sus l\u00edderes no est\u00e1n ajenos a pr\u00e1cticas que han sido condenadas en otras administraciones.<\/strong><\/p>\n<p style=\"font-weight: 400;\"><strong>Para muchos de los opositores, el verdadero reto para Morena radica en la aparici\u00f3n de nuevas alianzas entre antiguos enemigos. En particular, se menciona la posibilidad de un pacto entre figuras cercanas al exgobernador Miguel \u00c1ngel Yunes y miembros del actual gabinete morenista. Este supuesto pacto buscar\u00eda hacer tambalear la estructura del gobierno de Roc\u00edo Nahle, quien ha encabezado un proyecto de \u201ctransformaci\u00f3n\u201d que, para algunos, ya muestra signos de desgaste. Esta percepci\u00f3n no es menor, pues los Yunes, como ex gobernantes y una de las fuerzas pol\u00edticas m\u00e1s poderosas en Veracruz, han demostrado en el pasado su capacidad para movilizar a la opini\u00f3n p\u00fablica y disputar el control de las alcald\u00edas.<\/strong><\/p>\n<p style=\"font-weight: 400;\"><strong>Sin embargo, el panorama no es tan sombr\u00edo para Morena. A pesar de los cuestionamientos, existen figuras cercanas a la actual gobernadora que han logrado consolidar una base pol\u00edtica s\u00f3lida en el estado. Esteban Ram\u00edrez Zepeta, actual dirigente estatal del partido, y Juan Javier G\u00f3mez Cazar\u00edn, presidente de la Junta de Coordinaci\u00f3n Pol\u00edtica del Congreso Local, son dos de los personajes clave que han apoyado el proceso de transformaci\u00f3n del estado. Estos l\u00edderes han logrado articular una serie de acciones y alianzas que buscan dar respuesta a las necesidades de la poblaci\u00f3n veracruzana, mientras enfrentan los embates de quienes pretenden desacreditar su gesti\u00f3n.<\/strong><\/p>\n<p style=\"font-weight: 400;\"><strong>Sin embargo, tambi\u00e9n se se\u00f1ala que algunos actores de Morena han utilizado su influencia para tratar de favorecerse personalmente a trav\u00e9s de instituciones como el ORFIS (Organismo de Fiscalizaci\u00f3n Superior), en donde, seg\u00fan algunos periodistas, existir\u00edan presuntos negocios que beneficiar\u00edan a ciertos ediles bajo investigaci\u00f3n por el manejo opaco de recursos p\u00fablicos. Estas acusaciones, si bien no confirmadas, siguen alimentando la idea de que Morena en Veracruz podr\u00eda estar repitiendo pr\u00e1cticas de opacidad que tanto criticaron en administraciones anteriores.<\/strong><\/p>\n<p style=\"font-weight: 400;\"><strong>En resumen, el escenario electoral en Veracruz es incierto. Mientras algunos se aferran a la narrativa del fracaso y la corrupci\u00f3n, otros conf\u00edan en que la administraci\u00f3n de Roc\u00edo Nahle y su equipo puedan llevar a cabo la transformaci\u00f3n prometida. Lo \u00fanico claro es que, en las semanas previas a la renovaci\u00f3n de las alcald\u00edas, el conflicto y las acusaciones seguir\u00e1n marcando la pauta del debate pol\u00edtico en el estado.<\/strong><\/p>\n<p style=\"font-weight: 400;\"><strong>\u00a0<\/strong><\/p>\n<p style=\"font-weight: 400;\"><strong>Al tiempo.<\/strong><\/p>\n<p><img data-recalc-dims=\"1\" loading=\"lazy\" decoding=\"async\" class=\"aligncenter size-full wp-image-60128\" src=\"https:\/\/i0.wp.com\/politicosaldesnudo.com.mx\/wp-content\/uploads\/2025\/04\/FIRMA-EDITORIAL-PD.jpg?resize=800%2C98&#038;ssl=1\" alt=\"\" width=\"800\" height=\"98\" srcset=\"https:\/\/i0.wp.com\/politicosaldesnudo.com.mx\/wp-content\/uploads\/2025\/04\/FIRMA-EDITORIAL-PD.jpg?w=1024&amp;ssl=1 1024w, https:\/\/i0.wp.com\/politicosaldesnudo.com.mx\/wp-content\/uploads\/2025\/04\/FIRMA-EDITORIAL-PD.jpg?resize=300%2C37&amp;ssl=1 300w, https:\/\/i0.wp.com\/politicosaldesnudo.com.mx\/wp-content\/uploads\/2025\/04\/FIRMA-EDITORIAL-PD.jpg?resize=768%2C94&amp;ssl=1 768w\" sizes=\"auto, (max-width: 800px) 100vw, 800px\" \/><\/p>\n","protected":false},"excerpt":{"rendered":"<p>\u201cEl castigo del embustero es no ser cre\u00eddo a\u00fan cuando diga la verdad.\u201d \u2013 Arist\u00f3teles. \u00a0 Veracruz se enfrenta a<\/p>\n","protected":false},"author":4,"featured_media":36965,"comment_status":"closed","ping_status":"closed","sticky":false,"template":"","format":"standard","meta":{"colormag_page_container_layout":"default_layout","colormag_page_sidebar_layout":"default_layout","_jetpack_memberships_contains_paid_content":false,"footnotes":"","jetpack_publicize_message":"","jetpack_publicize_feature_enabled":true,"jetpack_social_post_already_shared":false,"jetpack_social_options":{"image_generator_settings":{"template":"highway","default_image_id":0,"font":"","enabled":false},"version":2}},"categories":[26],"tags":[],"class_list":["post-60372","post","type-post","status-publish","format-standard","has-post-thumbnail","hentry","category-columnistas"],"jetpack_publicize_connections":[],"jetpack_featured_media_url":"https:\/\/i0.wp.com\/politicosaldesnudo.com.mx\/wp-content\/uploads\/2024\/05\/LUIS-RAMIREZ-BAQUEIRO.jpg?fit=800%2C445&ssl=1","jetpack-related-posts":[],"jetpack_sharing_enabled":true,"_links":{"self":[{"href":"https:\/\/politicosaldesnudo.com.mx\/index.php\/wp-json\/wp\/v2\/posts\/60372","targetHints":{"allow":["GET"]}}],"collection":[{"href":"https:\/\/politicosaldesnudo.com.mx\/index.php\/wp-json\/wp\/v2\/posts"}],"about":[{"href":"https:\/\/politicosaldesnudo.com.mx\/index.php\/wp-json\/wp\/v2\/types\/post"}],"author":[{"embeddable":true,"href":"https:\/\/politicosaldesnudo.com.mx\/index.php\/wp-json\/wp\/v2\/users\/4"}],"replies":[{"embeddable":true,"href":"https:\/\/politicosaldesnudo.com.mx\/index.php\/wp-json\/wp\/v2\/comments?post=60372"}],"version-history":[{"count":0,"href":"https:\/\/politicosaldesnudo.com.mx\/index.php\/wp-json\/wp\/v2\/posts\/60372\/revisions"}],"wp:featuredmedia":[{"embeddable":true,"href":"https:\/\/politicosaldesnudo.com.mx\/index.php\/wp-json\/wp\/v2\/media\/36965"}],"wp:attachment":[{"href":"https:\/\/politicosaldesnudo.com.mx\/index.php\/wp-json\/wp\/v2\/media?parent=60372"}],"wp:term":[{"taxonomy":"category","embeddable":true,"href":"https:\/\/politicosaldesnudo.com.mx\/index.php\/wp-json\/wp\/v2\/categories?post=60372"},{"taxonomy":"post_tag","embeddable":true,"href":"https:\/\/politicosaldesnudo.com.mx\/index.php\/wp-json\/wp\/v2\/tags?post=60372"}],"curies":[{"name":"wp","href":"https:\/\/api.w.org\/{rel}","templated":true}]}}