{"id":60382,"date":"2025-04-07T00:03:05","date_gmt":"2025-04-07T06:03:05","guid":{"rendered":"https:\/\/politicosaldesnudo.com.mx\/?p=60382"},"modified":"2025-04-06T21:15:40","modified_gmt":"2025-04-07T03:15:40","slug":"canaco-suspende-participacion-en-el-cce","status":"publish","type":"post","link":"https:\/\/politicosaldesnudo.com.mx\/index.php\/2025\/04\/07\/canaco-suspende-participacion-en-el-cce\/","title":{"rendered":"Canaco suspende participaci\u00f3n en el CCE"},"content":{"rendered":"<p>Por algunos desacuerdos y diversos puntos de vista, la C\u00e1mara Nacional de Comercio suspendi\u00f3 su participaci\u00f3n dentro del Consejo Coordinador Empresarial; CCE, a nivel nacional, al parecerles preocupante que en un momento donde el pa\u00eds requiere unidad y colaboraci\u00f3n, recurran a la exclusi\u00f3n en lugar del di\u00e1logo, puesto que los empresarios aseguran que el desarrollo econ\u00f3mico no debe estar<\/p>\n<p>Sujeto a intereses particulares ni decisiones apresuradas que afecten a millones de empresas y trabajadores.<\/p>\n<p>El Presidente de Canaco a nivel Local Ra\u00fal Patillo Blanco, se\u00f1al\u00f3 que el respaldo a las decisiones de la c\u00e1mara a nivel nacional es total, al ser un organismo con m\u00e1s de 100 a\u00f1os de historia, representando<\/p>\n<p>Leg\u00edtimamente a millones de empresas en M\u00e9xico, toda vez que el pa\u00eds necesita espacios empresariales transparentes, modernos y comprometidos con el desarrollo sostenible.<\/p>\n<p>Como c\u00e1mara local exhortan a que todas las decisiones en el sector empresarial se tomen con Responsabilidad, escuchando todas las voces y priorizando el bienestar de la econom\u00eda Nacional, unidos en acciones positivas, con unidad, inclusi\u00f3n y compromiso.<\/p>\n<p>Agreg\u00f3 que es necesario que se implemente en favor del desarrollo comercial, la innovaci\u00f3n empresarial y la reactivaci\u00f3n econ\u00f3mica del pa\u00eds, asimismo, reafirmaron su disposici\u00f3n de colaborar activamente en iniciativas que fortalezcan a la comunidad empresarial local.<\/p>\n<p>\u201cDesde nuestra c\u00e1mara local, mantenemos un firme compromiso con los principios de unidad, cooperaci\u00f3n y trabajo conjunto para impulsar el crecimiento del sector en beneficio de los empresarios, emprendedores y la sociedad en general\u201d, se\u00f1al\u00f3.<\/p>\n<p>Este respaldo se produce en un momento crucial, donde la unidad del sector empresarial es fundamental para enfrentar los desaf\u00edos econ\u00f3micos actuales y futuros, por lo que tambi\u00e9n se sumar\u00e1n a otras c\u00e1maras a nivel nacional que han manifestado su apoyo a CONCANACO SERVyTUR en esta decisi\u00f3n.<\/p>\n","protected":false},"excerpt":{"rendered":"<p>Por algunos desacuerdos y diversos puntos de vista, la C\u00e1mara Nacional de Comercio suspendi\u00f3 su participaci\u00f3n dentro del Consejo Coordinador<\/p>\n","protected":false},"author":4,"featured_media":60383,"comment_status":"closed","ping_status":"closed","sticky":false,"template":"","format":"standard","meta":{"colormag_page_container_layout":"default_layout","colormag_page_sidebar_layout":"default_layout","_jetpack_memberships_contains_paid_content":false,"footnotes":"","jetpack_publicize_message":"","jetpack_publicize_feature_enabled":true,"jetpack_social_post_already_shared":false,"jetpack_social_options":{"image_generator_settings":{"template":"highway","default_image_id":0,"font":"","enabled":false},"version":2}},"categories":[1082],"tags":[],"class_list":["post-60382","post","type-post","status-publish","format-standard","has-post-thumbnail","hentry","category-tuxpan"],"jetpack_publicize_connections":[],"jetpack_featured_media_url":"https:\/\/i0.wp.com\/politicosaldesnudo.com.mx\/wp-content\/uploads\/2025\/04\/3b-1.jpg?fit=1440%2C960&ssl=1","jetpack-related-posts":[],"jetpack_sharing_enabled":true,"_links":{"self":[{"href":"https:\/\/politicosaldesnudo.com.mx\/index.php\/wp-json\/wp\/v2\/posts\/60382","targetHints":{"allow":["GET"]}}],"collection":[{"href":"https:\/\/politicosaldesnudo.com.mx\/index.php\/wp-json\/wp\/v2\/posts"}],"about":[{"href":"https:\/\/politicosaldesnudo.com.mx\/index.php\/wp-json\/wp\/v2\/types\/post"}],"author":[{"embeddable":true,"href":"https:\/\/politicosaldesnudo.com.mx\/index.php\/wp-json\/wp\/v2\/users\/4"}],"replies":[{"embeddable":true,"href":"https:\/\/politicosaldesnudo.com.mx\/index.php\/wp-json\/wp\/v2\/comments?post=60382"}],"version-history":[{"count":0,"href":"https:\/\/politicosaldesnudo.com.mx\/index.php\/wp-json\/wp\/v2\/posts\/60382\/revisions"}],"wp:featuredmedia":[{"embeddable":true,"href":"https:\/\/politicosaldesnudo.com.mx\/index.php\/wp-json\/wp\/v2\/media\/60383"}],"wp:attachment":[{"href":"https:\/\/politicosaldesnudo.com.mx\/index.php\/wp-json\/wp\/v2\/media?parent=60382"}],"wp:term":[{"taxonomy":"category","embeddable":true,"href":"https:\/\/politicosaldesnudo.com.mx\/index.php\/wp-json\/wp\/v2\/categories?post=60382"},{"taxonomy":"post_tag","embeddable":true,"href":"https:\/\/politicosaldesnudo.com.mx\/index.php\/wp-json\/wp\/v2\/tags?post=60382"}],"curies":[{"name":"wp","href":"https:\/\/api.w.org\/{rel}","templated":true}]}}