{"id":60391,"date":"2025-04-07T00:06:08","date_gmt":"2025-04-07T06:06:08","guid":{"rendered":"https:\/\/politicosaldesnudo.com.mx\/?p=60391"},"modified":"2025-04-06T21:31:14","modified_gmt":"2025-04-07T03:31:14","slug":"rechaza-mexico-declaraciones-de-comite-de-onu-sobre-desapariciones-forzadas","status":"publish","type":"post","link":"https:\/\/politicosaldesnudo.com.mx\/index.php\/2025\/04\/07\/rechaza-mexico-declaraciones-de-comite-de-onu-sobre-desapariciones-forzadas\/","title":{"rendered":"Rechaza M\u00e9xico declaraciones de Comit\u00e9 de ONU sobre desapariciones forzadas"},"content":{"rendered":"<p>El gobierno de M\u00e9xico rechaz\u00f3 este s\u00e1bado las declaraciones de integrantes del Comit\u00e9 Contra la Desaparici\u00f3n Forzada de la Organizaci\u00f3n de las Naciones Unidas (ONU) entorno a la supuesta pr\u00e1ctica de desaparici\u00f3n forzada por parte del Estado.<\/p>\n<p>El viernes el comit\u00e9 indic\u00f3 que remitir\u00eda al Estado Mexicano una solicitud relacionada con la situaci\u00f3n de desapariciones en el pa\u00eds, con fundamento en el art\u00edculo 34 de la Convenci\u00f3n en la materia, lo que abre la puerta a que si se comprueba el posible contexto generalizado o sistem\u00e1tico de esta pr\u00e1ctica, el tema sea llevado a la Asamblea General de la ONU.<\/p>\n<p>Al respecto, el gobierno de M\u00e9xico afirm\u00f3 en un comunicado que mantiene una cooperaci\u00f3n sostenida con el Comit\u00e9 Contra la Desaparici\u00f3n Forzada en su calidad de Estado parte de la Convenci\u00f3n Internacional para la Protecci\u00f3n de Todas las Personas Contra las Desapariciones Forzadas.<\/p>\n<p>Se\u00f1al\u00f3 que este procedimiento del Comit\u00e9 se da dentro de un proceso de intercambio que mantiene con M\u00e9xico desde 2014, por lo que \u201cel Estado mexicano analizar\u00e1 dicha solicitud una vez que sea recibida, para compartir las acciones y programas que se implementan a nivel nacional para atender y combatir el fen\u00f3meno de las desapariciones en M\u00e9xico\u201d.<\/p>\n<p>Sin embargo, en el documento difundido por las Secretar\u00eda de Relaciones Exteriores y de Gobernaci\u00f3n, el gobierno de M\u00e9xico enfatiz\u00f3 que \u201crechaza las declaraciones de integrantes del Comit\u00e9 entorno a la supuesta pr\u00e1ctica de desaparici\u00f3n forzada por parte del Estado\u201d.<\/p>\n<p>\u201cEl gobierno mexicano no consiente, permite u ordena la desaparici\u00f3n de personas como parte de una pol\u00edtica de Estado\u201d, subrayaron las dependencias aseguraron que M\u00e9xico est\u00e1 comprometido con el respeto irrestricto de los derechos humanos y con la atenci\u00f3n de las causas de la violencia.<\/p>\n<p>Asimismo, agregaron, ha hecho manifiesto su compromiso para combatir este flagelo y ha anunciado la puesta en marcha de acciones contundentes para estos efectos.<\/p>\n<p>Sostuvieron que en apego a sus obligaciones internacionales en materia de derechos humanos, M\u00e9xico seguir\u00e1 atendiendo las solicitudes de informaci\u00f3n que remita el Comit\u00e9, a trav\u00e9s de acciones urgentes, comunicaciones individuales e informes peri\u00f3dicos, a fin de que este cuente con informaci\u00f3n fidedigna sobre el contexto actual en el pa\u00eds.<\/p>\n<p>Lo anterior se hizo del conocimiento de la Oficina en M\u00e9xico del Alto Comisionado para los Derechos Humanos a trav\u00e9s de una nota diplom\u00e1tica y al Comit\u00e9 para la Desaparici\u00f3n Forzada de Naciones Unidas.<\/p>\n","protected":false},"excerpt":{"rendered":"<p>El gobierno de M\u00e9xico rechaz\u00f3 este s\u00e1bado las declaraciones de integrantes del Comit\u00e9 Contra la Desaparici\u00f3n Forzada de la Organizaci\u00f3n<\/p>\n","protected":false},"author":4,"featured_media":60392,"comment_status":"closed","ping_status":"closed","sticky":false,"template":"","format":"standard","meta":{"colormag_page_container_layout":"default_layout","colormag_page_sidebar_layout":"default_layout","_jetpack_memberships_contains_paid_content":false,"footnotes":"","jetpack_publicize_message":"","jetpack_publicize_feature_enabled":true,"jetpack_social_post_already_shared":false,"jetpack_social_options":{"image_generator_settings":{"template":"highway","default_image_id":0,"font":"","enabled":false},"version":2}},"categories":[33],"tags":[],"class_list":["post-60391","post","type-post","status-publish","format-standard","has-post-thumbnail","hentry","category-nacional"],"jetpack_publicize_connections":[],"jetpack_featured_media_url":"https:\/\/i0.wp.com\/politicosaldesnudo.com.mx\/wp-content\/uploads\/2025\/04\/DESA-1.jpg?fit=773%2C512&ssl=1","jetpack-related-posts":[],"jetpack_sharing_enabled":true,"_links":{"self":[{"href":"https:\/\/politicosaldesnudo.com.mx\/index.php\/wp-json\/wp\/v2\/posts\/60391","targetHints":{"allow":["GET"]}}],"collection":[{"href":"https:\/\/politicosaldesnudo.com.mx\/index.php\/wp-json\/wp\/v2\/posts"}],"about":[{"href":"https:\/\/politicosaldesnudo.com.mx\/index.php\/wp-json\/wp\/v2\/types\/post"}],"author":[{"embeddable":true,"href":"https:\/\/politicosaldesnudo.com.mx\/index.php\/wp-json\/wp\/v2\/users\/4"}],"replies":[{"embeddable":true,"href":"https:\/\/politicosaldesnudo.com.mx\/index.php\/wp-json\/wp\/v2\/comments?post=60391"}],"version-history":[{"count":0,"href":"https:\/\/politicosaldesnudo.com.mx\/index.php\/wp-json\/wp\/v2\/posts\/60391\/revisions"}],"wp:featuredmedia":[{"embeddable":true,"href":"https:\/\/politicosaldesnudo.com.mx\/index.php\/wp-json\/wp\/v2\/media\/60392"}],"wp:attachment":[{"href":"https:\/\/politicosaldesnudo.com.mx\/index.php\/wp-json\/wp\/v2\/media?parent=60391"}],"wp:term":[{"taxonomy":"category","embeddable":true,"href":"https:\/\/politicosaldesnudo.com.mx\/index.php\/wp-json\/wp\/v2\/categories?post=60391"},{"taxonomy":"post_tag","embeddable":true,"href":"https:\/\/politicosaldesnudo.com.mx\/index.php\/wp-json\/wp\/v2\/tags?post=60391"}],"curies":[{"name":"wp","href":"https:\/\/api.w.org\/{rel}","templated":true}]}}