{"id":60397,"date":"2025-04-07T00:08:08","date_gmt":"2025-04-07T06:08:08","guid":{"rendered":"https:\/\/politicosaldesnudo.com.mx\/?p=60397"},"modified":"2025-04-06T21:39:17","modified_gmt":"2025-04-07T03:39:17","slug":"dara-imss-atencion-medica-a-nivel-nacional-los-fines-de-semana","status":"publish","type":"post","link":"https:\/\/politicosaldesnudo.com.mx\/index.php\/2025\/04\/07\/dara-imss-atencion-medica-a-nivel-nacional-los-fines-de-semana\/","title":{"rendered":"Dar\u00e1 IMSS atenci\u00f3n m\u00e9dica a nivel nacional los fines de semana"},"content":{"rendered":"<p class=\"nota-justify\">El Instituto Mexicano del Seguro Social (IMSS) aplicar\u00e1 el Programa de Atenci\u00f3n de Unidades M\u00e9dicas de Tiempo Completo a nivel nacional para ampliar la cobertura m\u00e9dica los fines de semana.<\/p>\n<p class=\"nota-justify\">En un comunicado, explic\u00f3 que su primera etapa se trabajar\u00e1 con 219 unidades m\u00e9dicas en 34 \u00d3rganos de Operaci\u00f3n Administrativa Desconcentrada del IMSS, que ofrecen servicios s\u00e1bados y domingos; este mismo a\u00f1o se prev\u00e9 integrar al mismo proyecto otras 181 Unidades de Medicina Familiar para llegar a 400.<\/p>\n<p class=\"nota-justify\">La coordinadora de Programas M\u00e9dicos en el Primer Nivel de Atenci\u00f3n, la doctora, Rosalinda Villegas Navarro, indic\u00f3 que con este plan se busca que la derechohabiencia reciba atenci\u00f3n y servicios m\u00e9dicos integrales y continuos, tales como consultas m\u00e9dicas, de nutrici\u00f3n y de vacunaci\u00f3n, acciones preventivas y atenci\u00f3n estomatol\u00f3gica, servicio de farmacia, entre otros, a trav\u00e9s del uso eficiente de la infraestructura ya existente en las Unidades de Medicina Familiar, con personal de base y directivo.<\/p>\n<p class=\"nota-justify\">Indic\u00f3 que las unidades que participar\u00e1n en esta estrategia tienen sobredemanda y una poblaci\u00f3n adscrita superior a los 2 mil 400 derechohabientes.<\/p>\n<p class=\"nota-justify\">La atenci\u00f3n a los derechohabientes en s\u00e1bado y domingo ser\u00e1 desde las 7:00 a las 10:30 horas, con ello, dijo, se evitar\u00e1 el diferimiento en las consultas que se realizan de lunes a viernes.<\/p>\n<p class=\"nota-justify\">Record\u00f3 que este programa funciona desde el 2020, aunque en hospitales de segundo nivel. En 2022 se otorgaron 996 mil 114 consultas; en 2023 el n\u00famero se ubic\u00f3 en un mill\u00f3n 32 mil 915, mientras que en 2024 la cifra alcanz\u00f3 las 2 millones 846 mil 704 atenciones, lo que indica un incremento de casi 23 por ciento desde al arranque de dicha estrategia en 2022.<\/p>\n","protected":false},"excerpt":{"rendered":"<p>El Instituto Mexicano del Seguro Social (IMSS) aplicar\u00e1 el Programa de Atenci\u00f3n de Unidades M\u00e9dicas de Tiempo Completo a nivel<\/p>\n","protected":false},"author":4,"featured_media":60398,"comment_status":"closed","ping_status":"closed","sticky":false,"template":"","format":"standard","meta":{"colormag_page_container_layout":"default_layout","colormag_page_sidebar_layout":"default_layout","_jetpack_memberships_contains_paid_content":false,"footnotes":"","jetpack_publicize_message":"","jetpack_publicize_feature_enabled":true,"jetpack_social_post_already_shared":false,"jetpack_social_options":{"image_generator_settings":{"template":"highway","default_image_id":0,"font":"","enabled":false},"version":2}},"categories":[33],"tags":[],"class_list":["post-60397","post","type-post","status-publish","format-standard","has-post-thumbnail","hentry","category-nacional"],"jetpack_publicize_connections":[],"jetpack_featured_media_url":"https:\/\/i0.wp.com\/politicosaldesnudo.com.mx\/wp-content\/uploads\/2025\/04\/noticias_20230216073117_2020.jpg?fit=664%2C498&ssl=1","jetpack-related-posts":[],"jetpack_sharing_enabled":true,"_links":{"self":[{"href":"https:\/\/politicosaldesnudo.com.mx\/index.php\/wp-json\/wp\/v2\/posts\/60397","targetHints":{"allow":["GET"]}}],"collection":[{"href":"https:\/\/politicosaldesnudo.com.mx\/index.php\/wp-json\/wp\/v2\/posts"}],"about":[{"href":"https:\/\/politicosaldesnudo.com.mx\/index.php\/wp-json\/wp\/v2\/types\/post"}],"author":[{"embeddable":true,"href":"https:\/\/politicosaldesnudo.com.mx\/index.php\/wp-json\/wp\/v2\/users\/4"}],"replies":[{"embeddable":true,"href":"https:\/\/politicosaldesnudo.com.mx\/index.php\/wp-json\/wp\/v2\/comments?post=60397"}],"version-history":[{"count":0,"href":"https:\/\/politicosaldesnudo.com.mx\/index.php\/wp-json\/wp\/v2\/posts\/60397\/revisions"}],"wp:featuredmedia":[{"embeddable":true,"href":"https:\/\/politicosaldesnudo.com.mx\/index.php\/wp-json\/wp\/v2\/media\/60398"}],"wp:attachment":[{"href":"https:\/\/politicosaldesnudo.com.mx\/index.php\/wp-json\/wp\/v2\/media?parent=60397"}],"wp:term":[{"taxonomy":"category","embeddable":true,"href":"https:\/\/politicosaldesnudo.com.mx\/index.php\/wp-json\/wp\/v2\/categories?post=60397"},{"taxonomy":"post_tag","embeddable":true,"href":"https:\/\/politicosaldesnudo.com.mx\/index.php\/wp-json\/wp\/v2\/tags?post=60397"}],"curies":[{"name":"wp","href":"https:\/\/api.w.org\/{rel}","templated":true}]}}