{"id":6042,"date":"2022-06-01T06:54:00","date_gmt":"2022-06-01T11:54:00","guid":{"rendered":"https:\/\/politicosaldesnudo.com.mx\/?p=6042"},"modified":"2022-06-01T06:54:00","modified_gmt":"2022-06-01T11:54:00","slug":"pemex-en-campana","status":"publish","type":"post","link":"https:\/\/politicosaldesnudo.com.mx\/index.php\/2022\/06\/01\/pemex-en-campana\/","title":{"rendered":"Pemex en campa\u00f1a"},"content":{"rendered":"<p class=\"p1\">\n<p class=\"p1\"><span style=\"font-size: 18pt;\"><b>Por \u00c1ngel \u00c1lvaro Pe\u00f1a<\/b><\/span><\/p>\n<p class=\"p1\"><span style=\"font-size: 14pt;\">En <strong>Pemex no s\u00f3lo est\u00e1 puesta la recuperaci\u00f3n econ\u00f3mica del pa\u00eds sino la recuperaci\u00f3n de la soberan\u00eda<\/strong> porque en esa empresa m\u00e1s de un grupo extranjero quiso intervenir ya sea para sabotear, asociarse, cuestionar, o simplemente denunciar actividades que derivadas de su responsabilidad como contaminaci\u00f3n, despojo, corrupci\u00f3n, etc.<\/span><\/p>\n<p class=\"p1\"><span style=\"font-size: 18pt;\"><strong>Pemex trabaja y \u00faltimamente arroj\u00f3\u00a0utilidades por 122 mil 493 millones de pesos durante el primer trimestre del 2022, debido a un incremento en las ventas y a una ganancia cambiaria originada por el fortalecimiento del peso frente al d\u00f3lar.<\/strong><\/span><\/p>\n<p class=\"p1\"><span style=\"font-size: 14pt;\">\u201cLa disminuci\u00f3n de la deuda se debi\u00f3 al objetivo de mantener un endeudamiento neto cercano a cero, a los apoyos del gobierno federal y a las operaciones de manejo de pasivos realizadas durante el a\u00f1o\u201d, indic\u00f3 Pemex; sin embargo, los sucesos entre trabajadores, sindicato y empresa parecen repetirse como si regres\u00e1ramos a medio siglo atr\u00e1s, cuando el sindicato presionaba a la empresa para obtener m\u00e1s dinero, poder, cuotas legislativas, concesiones o incluso impunidad.<\/span><\/p>\n<p class=\"p1\"><span style=\"font-size: 18pt;\"><strong>El\u00a0Sindicato de Trabajadores Petroleros de la Rep\u00fablica Mexicana ha denunciado falta de equipo y la carencia y chatarrizaci\u00f3n de sus lugares de trabajo, ante esta situaci\u00f3n el Presidente advirti\u00f3 que dichas inconformidades pueden tratarse de una campa\u00f1a de los l\u00edderes gremiales en contra de Pemex.<\/strong><\/span><\/p>\n<p class=\"p1\"><span style=\"font-size: 14pt;\">Comenta el mandatario que por ser \u00e9poca de campa\u00f1as los \u00e1nimos se encienden y justifica ciertas alteraciones en el ritmo de trabajo de los petroleros, pero esto hasta el m\u00e1s ingenuo lo advirti\u00f3 desde el momento en que Ricardo Aldana pis\u00f3 el espacio de la conferencia matutina del Presidente. Por cierto, fue el primero con el pretexto del orden alfab\u00e9tico.<\/span><\/p>\n<p class=\"p1\"><span style=\"font-size: 18pt;\"><strong>Por un lado, sin tratar de corregir a nadie, las elecciones que a los petroleros les interesa no son las del 5 de junio. Uno de los puntos m\u00e1s importantes de los trabajadores petroleros es Ciudad Victoria, en Tamaulipas, donde habr\u00e1 cambio de gobernador. Hidalgo y Oaxaca no se quedan atr\u00e1s; sin embargo, esto es simplemente un simulacro de los sindicalistas de Pemex para pr\u00f3ximas elecciones.<\/strong><\/span><\/p>\n<p>&nbsp;<\/p>\n<p><img data-recalc-dims=\"1\" loading=\"lazy\" decoding=\"async\" class=\"aligncenter wp-image-6043 size-large\" src=\"https:\/\/i0.wp.com\/politicosaldesnudo.com.mx\/wp-content\/uploads\/2022\/06\/P-PEMEX-1024x573.png?resize=800%2C448&#038;ssl=1\" alt=\"\" width=\"800\" height=\"448\" srcset=\"https:\/\/i0.wp.com\/politicosaldesnudo.com.mx\/wp-content\/uploads\/2022\/06\/P-PEMEX.png?resize=1024%2C573&amp;ssl=1 1024w, https:\/\/i0.wp.com\/politicosaldesnudo.com.mx\/wp-content\/uploads\/2022\/06\/P-PEMEX.png?resize=300%2C168&amp;ssl=1 300w, https:\/\/i0.wp.com\/politicosaldesnudo.com.mx\/wp-content\/uploads\/2022\/06\/P-PEMEX.png?resize=768%2C430&amp;ssl=1 768w, https:\/\/i0.wp.com\/politicosaldesnudo.com.mx\/wp-content\/uploads\/2022\/06\/P-PEMEX.png?resize=1536%2C859&amp;ssl=1 1536w, https:\/\/i0.wp.com\/politicosaldesnudo.com.mx\/wp-content\/uploads\/2022\/06\/P-PEMEX.png?w=1816&amp;ssl=1 1816w, https:\/\/i0.wp.com\/politicosaldesnudo.com.mx\/wp-content\/uploads\/2022\/06\/P-PEMEX.png?w=1600&amp;ssl=1 1600w\" sizes=\"auto, (max-width: 800px) 100vw, 800px\" \/><\/p>\n<p>&nbsp;<\/p>\n<p class=\"p1\"><span style=\"font-size: 18pt;\"><strong>M\u00e1s de una secci\u00f3n sindical ven como el pr\u00f3ximo gobernador de Tabasco al director general de Pemex, Octavio Romero Oropeza, nacido en el municipio de jalapa. Es decir, Pemex es tambi\u00e9n un centro pol\u00edtico en M\u00e9xico, nunca ha dejado de serlo, y aunque parezca que la historia se repite tiene novedosas complejidades que habr\u00e1 que interpretar y descifrar.<\/strong><\/span><\/p>\n<p class=\"p1\"><span style=\"font-size: 18pt;\"><strong>Mientras esto sucede\u00a0el Presidente\u00a0inform\u00f3 que se realizar\u00e1 una investigaci\u00f3n para determinar si las denuncias vertidas por los trabajadores petroleros son reales o se trata de enga\u00f1os por parte del sindicato para presionar a la administraci\u00f3n de Pemex.<\/strong><\/span><\/p>\n<p class=\"p1\"><span style=\"font-size: 18pt;\"><strong>\u201cLo que he estado percibiendo es que hay una inconformidad que quiero saber si es real o ficticia, sobre maltrato a trabajadores, sobre falta de equipos, porque lo veo como una campa\u00f1a\u201d, dijo.<\/strong><\/span><\/p>\n<p class=\"p1\"><span style=\"font-size: 14pt;\">\u201cY quiero saber si es real para que de inmediato se atienda, que los funcionarios de Pemex atiendan esta demanda, porque si no hay sustento, podr\u00eda ser un mecanismo de presi\u00f3n del sindicato, que est\u00e1 en su derecho de hacer campa\u00f1a en contra de la empresa, pero quiero saber bien\u201d, dijo.<\/span><\/p>\n<p class=\"p1\"><span style=\"font-size: 14pt;\">Sin embargo, el jefe del Ejecutivo Federal sostuvo que las viejas pr\u00e1cticas del sindicato como la venta de plazas y los liderazgos eternos de sus dirigentes no podr\u00e1n regresar durante su gobierno.<\/span><\/p>\n<p class=\"p1\"><span style=\"font-size: 14pt;\">El simple hecho de que haya regresado al frente del sindicato quien fuera tesorero de Carlos Romero Deschamps, pone en duda esta afirmaci\u00f3n, porque si el liderazgo de Aldana se nutri\u00f3 de algo fue de los liderazgos eternos, la venta de plazas, el intercambio de favores y el tr\u00e1fico de influencias.<\/span><\/p>\n<p>&nbsp;<\/p>\n<p class=\"p1\"><span style=\"font-size: 18pt;\"><strong>PEGA Y CORRE<\/strong><\/span><\/p>\n<p class=\"p1\"><span style=\"font-size: 14pt;\">El embajador de Estados Unidos en M\u00e9xico pareciera que tiene una oficina en Palacio Nacional, porque en los \u00faltimos d\u00edas mantiene encuentros con el Presidente dos o tres veces por semana. Para aquellos que dec\u00edan que hab\u00eda mala relaci\u00f3n con el vecino del norte\u2026 <\/span><\/p>\n<p>&nbsp;<\/p>\n<p class=\"p1\"><span style=\"font-size: 18pt;\"><strong>Esta columna se publica los lunes, mi\u00e9rcoles y viernes<\/strong><\/span><\/p>\n<p>&nbsp;<\/p>\n<p>&nbsp;<\/p>\n<p>&nbsp;<\/p>\n","protected":false},"excerpt":{"rendered":"<p>Por \u00c1ngel \u00c1lvaro Pe\u00f1a En Pemex no s\u00f3lo est\u00e1 puesta la recuperaci\u00f3n econ\u00f3mica del pa\u00eds sino la recuperaci\u00f3n de la<\/p>\n","protected":false},"author":4,"featured_media":3775,"comment_status":"closed","ping_status":"closed","sticky":false,"template":"","format":"standard","meta":{"colormag_page_container_layout":"default_layout","colormag_page_sidebar_layout":"default_layout","_jetpack_memberships_contains_paid_content":false,"footnotes":"","jetpack_publicize_message":"","jetpack_publicize_feature_enabled":true,"jetpack_social_post_already_shared":true,"jetpack_social_options":{"image_generator_settings":{"template":"highway","default_image_id":0,"font":"","enabled":false},"version":2}},"categories":[26],"tags":[884,122,885],"class_list":["post-6042","post","type-post","status-publish","format-standard","has-post-thumbnail","hentry","category-columnistas","tag-octavio-romero-oropeza","tag-pemex","tag-sindicato"],"jetpack_publicize_connections":[],"jetpack_featured_media_url":"https:\/\/i0.wp.com\/politicosaldesnudo.com.mx\/wp-content\/uploads\/2022\/04\/A%CC%81NGEL-A%CC%81LVARO-PEN%CC%83A1.png?fit=1816%2C1016&ssl=1","jetpack-related-posts":[],"jetpack_sharing_enabled":true,"_links":{"self":[{"href":"https:\/\/politicosaldesnudo.com.mx\/index.php\/wp-json\/wp\/v2\/posts\/6042","targetHints":{"allow":["GET"]}}],"collection":[{"href":"https:\/\/politicosaldesnudo.com.mx\/index.php\/wp-json\/wp\/v2\/posts"}],"about":[{"href":"https:\/\/politicosaldesnudo.com.mx\/index.php\/wp-json\/wp\/v2\/types\/post"}],"author":[{"embeddable":true,"href":"https:\/\/politicosaldesnudo.com.mx\/index.php\/wp-json\/wp\/v2\/users\/4"}],"replies":[{"embeddable":true,"href":"https:\/\/politicosaldesnudo.com.mx\/index.php\/wp-json\/wp\/v2\/comments?post=6042"}],"version-history":[{"count":0,"href":"https:\/\/politicosaldesnudo.com.mx\/index.php\/wp-json\/wp\/v2\/posts\/6042\/revisions"}],"wp:featuredmedia":[{"embeddable":true,"href":"https:\/\/politicosaldesnudo.com.mx\/index.php\/wp-json\/wp\/v2\/media\/3775"}],"wp:attachment":[{"href":"https:\/\/politicosaldesnudo.com.mx\/index.php\/wp-json\/wp\/v2\/media?parent=6042"}],"wp:term":[{"taxonomy":"category","embeddable":true,"href":"https:\/\/politicosaldesnudo.com.mx\/index.php\/wp-json\/wp\/v2\/categories?post=6042"},{"taxonomy":"post_tag","embeddable":true,"href":"https:\/\/politicosaldesnudo.com.mx\/index.php\/wp-json\/wp\/v2\/tags?post=6042"}],"curies":[{"name":"wp","href":"https:\/\/api.w.org\/{rel}","templated":true}]}}