{"id":60532,"date":"2025-04-08T00:19:44","date_gmt":"2025-04-08T06:19:44","guid":{"rendered":"https:\/\/politicosaldesnudo.com.mx\/?p=60532"},"modified":"2025-04-07T21:45:00","modified_gmt":"2025-04-08T03:45:00","slug":"gobierno-de-trump-pide-a-corte-bloquear-orden-para-devolver-a-migrante","status":"publish","type":"post","link":"https:\/\/politicosaldesnudo.com.mx\/index.php\/2025\/04\/08\/gobierno-de-trump-pide-a-corte-bloquear-orden-para-devolver-a-migrante\/","title":{"rendered":"Gobierno de Trump pide a Corte bloquear orden para devolver a migrante"},"content":{"rendered":"<p class=\"nota-justify\">El gobierno del presidente Donald Trump solicit\u00f3 este lunes a la Suprema Corte que bloquee una orden judicial que le exige devolver a un inmigrante radicado en Maryland que fue enviado \u201cpor error\u201d a una prisi\u00f3n notoria en El Salvador.<\/p>\n<p class=\"nota-justify\">El Departamento de Justicia argument\u00f3 en una apelaci\u00f3n de emergencia ante los magistrados que la jueza federal de distrito, Paula Xinis, excedi\u00f3 su autoridad cuando orden\u00f3 que Kilmar \u00c1brego Garc\u00eda, sea devuelto a Estados Unidos.<\/p>\n<p class=\"nota-justify\">El gobierno estadunidense ha admitido que \u00c1brego Garc\u00eda no deber\u00eda haber sido enviado a El Salvador porque un juez de inmigraci\u00f3n determin\u00f3 que probablemente enfrentar\u00e1 persecuci\u00f3n por parte de pandillas locales.<\/p>\n<p class=\"nota-justify\">Sin embargo, el gobierno argument\u00f3 ya no est\u00e1 bajo custodia de Estados Unidos y por ello no tiene forma de llevarlo de vuelta.<\/p>\n<p class=\"nota-justify\">Xinis dio al gobierno hasta justo antes de la medianoche del martes para \u201cfacilitar y efectuar\u201d el regreso de \u00c1brego Garc\u00eda.<\/p>\n<p class=\"nota-justify\">\u201cLa orden judicial de la corte de distrito \u2014que requiere la liberaci\u00f3n de \u00c1brego Garc\u00eda de la custodia de un soberano extranjero y su regreso a Estados Unidos antes de la medianoche de este lunes\u2014 es manifiestamente ilegal\u201d, escribi\u00f3 el procurador general D. John Sauer en documentos judiciales, calificando la orden como una en \u201cun diluvio de \u00f3rdenes judiciales ilegales\u201d que los jueces han emitido para frenar la agenda de Trump.<\/p>\n","protected":false},"excerpt":{"rendered":"<p>El gobierno del presidente Donald Trump solicit\u00f3 este lunes a la Suprema Corte que bloquee una orden judicial que le<\/p>\n","protected":false},"author":4,"featured_media":60533,"comment_status":"closed","ping_status":"closed","sticky":false,"template":"","format":"standard","meta":{"colormag_page_container_layout":"default_layout","colormag_page_sidebar_layout":"default_layout","_jetpack_memberships_contains_paid_content":false,"footnotes":"","jetpack_publicize_message":"","jetpack_publicize_feature_enabled":true,"jetpack_social_post_already_shared":false,"jetpack_social_options":{"image_generator_settings":{"template":"highway","default_image_id":0,"font":"","enabled":false},"version":2}},"categories":[28],"tags":[],"class_list":["post-60532","post","type-post","status-publish","format-standard","has-post-thumbnail","hentry","category-internacional"],"jetpack_publicize_connections":[],"jetpack_featured_media_url":"https:\/\/i0.wp.com\/politicosaldesnudo.com.mx\/wp-content\/uploads\/2025\/04\/MIG.jpg?fit=592%2C461&ssl=1","jetpack-related-posts":[],"jetpack_sharing_enabled":true,"_links":{"self":[{"href":"https:\/\/politicosaldesnudo.com.mx\/index.php\/wp-json\/wp\/v2\/posts\/60532","targetHints":{"allow":["GET"]}}],"collection":[{"href":"https:\/\/politicosaldesnudo.com.mx\/index.php\/wp-json\/wp\/v2\/posts"}],"about":[{"href":"https:\/\/politicosaldesnudo.com.mx\/index.php\/wp-json\/wp\/v2\/types\/post"}],"author":[{"embeddable":true,"href":"https:\/\/politicosaldesnudo.com.mx\/index.php\/wp-json\/wp\/v2\/users\/4"}],"replies":[{"embeddable":true,"href":"https:\/\/politicosaldesnudo.com.mx\/index.php\/wp-json\/wp\/v2\/comments?post=60532"}],"version-history":[{"count":0,"href":"https:\/\/politicosaldesnudo.com.mx\/index.php\/wp-json\/wp\/v2\/posts\/60532\/revisions"}],"wp:featuredmedia":[{"embeddable":true,"href":"https:\/\/politicosaldesnudo.com.mx\/index.php\/wp-json\/wp\/v2\/media\/60533"}],"wp:attachment":[{"href":"https:\/\/politicosaldesnudo.com.mx\/index.php\/wp-json\/wp\/v2\/media?parent=60532"}],"wp:term":[{"taxonomy":"category","embeddable":true,"href":"https:\/\/politicosaldesnudo.com.mx\/index.php\/wp-json\/wp\/v2\/categories?post=60532"},{"taxonomy":"post_tag","embeddable":true,"href":"https:\/\/politicosaldesnudo.com.mx\/index.php\/wp-json\/wp\/v2\/tags?post=60532"}],"curies":[{"name":"wp","href":"https:\/\/api.w.org\/{rel}","templated":true}]}}