{"id":60535,"date":"2025-04-08T00:20:40","date_gmt":"2025-04-08T06:20:40","guid":{"rendered":"https:\/\/politicosaldesnudo.com.mx\/?p=60535"},"modified":"2025-04-07T21:46:51","modified_gmt":"2025-04-08T03:46:51","slug":"francia-egipto-y-jordania-declaran-que-gaza-debe-ser-gobernada-por-autoridad-palestina","status":"publish","type":"post","link":"https:\/\/politicosaldesnudo.com.mx\/index.php\/2025\/04\/08\/francia-egipto-y-jordania-declaran-que-gaza-debe-ser-gobernada-por-autoridad-palestina\/","title":{"rendered":"Francia, Egipto y Jordania declaran que Gaza debe ser gobernada por Autoridad Palestina"},"content":{"rendered":"<p>Los dirigentes de Francia, Egipto y Jordania declararon este lunes que la Franja de Gaza debe ser gobernada \u00fanicamente por la Autoridad Palestina, cuando termine el conflicto.<\/p>\n<p>\u00abLa gobernanza, la ley y el orden, y la seguridad en Gaza, as\u00ed como en todos los Territorios Palestinos, deben ser responsabilidad exclusiva de una Autoridad Palestina fortalecida, por apoyos regionales e internacionales\u00bb, afirmaron el presidente franc\u00e9s, Emmanuel Macron, el mandatario egipcio Abdel Fat\u00e1 al Sisi y el rey de Jordania, Abdal\u00e1 II, en una declaraci\u00f3n conjunta, tras una cumbre en El Cairo.<\/p>\n","protected":false},"excerpt":{"rendered":"<p>Los dirigentes de Francia, Egipto y Jordania declararon este lunes que la Franja de Gaza debe ser gobernada \u00fanicamente por<\/p>\n","protected":false},"author":4,"featured_media":60536,"comment_status":"closed","ping_status":"closed","sticky":false,"template":"","format":"standard","meta":{"colormag_page_container_layout":"default_layout","colormag_page_sidebar_layout":"default_layout","_jetpack_memberships_contains_paid_content":false,"footnotes":"","jetpack_publicize_message":"","jetpack_publicize_feature_enabled":true,"jetpack_social_post_already_shared":false,"jetpack_social_options":{"image_generator_settings":{"template":"highway","default_image_id":0,"font":"","enabled":false},"version":2}},"categories":[28],"tags":[],"class_list":["post-60535","post","type-post","status-publish","format-standard","has-post-thumbnail","hentry","category-internacional"],"jetpack_publicize_connections":[],"jetpack_featured_media_url":"https:\/\/i0.wp.com\/politicosaldesnudo.com.mx\/wp-content\/uploads\/2025\/04\/GOB-1.jpg?fit=759%2C497&ssl=1","jetpack-related-posts":[],"jetpack_sharing_enabled":true,"_links":{"self":[{"href":"https:\/\/politicosaldesnudo.com.mx\/index.php\/wp-json\/wp\/v2\/posts\/60535","targetHints":{"allow":["GET"]}}],"collection":[{"href":"https:\/\/politicosaldesnudo.com.mx\/index.php\/wp-json\/wp\/v2\/posts"}],"about":[{"href":"https:\/\/politicosaldesnudo.com.mx\/index.php\/wp-json\/wp\/v2\/types\/post"}],"author":[{"embeddable":true,"href":"https:\/\/politicosaldesnudo.com.mx\/index.php\/wp-json\/wp\/v2\/users\/4"}],"replies":[{"embeddable":true,"href":"https:\/\/politicosaldesnudo.com.mx\/index.php\/wp-json\/wp\/v2\/comments?post=60535"}],"version-history":[{"count":0,"href":"https:\/\/politicosaldesnudo.com.mx\/index.php\/wp-json\/wp\/v2\/posts\/60535\/revisions"}],"wp:featuredmedia":[{"embeddable":true,"href":"https:\/\/politicosaldesnudo.com.mx\/index.php\/wp-json\/wp\/v2\/media\/60536"}],"wp:attachment":[{"href":"https:\/\/politicosaldesnudo.com.mx\/index.php\/wp-json\/wp\/v2\/media?parent=60535"}],"wp:term":[{"taxonomy":"category","embeddable":true,"href":"https:\/\/politicosaldesnudo.com.mx\/index.php\/wp-json\/wp\/v2\/categories?post=60535"},{"taxonomy":"post_tag","embeddable":true,"href":"https:\/\/politicosaldesnudo.com.mx\/index.php\/wp-json\/wp\/v2\/tags?post=60535"}],"curies":[{"name":"wp","href":"https:\/\/api.w.org\/{rel}","templated":true}]}}