{"id":60548,"date":"2025-04-09T00:02:12","date_gmt":"2025-04-09T06:02:12","guid":{"rendered":"https:\/\/politicosaldesnudo.com.mx\/?p=60548"},"modified":"2025-04-08T23:16:54","modified_gmt":"2025-04-09T05:16:54","slug":"realizan-encuentro-deportivo-de-tebas","status":"publish","type":"post","link":"https:\/\/politicosaldesnudo.com.mx\/index.php\/2025\/04\/09\/realizan-encuentro-deportivo-de-tebas\/","title":{"rendered":"Realizan encuentro deportivo de Tebas"},"content":{"rendered":"<p>Este mi\u00e9rcoles 9 de abril, se llevar\u00e1n a cabo las competencias del encuentro regional deportivo en el sistema de Telebachilleratos, donde Tuxpan estar\u00e1 representado por estudiantes de algunos planteles pertenecientes a la zona; as\u00ed lo inform\u00f3 el supervisor Zenaido de los R\u00edos, quien destac\u00f3 la participaci\u00f3n de los j\u00f3venes en este evento deportivo.<\/p>\n<p>En la disciplina de f\u00fatbol, Tuxpan estar\u00e1 representado por el Teba de Banderas en la categor\u00eda varonil y el Teba de Tampache, municipio de Tamiahua, en la categor\u00eda femenil. Los estudiantes de estos planteles han demostrado un gran nivel de habilidad y dedicaci\u00f3n, y se espera que tengan un buen desempe\u00f1o en el encuentro regional.<\/p>\n<p>Adem\u00e1s de Tuxpan, tambi\u00e9n participar\u00e1n municipios de la Jurisdicci\u00f3n, como Espinal, Poza Rica, Papantla, Coyutla y Coatzintla. Esto refleja la importancia de este evento deportivo, que busca fomentar la competencia sana y el intercambio de experiencias entre los j\u00f3venes de la regi\u00f3n.<\/p>\n<p>El encuentro regional deportivo en el sistema de Telebachilleratos es una excelente oportunidad para que los estudiantes demuestren sus habilidades y talentos en diferentes disciplinas.<\/p>\n<p>Se espera que este evento sea un \u00e9xito y que los participantes se diviertan y aprendan de la experiencia.<\/p>\n","protected":false},"excerpt":{"rendered":"<p>Este mi\u00e9rcoles 9 de abril, se llevar\u00e1n a cabo las competencias del encuentro regional deportivo en el sistema de Telebachilleratos,<\/p>\n","protected":false},"author":4,"featured_media":60549,"comment_status":"closed","ping_status":"closed","sticky":false,"template":"","format":"standard","meta":{"colormag_page_container_layout":"default_layout","colormag_page_sidebar_layout":"default_layout","_jetpack_memberships_contains_paid_content":false,"footnotes":"","jetpack_publicize_message":"","jetpack_publicize_feature_enabled":true,"jetpack_social_post_already_shared":false,"jetpack_social_options":{"image_generator_settings":{"template":"highway","default_image_id":0,"font":"","enabled":false},"version":2}},"categories":[1082],"tags":[],"class_list":["post-60548","post","type-post","status-publish","format-standard","has-post-thumbnail","hentry","category-tuxpan"],"jetpack_publicize_connections":[],"jetpack_featured_media_url":"https:\/\/i0.wp.com\/politicosaldesnudo.com.mx\/wp-content\/uploads\/2025\/04\/4b-3.jpg?fit=960%2C640&ssl=1","jetpack-related-posts":[],"jetpack_sharing_enabled":true,"_links":{"self":[{"href":"https:\/\/politicosaldesnudo.com.mx\/index.php\/wp-json\/wp\/v2\/posts\/60548","targetHints":{"allow":["GET"]}}],"collection":[{"href":"https:\/\/politicosaldesnudo.com.mx\/index.php\/wp-json\/wp\/v2\/posts"}],"about":[{"href":"https:\/\/politicosaldesnudo.com.mx\/index.php\/wp-json\/wp\/v2\/types\/post"}],"author":[{"embeddable":true,"href":"https:\/\/politicosaldesnudo.com.mx\/index.php\/wp-json\/wp\/v2\/users\/4"}],"replies":[{"embeddable":true,"href":"https:\/\/politicosaldesnudo.com.mx\/index.php\/wp-json\/wp\/v2\/comments?post=60548"}],"version-history":[{"count":0,"href":"https:\/\/politicosaldesnudo.com.mx\/index.php\/wp-json\/wp\/v2\/posts\/60548\/revisions"}],"wp:featuredmedia":[{"embeddable":true,"href":"https:\/\/politicosaldesnudo.com.mx\/index.php\/wp-json\/wp\/v2\/media\/60549"}],"wp:attachment":[{"href":"https:\/\/politicosaldesnudo.com.mx\/index.php\/wp-json\/wp\/v2\/media?parent=60548"}],"wp:term":[{"taxonomy":"category","embeddable":true,"href":"https:\/\/politicosaldesnudo.com.mx\/index.php\/wp-json\/wp\/v2\/categories?post=60548"},{"taxonomy":"post_tag","embeddable":true,"href":"https:\/\/politicosaldesnudo.com.mx\/index.php\/wp-json\/wp\/v2\/tags?post=60548"}],"curies":[{"name":"wp","href":"https:\/\/api.w.org\/{rel}","templated":true}]}}