{"id":60554,"date":"2025-04-09T00:04:16","date_gmt":"2025-04-09T06:04:16","guid":{"rendered":"https:\/\/politicosaldesnudo.com.mx\/?p=60554"},"modified":"2025-04-08T23:19:04","modified_gmt":"2025-04-09T05:19:04","slug":"mas-de-20-acompanamientos-por-parte-de-la-cedh","status":"publish","type":"post","link":"https:\/\/politicosaldesnudo.com.mx\/index.php\/2025\/04\/09\/mas-de-20-acompanamientos-por-parte-de-la-cedh\/","title":{"rendered":"M\u00e1s de 20 acompa\u00f1amientos por parte de la CEDH"},"content":{"rendered":"<p>La coordinaci\u00f3n entre instituciones contin\u00faa fortaleci\u00e9ndose en la regi\u00f3n norte del estado. En lo que va del a\u00f1o, la Comisi\u00f3n Estatal de B\u00fasqueda ha solicitado m\u00e1s de 20 acompa\u00f1amientos a la Delegaci\u00f3n Regional de la Comisi\u00f3n Estatal de Derechos Humanos, as\u00ed lo dio a conocer su titular, Jos\u00e9 Luis Hern\u00e1ndez Galicia.<\/p>\n<p>El delegado explic\u00f3 que estas acciones se realizan en conjunto con colectivos de b\u00fasqueda y otras instituciones como la Comisi\u00f3n Estatal de Atenci\u00f3n Integral a V\u00edctimas, sumando esfuerzos para apoyar a familias que buscan a sus seres queridos. \u201cLa Comisi\u00f3n de B\u00fasqueda organiza y encabeza las diligencias, y nosotros acudimos en calidad de acompa\u00f1amiento, para garantizar el respeto a los derechos humanos durante el proceso\u201d, detall\u00f3.<\/p>\n<p>Aunque la recopilaci\u00f3n de informaci\u00f3n sobre hallazgos recae en la Comisi\u00f3n Estatal de B\u00fasqueda, Hern\u00e1ndez Galicia subray\u00f3 que cualquier dato recibido por parte de la ciudadan\u00eda puede ser canalizado por su dependencia. Adem\u00e1s, resalt\u00f3 que en Tuxpan las b\u00fasquedas se han desarrollado de forma segura, sin que hasta ahora se hayan presentado incidentes que pongan en riesgo a los participantes.<\/p>\n<p>Finaliz\u00f3 se\u00f1al\u00f3 que el proceso sigue en marcha y que la colaboraci\u00f3n entre las instituciones continuar\u00e1 para fortalecer las acciones en busca de esclarecer la ubicaci\u00f3n de las personas desaparecidas.<\/p>\n","protected":false},"excerpt":{"rendered":"<p>La coordinaci\u00f3n entre instituciones contin\u00faa fortaleci\u00e9ndose en la regi\u00f3n norte del estado. En lo que va del a\u00f1o, la Comisi\u00f3n<\/p>\n","protected":false},"author":4,"featured_media":60555,"comment_status":"closed","ping_status":"closed","sticky":false,"template":"","format":"standard","meta":{"colormag_page_container_layout":"default_layout","colormag_page_sidebar_layout":"default_layout","_jetpack_memberships_contains_paid_content":false,"footnotes":"","jetpack_publicize_message":"","jetpack_publicize_feature_enabled":true,"jetpack_social_post_already_shared":false,"jetpack_social_options":{"image_generator_settings":{"template":"highway","default_image_id":0,"font":"","enabled":false},"version":2}},"categories":[1082],"tags":[],"class_list":["post-60554","post","type-post","status-publish","format-standard","has-post-thumbnail","hentry","category-tuxpan"],"jetpack_publicize_connections":[],"jetpack_featured_media_url":"https:\/\/i0.wp.com\/politicosaldesnudo.com.mx\/wp-content\/uploads\/2025\/04\/5b-1.jpg?fit=1600%2C1204&ssl=1","jetpack-related-posts":[],"jetpack_sharing_enabled":true,"_links":{"self":[{"href":"https:\/\/politicosaldesnudo.com.mx\/index.php\/wp-json\/wp\/v2\/posts\/60554","targetHints":{"allow":["GET"]}}],"collection":[{"href":"https:\/\/politicosaldesnudo.com.mx\/index.php\/wp-json\/wp\/v2\/posts"}],"about":[{"href":"https:\/\/politicosaldesnudo.com.mx\/index.php\/wp-json\/wp\/v2\/types\/post"}],"author":[{"embeddable":true,"href":"https:\/\/politicosaldesnudo.com.mx\/index.php\/wp-json\/wp\/v2\/users\/4"}],"replies":[{"embeddable":true,"href":"https:\/\/politicosaldesnudo.com.mx\/index.php\/wp-json\/wp\/v2\/comments?post=60554"}],"version-history":[{"count":0,"href":"https:\/\/politicosaldesnudo.com.mx\/index.php\/wp-json\/wp\/v2\/posts\/60554\/revisions"}],"wp:featuredmedia":[{"embeddable":true,"href":"https:\/\/politicosaldesnudo.com.mx\/index.php\/wp-json\/wp\/v2\/media\/60555"}],"wp:attachment":[{"href":"https:\/\/politicosaldesnudo.com.mx\/index.php\/wp-json\/wp\/v2\/media?parent=60554"}],"wp:term":[{"taxonomy":"category","embeddable":true,"href":"https:\/\/politicosaldesnudo.com.mx\/index.php\/wp-json\/wp\/v2\/categories?post=60554"},{"taxonomy":"post_tag","embeddable":true,"href":"https:\/\/politicosaldesnudo.com.mx\/index.php\/wp-json\/wp\/v2\/tags?post=60554"}],"curies":[{"name":"wp","href":"https:\/\/api.w.org\/{rel}","templated":true}]}}