{"id":6059,"date":"2022-06-02T06:53:14","date_gmt":"2022-06-02T11:53:14","guid":{"rendered":"https:\/\/politicosaldesnudo.com.mx\/?p=6059"},"modified":"2022-06-02T06:53:14","modified_gmt":"2022-06-02T11:53:14","slug":"mas-derechos-sociales-menos-violencia-en-chile-boric","status":"publish","type":"post","link":"https:\/\/politicosaldesnudo.com.mx\/index.php\/2022\/06\/02\/mas-derechos-sociales-menos-violencia-en-chile-boric\/","title":{"rendered":"M\u00e1s derechos sociales, menos violencia en Chile: Boric"},"content":{"rendered":"<p class=\"p1\"><span style=\"font-size: 14pt;\"><em><strong>Valpara\u00edso.<\/strong><\/em> El <strong>presidente de Chile, Gabriel Boric<\/strong> tuvo su primera comparecencia ante el<strong> Congreso<\/strong> desde que asumi\u00f3 el cargo el 11 de marzo. <strong>Boric puso \u00e9nfasis en la lucha contra la violencia y la mejora de los derechos sociales. Prometi\u00f3 adem\u00e1s del desarrollo ferroviario, proyectando triplicar el n\u00famero de pasajeros hacia 2026.<\/strong><\/span><\/p>\n<p class=\"p1\"><span style=\"font-size: 18pt;\"><strong>\u201cChile merece vivir en paz. Vamos a recuperar los espacios p\u00fablicos, con actividades comunitarias, culturales, que convoquen a todos y todas. Estamos trabajando intensamente para que ninguna persona se sienta atemorizada esperando una micro para ir al trabajo o para llegar a su casa o sufrir un portonazo. Que ni\u00f1os y ni\u00f1as puedan ocupar libremente los parques y plazas de sus barrios y que recuperemos nuestros espacios p\u00fablicos\u201d, declar\u00f3 el mandatario chileno.<\/strong><\/span><\/p>\n<p>&nbsp;<\/p>\n<p><img data-recalc-dims=\"1\" loading=\"lazy\" decoding=\"async\" class=\"aligncenter wp-image-6060 size-large\" src=\"https:\/\/i0.wp.com\/politicosaldesnudo.com.mx\/wp-content\/uploads\/2022\/06\/P-BORIC1-1024x573.png?resize=800%2C448&#038;ssl=1\" alt=\"\" width=\"800\" height=\"448\" srcset=\"https:\/\/i0.wp.com\/politicosaldesnudo.com.mx\/wp-content\/uploads\/2022\/06\/P-BORIC1.png?resize=1024%2C573&amp;ssl=1 1024w, https:\/\/i0.wp.com\/politicosaldesnudo.com.mx\/wp-content\/uploads\/2022\/06\/P-BORIC1.png?resize=300%2C168&amp;ssl=1 300w, https:\/\/i0.wp.com\/politicosaldesnudo.com.mx\/wp-content\/uploads\/2022\/06\/P-BORIC1.png?resize=768%2C430&amp;ssl=1 768w, https:\/\/i0.wp.com\/politicosaldesnudo.com.mx\/wp-content\/uploads\/2022\/06\/P-BORIC1.png?resize=1536%2C859&amp;ssl=1 1536w, https:\/\/i0.wp.com\/politicosaldesnudo.com.mx\/wp-content\/uploads\/2022\/06\/P-BORIC1.png?w=1816&amp;ssl=1 1816w, https:\/\/i0.wp.com\/politicosaldesnudo.com.mx\/wp-content\/uploads\/2022\/06\/P-BORIC1.png?w=1600&amp;ssl=1 1600w\" sizes=\"auto, (max-width: 800px) 100vw, 800px\" \/><\/p>\n<p>&nbsp;<\/p>\n<p class=\"p1\"><span style=\"font-size: 18pt;\"><strong>Adem\u00e1s Boric destac\u00f3 una propuesta para aprobar una ley que permita avanzar hacia la prohibici\u00f3n total de tenencia de armas, ya que en Chile es legal comprar un arma e inscribirla a nombre del due\u00f1o, quien tiene que cumplir condiciones como ser mayor de 18 a\u00f1os, aprobar un curso especializado para su uso o no haber sido condenado por crimen o simple delito.<\/strong><\/span><\/p>\n<blockquote>\n<p class=\"p1\"><span style=\"font-size: 14pt;\">Boric afirm\u00f3 que \u201cla presencia del crimen organizado, del narcotr\u00e1fico, el tr\u00e1fico de migrantes, la trata de personas, el robo de madera y el lavado de dinero es evidente\u201d en Chile y que el gobierno planea invertir 3,6 millones de d\u00f3lares para prevenirlo, controlarlo y perseguirlo.<\/span><\/p>\n<\/blockquote>\n<p>&nbsp;<\/p>\n<p><span style=\"font-size: 18pt;\"><strong>CRISIS DE VIOLENCIA MAPUCHES<\/strong><\/span><\/p>\n<p class=\"p1\"><span style=\"font-size: 14pt;\">En lo que va de este a\u00f1o, siete personas han muerto en las regiones de La Araucan\u00eda y el Biob\u00edo, en un recrudecimiento de los atentados que tienen como trasfondo las reivindicaciones de tierras que los mapuches consideran suyas por derechos ancestrales, hoy en manos de empresas forestales y agricultores.<\/span><\/p>\n<blockquote>\n<p class=\"p1\"><span style=\"font-size: 14pt;\">\u201cNuestra reforma tributaria atacar\u00e1 las bases de la desigualdad, gravando los altos ingresos y patrimonios, las rentas mineras y los resquicios legales para financiar el cumplimiento de derechos sociales en salud, pensiones y cuidados\u201d, prosigui\u00f3 Boric, quien trata de \u201cplantearse un gobierno feminista implica que todas las acciones del estado est\u00e9n enfocadas en la paridad de g\u00e9nero e igualdad en la arena institucional y pol\u00edtica\u201d.<\/span><\/p>\n<\/blockquote>\n<p class=\"p1\"><span style=\"font-size: 18pt;\"><strong>Mientras Boric se expresaba ante el Congreso en Valpara\u00edso, un centenar de estudiantes protagonizaron nuevos incidentes en el centro de Santiago frente al palacio presidencial de La Moneda que terminaron con al menos dos polic\u00edas heridos y varios manifestantes detenidos.<\/strong><\/span><\/p>\n<p>&nbsp;<\/p>\n<p>&nbsp;<\/p>\n<p>&nbsp;<\/p>\n<p>&nbsp;<\/p>\n<p>&nbsp;<\/p>\n<p>&nbsp;<\/p>\n","protected":false},"excerpt":{"rendered":"<p>Valpara\u00edso. El presidente de Chile, Gabriel Boric tuvo su primera comparecencia ante el Congreso desde que asumi\u00f3 el cargo el<\/p>\n","protected":false},"author":4,"featured_media":6061,"comment_status":"closed","ping_status":"closed","sticky":false,"template":"","format":"standard","meta":{"colormag_page_container_layout":"default_layout","colormag_page_sidebar_layout":"default_layout","_jetpack_memberships_contains_paid_content":false,"footnotes":"","jetpack_publicize_message":"","jetpack_publicize_feature_enabled":true,"jetpack_social_post_already_shared":true,"jetpack_social_options":{"image_generator_settings":{"template":"highway","default_image_id":0,"font":"","enabled":false},"version":2}},"categories":[28],"tags":[49,53],"class_list":["post-6059","post","type-post","status-publish","format-standard","has-post-thumbnail","hentry","category-internacional","tag-chile","tag-gabriel-boric"],"jetpack_publicize_connections":[],"jetpack_featured_media_url":"https:\/\/i0.wp.com\/politicosaldesnudo.com.mx\/wp-content\/uploads\/2022\/06\/P-BORIC2.png?fit=1816%2C1016&ssl=1","jetpack-related-posts":[],"jetpack_sharing_enabled":true,"_links":{"self":[{"href":"https:\/\/politicosaldesnudo.com.mx\/index.php\/wp-json\/wp\/v2\/posts\/6059","targetHints":{"allow":["GET"]}}],"collection":[{"href":"https:\/\/politicosaldesnudo.com.mx\/index.php\/wp-json\/wp\/v2\/posts"}],"about":[{"href":"https:\/\/politicosaldesnudo.com.mx\/index.php\/wp-json\/wp\/v2\/types\/post"}],"author":[{"embeddable":true,"href":"https:\/\/politicosaldesnudo.com.mx\/index.php\/wp-json\/wp\/v2\/users\/4"}],"replies":[{"embeddable":true,"href":"https:\/\/politicosaldesnudo.com.mx\/index.php\/wp-json\/wp\/v2\/comments?post=6059"}],"version-history":[{"count":0,"href":"https:\/\/politicosaldesnudo.com.mx\/index.php\/wp-json\/wp\/v2\/posts\/6059\/revisions"}],"wp:featuredmedia":[{"embeddable":true,"href":"https:\/\/politicosaldesnudo.com.mx\/index.php\/wp-json\/wp\/v2\/media\/6061"}],"wp:attachment":[{"href":"https:\/\/politicosaldesnudo.com.mx\/index.php\/wp-json\/wp\/v2\/media?parent=6059"}],"wp:term":[{"taxonomy":"category","embeddable":true,"href":"https:\/\/politicosaldesnudo.com.mx\/index.php\/wp-json\/wp\/v2\/categories?post=6059"},{"taxonomy":"post_tag","embeddable":true,"href":"https:\/\/politicosaldesnudo.com.mx\/index.php\/wp-json\/wp\/v2\/tags?post=6059"}],"curies":[{"name":"wp","href":"https:\/\/api.w.org\/{rel}","templated":true}]}}