{"id":60615,"date":"2025-04-09T21:53:59","date_gmt":"2025-04-10T03:53:59","guid":{"rendered":"https:\/\/politicosaldesnudo.com.mx\/?p=60615"},"modified":"2025-04-09T21:53:59","modified_gmt":"2025-04-10T03:53:59","slug":"gobierno-y-dif-tuxpan-realizan-la-jornada-de-salud-multidisciplinaria-en-la-comunidad-paises-bajos-km-8","status":"publish","type":"post","link":"https:\/\/politicosaldesnudo.com.mx\/index.php\/2025\/04\/09\/gobierno-y-dif-tuxpan-realizan-la-jornada-de-salud-multidisciplinaria-en-la-comunidad-paises-bajos-km-8\/","title":{"rendered":"Gobierno y DIF Tuxpan realizan la Jornada de Salud Multidisciplinaria en la comunidad Pa\u00edses Bajos km. 8"},"content":{"rendered":"<p>&#8211; Con el respaldo de diferentes instituciones se acercan de manera gratuita los servicios m\u00e9dicos, asistenciales y de labor social.<\/p>\n<p>Con el objetivo de brindar atenci\u00f3n para el cuidado de la salud, mediante acciones integrales de promoci\u00f3n y prevenci\u00f3n, el Gobierno de Tuxpan y el Sistema Municipal para el Desarrollo Integral de la Familia (DIF), realizaron la Jornada de Salud Multidisciplinaria en la comunidad Pa\u00edses Bajos km. 8.<\/p>\n<p><img data-recalc-dims=\"1\" loading=\"lazy\" decoding=\"async\" class=\"aligncenter size-large wp-image-60628\" src=\"https:\/\/i0.wp.com\/politicosaldesnudo.com.mx\/wp-content\/uploads\/2025\/04\/WhatsApp-Image-2025-04-09-at-20.24.37-1024x570.jpeg?resize=800%2C445&#038;ssl=1\" alt=\"\" width=\"800\" height=\"445\" srcset=\"https:\/\/i0.wp.com\/politicosaldesnudo.com.mx\/wp-content\/uploads\/2025\/04\/WhatsApp-Image-2025-04-09-at-20.24.37.jpeg?resize=1024%2C570&amp;ssl=1 1024w, https:\/\/i0.wp.com\/politicosaldesnudo.com.mx\/wp-content\/uploads\/2025\/04\/WhatsApp-Image-2025-04-09-at-20.24.37.jpeg?resize=300%2C167&amp;ssl=1 300w, https:\/\/i0.wp.com\/politicosaldesnudo.com.mx\/wp-content\/uploads\/2025\/04\/WhatsApp-Image-2025-04-09-at-20.24.37.jpeg?resize=768%2C427&amp;ssl=1 768w, https:\/\/i0.wp.com\/politicosaldesnudo.com.mx\/wp-content\/uploads\/2025\/04\/WhatsApp-Image-2025-04-09-at-20.24.37.jpeg?resize=800%2C445&amp;ssl=1 800w, https:\/\/i0.wp.com\/politicosaldesnudo.com.mx\/wp-content\/uploads\/2025\/04\/WhatsApp-Image-2025-04-09-at-20.24.37.jpeg?w=1280&amp;ssl=1 1280w\" sizes=\"auto, (max-width: 800px) 100vw, 800px\" \/> <img data-recalc-dims=\"1\" loading=\"lazy\" decoding=\"async\" class=\"aligncenter size-large wp-image-60627\" src=\"https:\/\/i0.wp.com\/politicosaldesnudo.com.mx\/wp-content\/uploads\/2025\/04\/WhatsApp-Image-2025-04-09-at-20.24.37-1-1024x651.jpeg?resize=800%2C509&#038;ssl=1\" alt=\"\" width=\"800\" height=\"509\" srcset=\"https:\/\/i0.wp.com\/politicosaldesnudo.com.mx\/wp-content\/uploads\/2025\/04\/WhatsApp-Image-2025-04-09-at-20.24.37-1.jpeg?resize=1024%2C651&amp;ssl=1 1024w, https:\/\/i0.wp.com\/politicosaldesnudo.com.mx\/wp-content\/uploads\/2025\/04\/WhatsApp-Image-2025-04-09-at-20.24.37-1.jpeg?resize=300%2C191&amp;ssl=1 300w, https:\/\/i0.wp.com\/politicosaldesnudo.com.mx\/wp-content\/uploads\/2025\/04\/WhatsApp-Image-2025-04-09-at-20.24.37-1.jpeg?resize=768%2C488&amp;ssl=1 768w, https:\/\/i0.wp.com\/politicosaldesnudo.com.mx\/wp-content\/uploads\/2025\/04\/WhatsApp-Image-2025-04-09-at-20.24.37-1.jpeg?w=1153&amp;ssl=1 1153w\" sizes=\"auto, (max-width: 800px) 100vw, 800px\" \/><\/p>\n<p>De manera gratuita, los asistentes tuvieron acceso a m\u00faltiples servicios m\u00e9dicos y otros beneficios, al igual a trabajos de labor social por parte de la Secretar\u00eda de la Defensa Nacional (Defensa).<\/p>\n<p><img data-recalc-dims=\"1\" loading=\"lazy\" decoding=\"async\" class=\"aligncenter size-large wp-image-60626\" src=\"https:\/\/i0.wp.com\/politicosaldesnudo.com.mx\/wp-content\/uploads\/2025\/04\/WhatsApp-Image-2025-04-09-at-20.24.36-1024x565.jpeg?resize=800%2C441&#038;ssl=1\" alt=\"\" width=\"800\" height=\"441\" srcset=\"https:\/\/i0.wp.com\/politicosaldesnudo.com.mx\/wp-content\/uploads\/2025\/04\/WhatsApp-Image-2025-04-09-at-20.24.36.jpeg?resize=1024%2C565&amp;ssl=1 1024w, https:\/\/i0.wp.com\/politicosaldesnudo.com.mx\/wp-content\/uploads\/2025\/04\/WhatsApp-Image-2025-04-09-at-20.24.36.jpeg?resize=300%2C165&amp;ssl=1 300w, https:\/\/i0.wp.com\/politicosaldesnudo.com.mx\/wp-content\/uploads\/2025\/04\/WhatsApp-Image-2025-04-09-at-20.24.36.jpeg?resize=768%2C424&amp;ssl=1 768w, https:\/\/i0.wp.com\/politicosaldesnudo.com.mx\/wp-content\/uploads\/2025\/04\/WhatsApp-Image-2025-04-09-at-20.24.36.jpeg?w=1280&amp;ssl=1 1280w\" sizes=\"auto, (max-width: 800px) 100vw, 800px\" \/> <img data-recalc-dims=\"1\" loading=\"lazy\" decoding=\"async\" class=\"aligncenter size-large wp-image-60625\" src=\"https:\/\/i0.wp.com\/politicosaldesnudo.com.mx\/wp-content\/uploads\/2025\/04\/WhatsApp-Image-2025-04-09-at-20.24.36-4-1024x590.jpeg?resize=800%2C461&#038;ssl=1\" alt=\"\" width=\"800\" height=\"461\" srcset=\"https:\/\/i0.wp.com\/politicosaldesnudo.com.mx\/wp-content\/uploads\/2025\/04\/WhatsApp-Image-2025-04-09-at-20.24.36-4.jpeg?resize=1024%2C590&amp;ssl=1 1024w, https:\/\/i0.wp.com\/politicosaldesnudo.com.mx\/wp-content\/uploads\/2025\/04\/WhatsApp-Image-2025-04-09-at-20.24.36-4.jpeg?resize=300%2C173&amp;ssl=1 300w, https:\/\/i0.wp.com\/politicosaldesnudo.com.mx\/wp-content\/uploads\/2025\/04\/WhatsApp-Image-2025-04-09-at-20.24.36-4.jpeg?resize=768%2C443&amp;ssl=1 768w, https:\/\/i0.wp.com\/politicosaldesnudo.com.mx\/wp-content\/uploads\/2025\/04\/WhatsApp-Image-2025-04-09-at-20.24.36-4.jpeg?w=1280&amp;ssl=1 1280w\" sizes=\"auto, (max-width: 800px) 100vw, 800px\" \/><\/p>\n<p>\u201cTodas las instituciones que participamos, buscamos contribuir a mejorar la calidad de vida de todos los habitantes, poniendo \u00e9nfasis en los grupos m\u00e1s vulnerables\u201d, se\u00f1al\u00f3 la presidenta del DIF Tuxpan, Melba L\u00f3pez Guti\u00e9rrez.<\/p>\n<p><img data-recalc-dims=\"1\" loading=\"lazy\" decoding=\"async\" class=\"aligncenter size-large wp-image-60624\" src=\"https:\/\/i0.wp.com\/politicosaldesnudo.com.mx\/wp-content\/uploads\/2025\/04\/WhatsApp-Image-2025-04-09-at-20.24.36-3-1024x565.jpeg?resize=800%2C441&#038;ssl=1\" alt=\"\" width=\"800\" height=\"441\" srcset=\"https:\/\/i0.wp.com\/politicosaldesnudo.com.mx\/wp-content\/uploads\/2025\/04\/WhatsApp-Image-2025-04-09-at-20.24.36-3.jpeg?resize=1024%2C565&amp;ssl=1 1024w, https:\/\/i0.wp.com\/politicosaldesnudo.com.mx\/wp-content\/uploads\/2025\/04\/WhatsApp-Image-2025-04-09-at-20.24.36-3.jpeg?resize=300%2C165&amp;ssl=1 300w, https:\/\/i0.wp.com\/politicosaldesnudo.com.mx\/wp-content\/uploads\/2025\/04\/WhatsApp-Image-2025-04-09-at-20.24.36-3.jpeg?resize=768%2C424&amp;ssl=1 768w, https:\/\/i0.wp.com\/politicosaldesnudo.com.mx\/wp-content\/uploads\/2025\/04\/WhatsApp-Image-2025-04-09-at-20.24.36-3.jpeg?w=1280&amp;ssl=1 1280w\" sizes=\"auto, (max-width: 800px) 100vw, 800px\" \/> <img data-recalc-dims=\"1\" loading=\"lazy\" decoding=\"async\" class=\"aligncenter size-large wp-image-60623\" src=\"https:\/\/i0.wp.com\/politicosaldesnudo.com.mx\/wp-content\/uploads\/2025\/04\/WhatsApp-Image-2025-04-09-at-20.24.36-2-1024x565.jpeg?resize=800%2C441&#038;ssl=1\" alt=\"\" width=\"800\" height=\"441\" srcset=\"https:\/\/i0.wp.com\/politicosaldesnudo.com.mx\/wp-content\/uploads\/2025\/04\/WhatsApp-Image-2025-04-09-at-20.24.36-2.jpeg?resize=1024%2C565&amp;ssl=1 1024w, https:\/\/i0.wp.com\/politicosaldesnudo.com.mx\/wp-content\/uploads\/2025\/04\/WhatsApp-Image-2025-04-09-at-20.24.36-2.jpeg?resize=300%2C165&amp;ssl=1 300w, https:\/\/i0.wp.com\/politicosaldesnudo.com.mx\/wp-content\/uploads\/2025\/04\/WhatsApp-Image-2025-04-09-at-20.24.36-2.jpeg?resize=768%2C424&amp;ssl=1 768w, https:\/\/i0.wp.com\/politicosaldesnudo.com.mx\/wp-content\/uploads\/2025\/04\/WhatsApp-Image-2025-04-09-at-20.24.36-2.jpeg?w=1280&amp;ssl=1 1280w\" sizes=\"auto, (max-width: 800px) 100vw, 800px\" \/><\/p>\n<p>Al inaugurar la s\u00e9ptima jornada de este tipo, la titular del organismo asistencial resalt\u00f3, \u201cSabemos que la salud no puede depender de la distancia, tiene que ser un derecho para todos, vivan donde vivan, por ello estamos aqu\u00ed, en Pa\u00edses Bajos, acercando los servicios de salud, con este numeroso equipo de profesionales, que con gusto los atender\u00e1\u201d.<\/p>\n<p><img data-recalc-dims=\"1\" loading=\"lazy\" decoding=\"async\" class=\"aligncenter size-large wp-image-60622\" src=\"https:\/\/i0.wp.com\/politicosaldesnudo.com.mx\/wp-content\/uploads\/2025\/04\/WhatsApp-Image-2025-04-09-at-20.24.36-1-1024x578.jpeg?resize=800%2C452&#038;ssl=1\" alt=\"\" width=\"800\" height=\"452\" srcset=\"https:\/\/i0.wp.com\/politicosaldesnudo.com.mx\/wp-content\/uploads\/2025\/04\/WhatsApp-Image-2025-04-09-at-20.24.36-1.jpeg?resize=1024%2C578&amp;ssl=1 1024w, https:\/\/i0.wp.com\/politicosaldesnudo.com.mx\/wp-content\/uploads\/2025\/04\/WhatsApp-Image-2025-04-09-at-20.24.36-1.jpeg?resize=300%2C169&amp;ssl=1 300w, https:\/\/i0.wp.com\/politicosaldesnudo.com.mx\/wp-content\/uploads\/2025\/04\/WhatsApp-Image-2025-04-09-at-20.24.36-1.jpeg?resize=768%2C433&amp;ssl=1 768w, https:\/\/i0.wp.com\/politicosaldesnudo.com.mx\/wp-content\/uploads\/2025\/04\/WhatsApp-Image-2025-04-09-at-20.24.36-1.jpeg?w=1280&amp;ssl=1 1280w\" sizes=\"auto, (max-width: 800px) 100vw, 800px\" \/> <img data-recalc-dims=\"1\" loading=\"lazy\" decoding=\"async\" class=\"aligncenter size-large wp-image-60621\" src=\"https:\/\/i0.wp.com\/politicosaldesnudo.com.mx\/wp-content\/uploads\/2025\/04\/WhatsApp-Image-2025-04-09-at-20.24.35-1024x593.jpeg?resize=800%2C463&#038;ssl=1\" alt=\"\" width=\"800\" height=\"463\" srcset=\"https:\/\/i0.wp.com\/politicosaldesnudo.com.mx\/wp-content\/uploads\/2025\/04\/WhatsApp-Image-2025-04-09-at-20.24.35.jpeg?resize=1024%2C593&amp;ssl=1 1024w, https:\/\/i0.wp.com\/politicosaldesnudo.com.mx\/wp-content\/uploads\/2025\/04\/WhatsApp-Image-2025-04-09-at-20.24.35.jpeg?resize=300%2C174&amp;ssl=1 300w, https:\/\/i0.wp.com\/politicosaldesnudo.com.mx\/wp-content\/uploads\/2025\/04\/WhatsApp-Image-2025-04-09-at-20.24.35.jpeg?resize=768%2C445&amp;ssl=1 768w, https:\/\/i0.wp.com\/politicosaldesnudo.com.mx\/wp-content\/uploads\/2025\/04\/WhatsApp-Image-2025-04-09-at-20.24.35.jpeg?w=1280&amp;ssl=1 1280w\" sizes=\"auto, (max-width: 800px) 100vw, 800px\" \/><\/p>\n<p>La ma\u00f1ana de este mi\u00e9rcoles con el respaldo de la Cl\u00ednica del ISSSTE Tuxpan, de la Jurisdicci\u00f3n Sanitaria n\u00famero 2 y del DIF Municipal se brindaron servicios de medicina general, atenci\u00f3n dental, detecci\u00f3n de enfermedades, vacunaci\u00f3n, toma de presi\u00f3n y glucosa, pruebas de VIH, ant\u00edgeno prost\u00e1tico, vacunaci\u00f3n antirr\u00e1bica, donaci\u00f3n de ropa, entrega de aparatos funcionales, control f\u00edsico de vectores y mucho m\u00e1s.<\/p>\n<p><img data-recalc-dims=\"1\" loading=\"lazy\" decoding=\"async\" class=\"aligncenter size-large wp-image-60620\" src=\"https:\/\/i0.wp.com\/politicosaldesnudo.com.mx\/wp-content\/uploads\/2025\/04\/WhatsApp-Image-2025-04-09-at-20.24.35-3-1024x576.jpeg?resize=800%2C450&#038;ssl=1\" alt=\"\" width=\"800\" height=\"450\" srcset=\"https:\/\/i0.wp.com\/politicosaldesnudo.com.mx\/wp-content\/uploads\/2025\/04\/WhatsApp-Image-2025-04-09-at-20.24.35-3.jpeg?resize=1024%2C576&amp;ssl=1 1024w, https:\/\/i0.wp.com\/politicosaldesnudo.com.mx\/wp-content\/uploads\/2025\/04\/WhatsApp-Image-2025-04-09-at-20.24.35-3.jpeg?resize=300%2C169&amp;ssl=1 300w, https:\/\/i0.wp.com\/politicosaldesnudo.com.mx\/wp-content\/uploads\/2025\/04\/WhatsApp-Image-2025-04-09-at-20.24.35-3.jpeg?resize=768%2C432&amp;ssl=1 768w, https:\/\/i0.wp.com\/politicosaldesnudo.com.mx\/wp-content\/uploads\/2025\/04\/WhatsApp-Image-2025-04-09-at-20.24.35-3.jpeg?w=1280&amp;ssl=1 1280w\" sizes=\"auto, (max-width: 800px) 100vw, 800px\" \/> <img data-recalc-dims=\"1\" loading=\"lazy\" decoding=\"async\" class=\"aligncenter size-large wp-image-60619\" src=\"https:\/\/i0.wp.com\/politicosaldesnudo.com.mx\/wp-content\/uploads\/2025\/04\/WhatsApp-Image-2025-04-09-at-20.24.35-2-1024x565.jpeg?resize=800%2C441&#038;ssl=1\" alt=\"\" width=\"800\" height=\"441\" srcset=\"https:\/\/i0.wp.com\/politicosaldesnudo.com.mx\/wp-content\/uploads\/2025\/04\/WhatsApp-Image-2025-04-09-at-20.24.35-2.jpeg?resize=1024%2C565&amp;ssl=1 1024w, https:\/\/i0.wp.com\/politicosaldesnudo.com.mx\/wp-content\/uploads\/2025\/04\/WhatsApp-Image-2025-04-09-at-20.24.35-2.jpeg?resize=300%2C165&amp;ssl=1 300w, https:\/\/i0.wp.com\/politicosaldesnudo.com.mx\/wp-content\/uploads\/2025\/04\/WhatsApp-Image-2025-04-09-at-20.24.35-2.jpeg?resize=768%2C424&amp;ssl=1 768w, https:\/\/i0.wp.com\/politicosaldesnudo.com.mx\/wp-content\/uploads\/2025\/04\/WhatsApp-Image-2025-04-09-at-20.24.35-2.jpeg?w=1280&amp;ssl=1 1280w\" sizes=\"auto, (max-width: 800px) 100vw, 800px\" \/><\/p>\n<p>La Defensa tambi\u00e9n se sum\u00f3 a la atenci\u00f3n m\u00e9dica y dental, realiz\u00f3 peluquer\u00eda, reparaci\u00f3n de electrodom\u00e9sticos, faenas de limpieza en el Telebrachillerato Pa\u00edses Bajos e instal\u00f3 m\u00f3dulos de registro de armas y de informaci\u00f3n a planteles militares.<\/p>\n<p><img data-recalc-dims=\"1\" loading=\"lazy\" decoding=\"async\" class=\"aligncenter size-large wp-image-60618\" src=\"https:\/\/i0.wp.com\/politicosaldesnudo.com.mx\/wp-content\/uploads\/2025\/04\/WhatsApp-Image-2025-04-09-at-20.24.35-1-1024x565.jpeg?resize=800%2C441&#038;ssl=1\" alt=\"\" width=\"800\" height=\"441\" srcset=\"https:\/\/i0.wp.com\/politicosaldesnudo.com.mx\/wp-content\/uploads\/2025\/04\/WhatsApp-Image-2025-04-09-at-20.24.35-1.jpeg?resize=1024%2C565&amp;ssl=1 1024w, https:\/\/i0.wp.com\/politicosaldesnudo.com.mx\/wp-content\/uploads\/2025\/04\/WhatsApp-Image-2025-04-09-at-20.24.35-1.jpeg?resize=300%2C165&amp;ssl=1 300w, https:\/\/i0.wp.com\/politicosaldesnudo.com.mx\/wp-content\/uploads\/2025\/04\/WhatsApp-Image-2025-04-09-at-20.24.35-1.jpeg?resize=768%2C424&amp;ssl=1 768w, https:\/\/i0.wp.com\/politicosaldesnudo.com.mx\/wp-content\/uploads\/2025\/04\/WhatsApp-Image-2025-04-09-at-20.24.35-1.jpeg?w=1280&amp;ssl=1 1280w\" sizes=\"auto, (max-width: 800px) 100vw, 800px\" \/> <img data-recalc-dims=\"1\" loading=\"lazy\" decoding=\"async\" class=\"aligncenter size-large wp-image-60617\" src=\"https:\/\/i0.wp.com\/politicosaldesnudo.com.mx\/wp-content\/uploads\/2025\/04\/WhatsApp-Image-2025-04-09-at-20.24.34-1024x636.jpeg?resize=800%2C497&#038;ssl=1\" alt=\"\" width=\"800\" height=\"497\" srcset=\"https:\/\/i0.wp.com\/politicosaldesnudo.com.mx\/wp-content\/uploads\/2025\/04\/WhatsApp-Image-2025-04-09-at-20.24.34.jpeg?resize=1024%2C636&amp;ssl=1 1024w, https:\/\/i0.wp.com\/politicosaldesnudo.com.mx\/wp-content\/uploads\/2025\/04\/WhatsApp-Image-2025-04-09-at-20.24.34.jpeg?resize=300%2C186&amp;ssl=1 300w, https:\/\/i0.wp.com\/politicosaldesnudo.com.mx\/wp-content\/uploads\/2025\/04\/WhatsApp-Image-2025-04-09-at-20.24.34.jpeg?resize=768%2C477&amp;ssl=1 768w, https:\/\/i0.wp.com\/politicosaldesnudo.com.mx\/wp-content\/uploads\/2025\/04\/WhatsApp-Image-2025-04-09-at-20.24.34.jpeg?w=1123&amp;ssl=1 1123w\" sizes=\"auto, (max-width: 800px) 100vw, 800px\" \/><\/p>\n","protected":false},"excerpt":{"rendered":"<p>&#8211; Con el respaldo de diferentes instituciones se acercan de manera gratuita los servicios m\u00e9dicos, asistenciales y de labor social.<\/p>\n","protected":false},"author":4,"featured_media":60616,"comment_status":"closed","ping_status":"closed","sticky":false,"template":"","format":"standard","meta":{"colormag_page_container_layout":"default_layout","colormag_page_sidebar_layout":"default_layout","_jetpack_memberships_contains_paid_content":false,"footnotes":"","jetpack_publicize_message":"","jetpack_publicize_feature_enabled":true,"jetpack_social_post_already_shared":false,"jetpack_social_options":{"image_generator_settings":{"template":"highway","default_image_id":0,"font":"","enabled":false},"version":2}},"categories":[3205,1082],"tags":[],"class_list":["post-60615","post","type-post","status-publish","format-standard","has-post-thumbnail","hentry","category-gobierno-tuxpan","category-tuxpan"],"jetpack_publicize_connections":[],"jetpack_featured_media_url":"https:\/\/i0.wp.com\/politicosaldesnudo.com.mx\/wp-content\/uploads\/2025\/04\/WhatsApp-Image-2025-04-09-at-20.24.34-1.jpeg?fit=1280%2C706&ssl=1","jetpack-related-posts":[],"jetpack_sharing_enabled":true,"_links":{"self":[{"href":"https:\/\/politicosaldesnudo.com.mx\/index.php\/wp-json\/wp\/v2\/posts\/60615","targetHints":{"allow":["GET"]}}],"collection":[{"href":"https:\/\/politicosaldesnudo.com.mx\/index.php\/wp-json\/wp\/v2\/posts"}],"about":[{"href":"https:\/\/politicosaldesnudo.com.mx\/index.php\/wp-json\/wp\/v2\/types\/post"}],"author":[{"embeddable":true,"href":"https:\/\/politicosaldesnudo.com.mx\/index.php\/wp-json\/wp\/v2\/users\/4"}],"replies":[{"embeddable":true,"href":"https:\/\/politicosaldesnudo.com.mx\/index.php\/wp-json\/wp\/v2\/comments?post=60615"}],"version-history":[{"count":0,"href":"https:\/\/politicosaldesnudo.com.mx\/index.php\/wp-json\/wp\/v2\/posts\/60615\/revisions"}],"wp:featuredmedia":[{"embeddable":true,"href":"https:\/\/politicosaldesnudo.com.mx\/index.php\/wp-json\/wp\/v2\/media\/60616"}],"wp:attachment":[{"href":"https:\/\/politicosaldesnudo.com.mx\/index.php\/wp-json\/wp\/v2\/media?parent=60615"}],"wp:term":[{"taxonomy":"category","embeddable":true,"href":"https:\/\/politicosaldesnudo.com.mx\/index.php\/wp-json\/wp\/v2\/categories?post=60615"},{"taxonomy":"post_tag","embeddable":true,"href":"https:\/\/politicosaldesnudo.com.mx\/index.php\/wp-json\/wp\/v2\/tags?post=60615"}],"curies":[{"name":"wp","href":"https:\/\/api.w.org\/{rel}","templated":true}]}}