{"id":60693,"date":"2025-04-10T22:22:13","date_gmt":"2025-04-11T04:22:13","guid":{"rendered":"https:\/\/politicosaldesnudo.com.mx\/?p=60693"},"modified":"2025-04-10T22:22:13","modified_gmt":"2025-04-11T04:22:13","slug":"se-instalo-en-tuxpan-el-consejo-municipal-para-la-prevencion-de-accidentes-comupra","status":"publish","type":"post","link":"https:\/\/politicosaldesnudo.com.mx\/index.php\/2025\/04\/10\/se-instalo-en-tuxpan-el-consejo-municipal-para-la-prevencion-de-accidentes-comupra\/","title":{"rendered":"Se instal\u00f3 en Tuxpan el Consejo Municipal para la Prevenci\u00f3n de Accidentes (COMUPRA)"},"content":{"rendered":"<p>Tuxpan, Ver., 10 de abril de 2025.- Se llev\u00f3 a cabo la toma de protesta e instalaci\u00f3n del Consejo Municipal para la Prevenci\u00f3n de Accidentes Tuxpan (COMUPRA).<\/p>\n<p>La sesi\u00f3n ordinaria estuvo encabezada por el Lic. Juan Pablo Alc\u00e1ntar Alvarado, secretario t\u00e9cnico del Ayuntamiento, en representaci\u00f3n del alcalde Dr. Jes\u00fas Fomperoza Torres; la Dra. Alexia del Carmen Gardu\u00f1o Izquierdo, subjefa de la Jurisdicci\u00f3n Sanitaria No. 2; el Lic. Juan Manuel Guti\u00e9rrez Leal, director de Tr\u00e1nsito y Vialidad.<\/p>\n<p><img data-recalc-dims=\"1\" loading=\"lazy\" decoding=\"async\" class=\"aligncenter size-large wp-image-60694\" src=\"https:\/\/i0.wp.com\/politicosaldesnudo.com.mx\/wp-content\/uploads\/2025\/04\/WhatsApp-Image-2025-04-10-at-15.14.58-1-1024x681.jpeg?resize=800%2C532&#038;ssl=1\" alt=\"\" width=\"800\" height=\"532\" srcset=\"https:\/\/i0.wp.com\/politicosaldesnudo.com.mx\/wp-content\/uploads\/2025\/04\/WhatsApp-Image-2025-04-10-at-15.14.58-1.jpeg?resize=1024%2C681&amp;ssl=1 1024w, https:\/\/i0.wp.com\/politicosaldesnudo.com.mx\/wp-content\/uploads\/2025\/04\/WhatsApp-Image-2025-04-10-at-15.14.58-1.jpeg?resize=300%2C200&amp;ssl=1 300w, https:\/\/i0.wp.com\/politicosaldesnudo.com.mx\/wp-content\/uploads\/2025\/04\/WhatsApp-Image-2025-04-10-at-15.14.58-1.jpeg?resize=768%2C511&amp;ssl=1 768w, https:\/\/i0.wp.com\/politicosaldesnudo.com.mx\/wp-content\/uploads\/2025\/04\/WhatsApp-Image-2025-04-10-at-15.14.58-1.jpeg?resize=1536%2C1021&amp;ssl=1 1536w, https:\/\/i0.wp.com\/politicosaldesnudo.com.mx\/wp-content\/uploads\/2025\/04\/WhatsApp-Image-2025-04-10-at-15.14.58-1.jpeg?w=1600&amp;ssl=1 1600w\" sizes=\"auto, (max-width: 800px) 100vw, 800px\" \/><\/p>\n<p>El teniente coronel de infanter\u00eda Israel Pacheco L\u00f3pez, en representaci\u00f3n de la 19\u00aa Zona Militar; Cap. Segundo de Infanter\u00eda N\u00e9stor Octavio Andr\u00e9s Antonio, del 39 Batall\u00f3n de Infanter\u00eda; segundo subinspector Juan Carlos G\u00fcemes Santos, comandante de la 171 Compa\u00f1\u00eda de la Guardia Nacional.<\/p>\n<p>La Mtra. Yaneth Ladr\u00f3n de Guevara Capistran, secretaria t\u00e9cnica del Consejo Estatal para la Prevenci\u00f3n de Accidentes; el Mtro. Carlos Alberto V\u00e1zquez Mora, responsable estatal de Sensibilizaci\u00f3n y Enlace COMUPRAS; el Dr. Ren\u00e9 Espinoza Mesa, responsable estatal del programa de Alcoholimetr\u00eda.<\/p>\n<p>En su mensaje, Juan Pablo Alc\u00e1ntar Alvarado destac\u00f3 que cada uno de los que conforman el Consejo tienen una funci\u00f3n que cumplir, por lo que las acciones que se implementen derivadas de su instalaci\u00f3n deber\u00e1n llevar a prevenir accidentes.<\/p>\n<p><img data-recalc-dims=\"1\" loading=\"lazy\" decoding=\"async\" class=\"aligncenter size-large wp-image-60695\" src=\"https:\/\/i0.wp.com\/politicosaldesnudo.com.mx\/wp-content\/uploads\/2025\/04\/WhatsApp-Image-2025-04-10-at-15.14.58-2-1024x681.jpeg?resize=800%2C532&#038;ssl=1\" alt=\"\" width=\"800\" height=\"532\" srcset=\"https:\/\/i0.wp.com\/politicosaldesnudo.com.mx\/wp-content\/uploads\/2025\/04\/WhatsApp-Image-2025-04-10-at-15.14.58-2.jpeg?resize=1024%2C681&amp;ssl=1 1024w, https:\/\/i0.wp.com\/politicosaldesnudo.com.mx\/wp-content\/uploads\/2025\/04\/WhatsApp-Image-2025-04-10-at-15.14.58-2.jpeg?resize=300%2C200&amp;ssl=1 300w, https:\/\/i0.wp.com\/politicosaldesnudo.com.mx\/wp-content\/uploads\/2025\/04\/WhatsApp-Image-2025-04-10-at-15.14.58-2.jpeg?resize=768%2C511&amp;ssl=1 768w, https:\/\/i0.wp.com\/politicosaldesnudo.com.mx\/wp-content\/uploads\/2025\/04\/WhatsApp-Image-2025-04-10-at-15.14.58-2.jpeg?resize=1536%2C1021&amp;ssl=1 1536w, https:\/\/i0.wp.com\/politicosaldesnudo.com.mx\/wp-content\/uploads\/2025\/04\/WhatsApp-Image-2025-04-10-at-15.14.58-2.jpeg?w=1600&amp;ssl=1 1600w\" sizes=\"auto, (max-width: 800px) 100vw, 800px\" \/><\/p>\n<p>Por su parte, Yaneth Ladr\u00f3n de Guevara indic\u00f3 que el objetivo de este consejo es coordinar esfuerzos para reducir la incidencia de accidentes y fortalecer estrategias para hacer frente a estos, que se han convertido en una de las principales causas de muerte y discapacidad en Veracruz:<\/p>\n<p>\u201cEs necesario poner en marcha pol\u00edticas p\u00fablicas que prevengan estos sucesos, minimicen sus consecuencias y promuevan una cultura de seguridad que involucre a todos los sectores de la sociedad\u201d.<\/p>\n<p>Agreg\u00f3 que no solo se trata de reducir la cantidad de accidentes, sino de construir un entorno seguro para todos:<\/p>\n<p>\u201cEstoy segura de que con la participaci\u00f3n de todos alcanzaremos el objetivo de proteger la vida y el bienestar de la poblaci\u00f3n, y lograremos tener un Veracruz y un Tuxpan m\u00e1s seguro\u201d.<\/p>\n<p>En la sesi\u00f3n tambi\u00e9n estuvieron presentes la s\u00edndica \u00fanica Lidia de Jes\u00fas Santiago Hern\u00e1ndez, y los regidores Amado Guti\u00e9rrez Lima, comisionado en Seguridad P\u00fablica; Juan G\u00f3mez Garc\u00eda y Luis Demetrio L\u00f3pez Mar\u00edn.<\/p>\n","protected":false},"excerpt":{"rendered":"<p>Tuxpan, Ver., 10 de abril de 2025.- Se llev\u00f3 a cabo la toma de protesta e instalaci\u00f3n del Consejo Municipal<\/p>\n","protected":false},"author":4,"featured_media":60696,"comment_status":"closed","ping_status":"closed","sticky":false,"template":"","format":"standard","meta":{"colormag_page_container_layout":"default_layout","colormag_page_sidebar_layout":"default_layout","_jetpack_memberships_contains_paid_content":false,"footnotes":"","jetpack_publicize_message":"","jetpack_publicize_feature_enabled":true,"jetpack_social_post_already_shared":false,"jetpack_social_options":{"image_generator_settings":{"template":"highway","default_image_id":0,"font":"","enabled":false},"version":2}},"categories":[3205,1082],"tags":[],"class_list":["post-60693","post","type-post","status-publish","format-standard","has-post-thumbnail","hentry","category-gobierno-tuxpan","category-tuxpan"],"jetpack_publicize_connections":[],"jetpack_featured_media_url":"https:\/\/i0.wp.com\/politicosaldesnudo.com.mx\/wp-content\/uploads\/2025\/04\/WhatsApp-Image-2025-04-10-at-15.14.58.jpeg?fit=1600%2C1020&ssl=1","jetpack-related-posts":[],"jetpack_sharing_enabled":true,"_links":{"self":[{"href":"https:\/\/politicosaldesnudo.com.mx\/index.php\/wp-json\/wp\/v2\/posts\/60693","targetHints":{"allow":["GET"]}}],"collection":[{"href":"https:\/\/politicosaldesnudo.com.mx\/index.php\/wp-json\/wp\/v2\/posts"}],"about":[{"href":"https:\/\/politicosaldesnudo.com.mx\/index.php\/wp-json\/wp\/v2\/types\/post"}],"author":[{"embeddable":true,"href":"https:\/\/politicosaldesnudo.com.mx\/index.php\/wp-json\/wp\/v2\/users\/4"}],"replies":[{"embeddable":true,"href":"https:\/\/politicosaldesnudo.com.mx\/index.php\/wp-json\/wp\/v2\/comments?post=60693"}],"version-history":[{"count":0,"href":"https:\/\/politicosaldesnudo.com.mx\/index.php\/wp-json\/wp\/v2\/posts\/60693\/revisions"}],"wp:featuredmedia":[{"embeddable":true,"href":"https:\/\/politicosaldesnudo.com.mx\/index.php\/wp-json\/wp\/v2\/media\/60696"}],"wp:attachment":[{"href":"https:\/\/politicosaldesnudo.com.mx\/index.php\/wp-json\/wp\/v2\/media?parent=60693"}],"wp:term":[{"taxonomy":"category","embeddable":true,"href":"https:\/\/politicosaldesnudo.com.mx\/index.php\/wp-json\/wp\/v2\/categories?post=60693"},{"taxonomy":"post_tag","embeddable":true,"href":"https:\/\/politicosaldesnudo.com.mx\/index.php\/wp-json\/wp\/v2\/tags?post=60693"}],"curies":[{"name":"wp","href":"https:\/\/api.w.org\/{rel}","templated":true}]}}