{"id":60698,"date":"2025-04-10T22:24:13","date_gmt":"2025-04-11T04:24:13","guid":{"rendered":"https:\/\/politicosaldesnudo.com.mx\/?p=60698"},"modified":"2025-04-10T22:24:13","modified_gmt":"2025-04-11T04:24:13","slug":"aumenta-el-numero-de-personas-beneficiadas-con-las-jornadas-multidisciplinarias","status":"publish","type":"post","link":"https:\/\/politicosaldesnudo.com.mx\/index.php\/2025\/04\/10\/aumenta-el-numero-de-personas-beneficiadas-con-las-jornadas-multidisciplinarias\/","title":{"rendered":"Aumenta el n\u00famero de personas beneficiadas con las Jornadas Multidisciplinarias"},"content":{"rendered":"<p>Tuxpan, Ver., 10 de abril de 2025.- Con ex\u00e1menes de la vista y cortes de cabello, la Jornada Multidisciplinaria sigue llevando bienestar a las familias tuxpe\u00f1as.<\/p>\n<p><img data-recalc-dims=\"1\" loading=\"lazy\" decoding=\"async\" class=\"aligncenter size-large wp-image-60702\" src=\"https:\/\/i0.wp.com\/politicosaldesnudo.com.mx\/wp-content\/uploads\/2025\/04\/WhatsApp-Image-2025-04-10-at-15.49.29-1024x575.jpeg?resize=800%2C449&#038;ssl=1\" alt=\"\" width=\"800\" height=\"449\" srcset=\"https:\/\/i0.wp.com\/politicosaldesnudo.com.mx\/wp-content\/uploads\/2025\/04\/WhatsApp-Image-2025-04-10-at-15.49.29.jpeg?resize=1024%2C575&amp;ssl=1 1024w, https:\/\/i0.wp.com\/politicosaldesnudo.com.mx\/wp-content\/uploads\/2025\/04\/WhatsApp-Image-2025-04-10-at-15.49.29.jpeg?resize=300%2C169&amp;ssl=1 300w, https:\/\/i0.wp.com\/politicosaldesnudo.com.mx\/wp-content\/uploads\/2025\/04\/WhatsApp-Image-2025-04-10-at-15.49.29.jpeg?resize=768%2C432&amp;ssl=1 768w, https:\/\/i0.wp.com\/politicosaldesnudo.com.mx\/wp-content\/uploads\/2025\/04\/WhatsApp-Image-2025-04-10-at-15.49.29.jpeg?resize=1536%2C863&amp;ssl=1 1536w, https:\/\/i0.wp.com\/politicosaldesnudo.com.mx\/wp-content\/uploads\/2025\/04\/WhatsApp-Image-2025-04-10-at-15.49.29.jpeg?w=1600&amp;ssl=1 1600w\" sizes=\"auto, (max-width: 800px) 100vw, 800px\" \/><\/p>\n<p>Esta campa\u00f1a ha sido un gran acierto por parte de la sindicatura \u00fanica del gobierno de Tuxpan, favoreciendo a cientos de personas que semana con semana acuden a la planta baja de presidencia municipal y se benefician los servicios que en ella se brindan.<\/p>\n<p><img data-recalc-dims=\"1\" loading=\"lazy\" decoding=\"async\" class=\"aligncenter size-large wp-image-60701\" src=\"https:\/\/i0.wp.com\/politicosaldesnudo.com.mx\/wp-content\/uploads\/2025\/04\/WhatsApp-Image-2025-04-10-at-15.49.29-2-1024x640.jpeg?resize=800%2C500&#038;ssl=1\" alt=\"\" width=\"800\" height=\"500\" srcset=\"https:\/\/i0.wp.com\/politicosaldesnudo.com.mx\/wp-content\/uploads\/2025\/04\/WhatsApp-Image-2025-04-10-at-15.49.29-2.jpeg?resize=1024%2C640&amp;ssl=1 1024w, https:\/\/i0.wp.com\/politicosaldesnudo.com.mx\/wp-content\/uploads\/2025\/04\/WhatsApp-Image-2025-04-10-at-15.49.29-2.jpeg?resize=300%2C187&amp;ssl=1 300w, https:\/\/i0.wp.com\/politicosaldesnudo.com.mx\/wp-content\/uploads\/2025\/04\/WhatsApp-Image-2025-04-10-at-15.49.29-2.jpeg?resize=768%2C480&amp;ssl=1 768w, https:\/\/i0.wp.com\/politicosaldesnudo.com.mx\/wp-content\/uploads\/2025\/04\/WhatsApp-Image-2025-04-10-at-15.49.29-2.jpeg?w=1351&amp;ssl=1 1351w\" sizes=\"auto, (max-width: 800px) 100vw, 800px\" \/><\/p>\n<p>Especialistas del Grupo \u00d3ptico del Totonacapan practicaron gratuitamente valoraciones visuales y ofrecieron anteojos graduados de excelente calidad, a bajo costo.<\/p>\n<p><img data-recalc-dims=\"1\" loading=\"lazy\" decoding=\"async\" class=\"aligncenter size-large wp-image-60700\" src=\"https:\/\/i0.wp.com\/politicosaldesnudo.com.mx\/wp-content\/uploads\/2025\/04\/WhatsApp-Image-2025-04-10-at-15.49.29-1-1024x719.jpeg?resize=800%2C562&#038;ssl=1\" alt=\"\" width=\"800\" height=\"562\" srcset=\"https:\/\/i0.wp.com\/politicosaldesnudo.com.mx\/wp-content\/uploads\/2025\/04\/WhatsApp-Image-2025-04-10-at-15.49.29-1.jpeg?resize=1024%2C719&amp;ssl=1 1024w, https:\/\/i0.wp.com\/politicosaldesnudo.com.mx\/wp-content\/uploads\/2025\/04\/WhatsApp-Image-2025-04-10-at-15.49.29-1.jpeg?resize=300%2C211&amp;ssl=1 300w, https:\/\/i0.wp.com\/politicosaldesnudo.com.mx\/wp-content\/uploads\/2025\/04\/WhatsApp-Image-2025-04-10-at-15.49.29-1.jpeg?resize=768%2C540&amp;ssl=1 768w, https:\/\/i0.wp.com\/politicosaldesnudo.com.mx\/wp-content\/uploads\/2025\/04\/WhatsApp-Image-2025-04-10-at-15.49.29-1.jpeg?resize=1536%2C1079&amp;ssl=1 1536w, https:\/\/i0.wp.com\/politicosaldesnudo.com.mx\/wp-content\/uploads\/2025\/04\/WhatsApp-Image-2025-04-10-at-15.49.29-1.jpeg?resize=130%2C90&amp;ssl=1 130w, https:\/\/i0.wp.com\/politicosaldesnudo.com.mx\/wp-content\/uploads\/2025\/04\/WhatsApp-Image-2025-04-10-at-15.49.29-1.jpeg?w=1600&amp;ssl=1 1600w\" sizes=\"auto, (max-width: 800px) 100vw, 800px\" \/><\/p>\n<p>Asimismo, con la participaci\u00f3n del Instituto de Belleza The Queens se realizaron cortes de cabello a personas de todas las edades, totalmente gratis.<\/p>\n<p>La s\u00edndica Lidia de Jes\u00fas Santiago Hern\u00e1ndez invit\u00f3 a la poblaci\u00f3n a que se acerque todos los jueves a esta jornada que se lleva a cabo de 10 a 14 horas.<\/p>\n","protected":false},"excerpt":{"rendered":"<p>Tuxpan, Ver., 10 de abril de 2025.- Con ex\u00e1menes de la vista y cortes de cabello, la Jornada Multidisciplinaria sigue<\/p>\n","protected":false},"author":4,"featured_media":60699,"comment_status":"closed","ping_status":"closed","sticky":false,"template":"","format":"standard","meta":{"colormag_page_container_layout":"default_layout","colormag_page_sidebar_layout":"default_layout","_jetpack_memberships_contains_paid_content":false,"footnotes":"","jetpack_publicize_message":"","jetpack_publicize_feature_enabled":true,"jetpack_social_post_already_shared":false,"jetpack_social_options":{"image_generator_settings":{"template":"highway","default_image_id":0,"font":"","enabled":false},"version":2}},"categories":[3205,1082],"tags":[],"class_list":["post-60698","post","type-post","status-publish","format-standard","has-post-thumbnail","hentry","category-gobierno-tuxpan","category-tuxpan"],"jetpack_publicize_connections":[],"jetpack_featured_media_url":"https:\/\/i0.wp.com\/politicosaldesnudo.com.mx\/wp-content\/uploads\/2025\/04\/WhatsApp-Image-2025-04-10-at-15.49.28.jpeg?fit=1500%2C844&ssl=1","jetpack-related-posts":[],"jetpack_sharing_enabled":true,"_links":{"self":[{"href":"https:\/\/politicosaldesnudo.com.mx\/index.php\/wp-json\/wp\/v2\/posts\/60698","targetHints":{"allow":["GET"]}}],"collection":[{"href":"https:\/\/politicosaldesnudo.com.mx\/index.php\/wp-json\/wp\/v2\/posts"}],"about":[{"href":"https:\/\/politicosaldesnudo.com.mx\/index.php\/wp-json\/wp\/v2\/types\/post"}],"author":[{"embeddable":true,"href":"https:\/\/politicosaldesnudo.com.mx\/index.php\/wp-json\/wp\/v2\/users\/4"}],"replies":[{"embeddable":true,"href":"https:\/\/politicosaldesnudo.com.mx\/index.php\/wp-json\/wp\/v2\/comments?post=60698"}],"version-history":[{"count":0,"href":"https:\/\/politicosaldesnudo.com.mx\/index.php\/wp-json\/wp\/v2\/posts\/60698\/revisions"}],"wp:featuredmedia":[{"embeddable":true,"href":"https:\/\/politicosaldesnudo.com.mx\/index.php\/wp-json\/wp\/v2\/media\/60699"}],"wp:attachment":[{"href":"https:\/\/politicosaldesnudo.com.mx\/index.php\/wp-json\/wp\/v2\/media?parent=60698"}],"wp:term":[{"taxonomy":"category","embeddable":true,"href":"https:\/\/politicosaldesnudo.com.mx\/index.php\/wp-json\/wp\/v2\/categories?post=60698"},{"taxonomy":"post_tag","embeddable":true,"href":"https:\/\/politicosaldesnudo.com.mx\/index.php\/wp-json\/wp\/v2\/tags?post=60698"}],"curies":[{"name":"wp","href":"https:\/\/api.w.org\/{rel}","templated":true}]}}