{"id":60710,"date":"2025-04-11T00:03:12","date_gmt":"2025-04-11T06:03:12","guid":{"rendered":"https:\/\/politicosaldesnudo.com.mx\/?p=60710"},"modified":"2025-04-10T22:38:46","modified_gmt":"2025-04-11T04:38:46","slug":"avanza-lentamente-colecta-de-cruz-roja","status":"publish","type":"post","link":"https:\/\/politicosaldesnudo.com.mx\/index.php\/2025\/04\/11\/avanza-lentamente-colecta-de-cruz-roja\/","title":{"rendered":"Avanza lentamente colecta de Cruz Roja"},"content":{"rendered":"<p>La colecta anual de la Cruz Roja en Tuxpan avanza a paso lento, reconoci\u00f3 Miguel Alc\u00e1ntar Rodr\u00edguez, presidente de la Delegaci\u00f3n local, quien hizo un llamado a la ciudadan\u00eda y al sector empresarial para sumarse con sus aportaciones econ\u00f3micas.<\/p>\n<p>En entrevista, Alc\u00e1ntar Rodr\u00edguez se\u00f1al\u00f3 que, si bien ya se han recibido algunos donativos de empresas, la respuesta a\u00fan no ha sido la esperada. \u201cNo podemos decir que ha sido una respuesta muy bollante, pero s\u00ed hay varias empresas que ya han estado aportando sus donativos\u201d, coment\u00f3. Adem\u00e1s, indic\u00f3 que tambi\u00e9n hay promesas de otras compa\u00f1\u00edas que podr\u00edan sumarse en los pr\u00f3ximos d\u00edas.<\/p>\n<p>La colecta, que tiene una duraci\u00f3n de tres meses, ya se encuentra en su segundo mes, y todav\u00eda se requiere del respaldo de la poblaci\u00f3n para alcanzar la meta establecida y cubrir los gastos operativos de la instituci\u00f3n. \u201cNos falta todav\u00eda un poco de tiempo y vamos a seguir pidi\u00e9ndoles el apoyo\u201d, afirm\u00f3.<\/p>\n<p>El presidente local destac\u00f3 que las personas y empresas pueden hacer sus aportaciones directamente a la cuenta bancaria de la Cruz Roja, lo que les permite obtener un recibo deducible de impuestos, convirti\u00e9ndose en un beneficio fiscal para los donantes.<\/p>\n<p>Miguel Alc\u00e1ntar Rodr\u00edguez reiter\u00f3 que la labor de gesti\u00f3n contin\u00faa de forma constante con el objetivo de mantener activa la operaci\u00f3n de esta instituci\u00f3n que brinda atenci\u00f3n de emergencias y apoyo a la poblaci\u00f3n tuxpe\u00f1a.<\/p>\n","protected":false},"excerpt":{"rendered":"<p>La colecta anual de la Cruz Roja en Tuxpan avanza a paso lento, reconoci\u00f3 Miguel Alc\u00e1ntar Rodr\u00edguez, presidente de la<\/p>\n","protected":false},"author":4,"featured_media":60711,"comment_status":"closed","ping_status":"closed","sticky":false,"template":"","format":"standard","meta":{"colormag_page_container_layout":"default_layout","colormag_page_sidebar_layout":"default_layout","_jetpack_memberships_contains_paid_content":false,"footnotes":"","jetpack_publicize_message":"","jetpack_publicize_feature_enabled":true,"jetpack_social_post_already_shared":false,"jetpack_social_options":{"image_generator_settings":{"template":"highway","default_image_id":0,"font":"","enabled":false},"version":2}},"categories":[1082],"tags":[],"class_list":["post-60710","post","type-post","status-publish","format-standard","has-post-thumbnail","hentry","category-tuxpan"],"jetpack_publicize_connections":[],"jetpack_featured_media_url":"https:\/\/i0.wp.com\/politicosaldesnudo.com.mx\/wp-content\/uploads\/2025\/04\/5b-2.jpg?fit=1080%2C810&ssl=1","jetpack-related-posts":[],"jetpack_sharing_enabled":true,"_links":{"self":[{"href":"https:\/\/politicosaldesnudo.com.mx\/index.php\/wp-json\/wp\/v2\/posts\/60710","targetHints":{"allow":["GET"]}}],"collection":[{"href":"https:\/\/politicosaldesnudo.com.mx\/index.php\/wp-json\/wp\/v2\/posts"}],"about":[{"href":"https:\/\/politicosaldesnudo.com.mx\/index.php\/wp-json\/wp\/v2\/types\/post"}],"author":[{"embeddable":true,"href":"https:\/\/politicosaldesnudo.com.mx\/index.php\/wp-json\/wp\/v2\/users\/4"}],"replies":[{"embeddable":true,"href":"https:\/\/politicosaldesnudo.com.mx\/index.php\/wp-json\/wp\/v2\/comments?post=60710"}],"version-history":[{"count":0,"href":"https:\/\/politicosaldesnudo.com.mx\/index.php\/wp-json\/wp\/v2\/posts\/60710\/revisions"}],"wp:featuredmedia":[{"embeddable":true,"href":"https:\/\/politicosaldesnudo.com.mx\/index.php\/wp-json\/wp\/v2\/media\/60711"}],"wp:attachment":[{"href":"https:\/\/politicosaldesnudo.com.mx\/index.php\/wp-json\/wp\/v2\/media?parent=60710"}],"wp:term":[{"taxonomy":"category","embeddable":true,"href":"https:\/\/politicosaldesnudo.com.mx\/index.php\/wp-json\/wp\/v2\/categories?post=60710"},{"taxonomy":"post_tag","embeddable":true,"href":"https:\/\/politicosaldesnudo.com.mx\/index.php\/wp-json\/wp\/v2\/tags?post=60710"}],"curies":[{"name":"wp","href":"https:\/\/api.w.org\/{rel}","templated":true}]}}