{"id":60764,"date":"2025-04-10T23:48:43","date_gmt":"2025-04-11T05:48:43","guid":{"rendered":"https:\/\/politicosaldesnudo.com.mx\/?p=60764"},"modified":"2025-04-10T23:48:43","modified_gmt":"2025-04-11T05:48:43","slug":"la-enorme-jacaranda-del-parque-juarez","status":"publish","type":"post","link":"https:\/\/politicosaldesnudo.com.mx\/index.php\/2025\/04\/10\/la-enorme-jacaranda-del-parque-juarez\/","title":{"rendered":"La enorme Jacaranda del Parque Ju\u00e1rez"},"content":{"rendered":"<ul>\n<li style=\"font-weight: 400;\"><strong>Debe de servir de llamada de alerta a las autoridades municipales<\/strong><\/li>\n<li style=\"font-weight: 400;\"><strong>Vecinos han advertido de un \u00e1rbol m\u00e1s grande en la Luz del Barrio<\/strong><\/li>\n<li style=\"font-weight: 400;\"><strong>El tronco alcanzar\u00eda a derribar alguna vivienda, ahora si con fatales consecuencias<\/strong><\/li>\n<\/ul>\n<p style=\"font-weight: 400;\"><strong>Por Miguel \u00c1ngel Cristiani G.<\/strong><\/p>\n<p style=\"font-weight: 400;\">La ca\u00edda de un enorme \u00e1rbol en el parque Ju\u00e1rez debe de servir de llamada de alerta a las autoridades municipales, en especial a las de Protecci\u00f3n Civil y Medio Ambiente, sobre la necesidad de podar algunos \u00e1rboles que se localizan en distintas partes de la capital del estado y no \u00fanicamente en el centro.<\/p>\n<p style=\"font-weight: 400;\">Por suerte, a la temprana hora en que cayeron las ramas del hermoso \u00e1rbol de jacaranda no iba pasando o paseando por el parque ninguna persona y no se registr\u00f3 ning\u00fan herido.<\/p>\n<p style=\"font-weight: 400;\">Pero por el tama\u00f1o de los troncos, pudo haber sido de fatales consecuencias.<\/p>\n<p style=\"font-weight: 400;\">Nosotros tenemos constancias de vecinos del popular barrio de la Luz del Barrio, en la calle de Privada del Bosque 17, hay un enorme pino, mucho m\u00e1s grande y alto que el que se cay\u00f3 este martes en el parque Ju\u00e1rez, que en reiteradas ocasiones ha sido reportado, pero no se le ha tocado ni una rama.<\/p>\n<p style=\"font-weight: 400;\">Como es una zona densamente poblada, si ese \u00e1rbol se viene abajo, independientemente de que vaya pasando por ah\u00ed alg\u00fan vecino, el tronco alcanzar\u00eda a derribar alguna vivienda, ahora s\u00ed con fatales consecuencias.<\/p>\n<p style=\"font-weight: 400;\">\u00bfQui\u00e9n o qu\u00e9 autoridad va a resultar responsable de no haber atendido la solicitud de los vecinos?<\/p>\n<p style=\"font-weight: 400;\">Porque luego del \u00e1rbol ca\u00eddo, el mism\u00edsimo alcalde Alberto Islas Reyes expuso que las diversas \u00e1reas operativas est\u00e1n pendientes las 24 horas del d\u00eda para atender cualquier eventualidad, independientemente de que se tiene un programa permanente de valoraci\u00f3n e intervenci\u00f3n del arbolado urbano que representa alg\u00fan riesgo, pero al de la privada del Bosque no le han ido a siquiera podar unas ramas.<\/p>\n<p style=\"font-weight: 400;\">El alcalde aseguro que en estas acciones, se emplea un equipo especial que diagnostica el estado de los \u00e1rboles, su estabilidad y p\u00e9rdida de resistencia, para actuar en consecuencia.<\/p>\n<p style=\"font-weight: 400;\">Por su parte, el director de Protecci\u00f3n Civil, Enrique Fonseca Mart\u00ednez, detall\u00f3 que el colapso del ejemplar que caus\u00f3 da\u00f1os a la estructura perimetral del parque se registr\u00f3 alrededor de las 8:45 horas, por lo que se acordon\u00f3 el \u00e1rea y se realizaron las labores de corte de ramas, poda y liberaci\u00f3n de la vialidad, ya que el incidente gener\u00f3 la obstrucci\u00f3n parcial del tr\u00e1nsito vehicular en la calle Enr\u00edquez.<\/p>\n<p style=\"font-weight: 400;\">Despu\u00e9s del \u00e1rbol ca\u00eddo, entonces s\u00ed se cont\u00f3 con el apoyo de personal de las direcciones de Medio Ambiente, Seguridad Ciudadana y Tr\u00e1nsito Municipal, la Cruz Roja y de la Direcci\u00f3n General de Tr\u00e1nsito y Seguridad Vial del Estado.<\/p>\n<p style=\"font-weight: 400;\">Justific\u00f3 que el incidente pudo obedecer al reblandecimiento del suelo por las lluvias asociadas al Frente Fr\u00edo N\u00famero 37, sumado al deterioro natural del ejemplar y la exposici\u00f3n del \u00e1rbol a la onda de calor que se tuvo en d\u00edas anteriores.<\/p>\n<p style=\"font-weight: 400;\">Por el ingreso del Frente Fr\u00edo 37, que desde el domingo gener\u00f3 rachas de viento de hasta 37 kil\u00f3metros por hora, se ha reportado la ca\u00edda de diez ramas de diferentes tama\u00f1os en distintos puntos de la ciudad, siendo la m\u00e1s importante la de este martes.<\/p>\n<p style=\"font-weight: 400;\">Ojal\u00e1 que con la Direcci\u00f3n de Medio Ambiente que se trabaja de forma conjunta para la valoraci\u00f3n y dictaminaci\u00f3n de especies en riesgo, y en este caso se llevar\u00e1 a cabo la valoraci\u00f3n del tronco y base, para implementar las acciones pertinentes y evitar mayores afectaciones.<\/p>\n<p style=\"font-weight: 400;\">Insistimos en que adicionalmente a que se valoren las condiciones del arbolado que se encuentra en el parque Benito Ju\u00e1rez, con el fin de garantizar que no haya otro incidente\u00a0de\u00a0este\u00a0tipo, deben de atenderse otros llamados de los propios vecinos que temen por una desgracia, para que luego no digan que no sab\u00edan nada o no estaban advertidos.<\/p>\n<p style=\"font-weight: 400;\">Para m\u00e1s informaci\u00f3n consulta nuestra p\u00e1gina\u00a0<a href=\"https:\/\/www.xn--bitacoraspolticas-ovb.com\/\" data-saferedirecturl=\"https:\/\/www.google.com\/url?q=https:\/\/www.xn--bitacoraspolticas-ovb.com\/&amp;source=gmail&amp;ust=1744436837437000&amp;usg=AOvVaw3Wmpu4tAvx0qxvL4t9-k2X\">https:\/\/www.xn--bitacoraspolticas-ovb.com\/<\/a><\/p>\n<p><img data-recalc-dims=\"1\" loading=\"lazy\" decoding=\"async\" class=\"aligncenter size-full wp-image-60691\" src=\"https:\/\/i0.wp.com\/politicosaldesnudo.com.mx\/wp-content\/uploads\/2025\/04\/FIRMA-EDITORIAL-PD-2.jpg?resize=800%2C98&#038;ssl=1\" alt=\"\" width=\"800\" height=\"98\" srcset=\"https:\/\/i0.wp.com\/politicosaldesnudo.com.mx\/wp-content\/uploads\/2025\/04\/FIRMA-EDITORIAL-PD-2.jpg?w=1024&amp;ssl=1 1024w, https:\/\/i0.wp.com\/politicosaldesnudo.com.mx\/wp-content\/uploads\/2025\/04\/FIRMA-EDITORIAL-PD-2.jpg?resize=300%2C37&amp;ssl=1 300w, https:\/\/i0.wp.com\/politicosaldesnudo.com.mx\/wp-content\/uploads\/2025\/04\/FIRMA-EDITORIAL-PD-2.jpg?resize=768%2C94&amp;ssl=1 768w\" sizes=\"auto, (max-width: 800px) 100vw, 800px\" \/><\/p>\n","protected":false},"excerpt":{"rendered":"<p>Debe de servir de llamada de alerta a las autoridades municipales Vecinos han advertido de un \u00e1rbol m\u00e1s grande en<\/p>\n","protected":false},"author":4,"featured_media":46060,"comment_status":"closed","ping_status":"closed","sticky":false,"template":"","format":"standard","meta":{"colormag_page_container_layout":"default_layout","colormag_page_sidebar_layout":"default_layout","_jetpack_memberships_contains_paid_content":false,"footnotes":"","jetpack_publicize_message":"","jetpack_publicize_feature_enabled":true,"jetpack_social_post_already_shared":false,"jetpack_social_options":{"image_generator_settings":{"template":"highway","default_image_id":0,"font":"","enabled":false},"version":2}},"categories":[26],"tags":[],"class_list":["post-60764","post","type-post","status-publish","format-standard","has-post-thumbnail","hentry","category-columnistas"],"jetpack_publicize_connections":[],"jetpack_featured_media_url":"https:\/\/i0.wp.com\/politicosaldesnudo.com.mx\/wp-content\/uploads\/2024\/09\/CRISTIANI-2.jpg?fit=800%2C445&ssl=1","jetpack-related-posts":[],"jetpack_sharing_enabled":true,"_links":{"self":[{"href":"https:\/\/politicosaldesnudo.com.mx\/index.php\/wp-json\/wp\/v2\/posts\/60764","targetHints":{"allow":["GET"]}}],"collection":[{"href":"https:\/\/politicosaldesnudo.com.mx\/index.php\/wp-json\/wp\/v2\/posts"}],"about":[{"href":"https:\/\/politicosaldesnudo.com.mx\/index.php\/wp-json\/wp\/v2\/types\/post"}],"author":[{"embeddable":true,"href":"https:\/\/politicosaldesnudo.com.mx\/index.php\/wp-json\/wp\/v2\/users\/4"}],"replies":[{"embeddable":true,"href":"https:\/\/politicosaldesnudo.com.mx\/index.php\/wp-json\/wp\/v2\/comments?post=60764"}],"version-history":[{"count":0,"href":"https:\/\/politicosaldesnudo.com.mx\/index.php\/wp-json\/wp\/v2\/posts\/60764\/revisions"}],"wp:featuredmedia":[{"embeddable":true,"href":"https:\/\/politicosaldesnudo.com.mx\/index.php\/wp-json\/wp\/v2\/media\/46060"}],"wp:attachment":[{"href":"https:\/\/politicosaldesnudo.com.mx\/index.php\/wp-json\/wp\/v2\/media?parent=60764"}],"wp:term":[{"taxonomy":"category","embeddable":true,"href":"https:\/\/politicosaldesnudo.com.mx\/index.php\/wp-json\/wp\/v2\/categories?post=60764"},{"taxonomy":"post_tag","embeddable":true,"href":"https:\/\/politicosaldesnudo.com.mx\/index.php\/wp-json\/wp\/v2\/tags?post=60764"}],"curies":[{"name":"wp","href":"https:\/\/api.w.org\/{rel}","templated":true}]}}