{"id":60766,"date":"2025-04-10T23:51:43","date_gmt":"2025-04-11T05:51:43","guid":{"rendered":"https:\/\/politicosaldesnudo.com.mx\/?p=60766"},"modified":"2025-04-10T23:51:43","modified_gmt":"2025-04-11T05:51:43","slug":"con-la-justicia-se-puede-proteger-a-mexico","status":"publish","type":"post","link":"https:\/\/politicosaldesnudo.com.mx\/index.php\/2025\/04\/10\/con-la-justicia-se-puede-proteger-a-mexico\/","title":{"rendered":"CON LA JUSTICIA SE PUEDE PROTEGER A M\u00c9XICO"},"content":{"rendered":"<p>Un extenso sector de ciudadanos pensantes se encuentran muy preocupados por la procuraci\u00f3n e impartici\u00f3n de justicia, perciben un sentimiento creciente de inquietud, intranquilidad, disgusto y desesperanza hacia el futuro de las instituciones que la procuran e imparten. Y se preocupan por lo que subyace en la atm\u00f3sfera social, la cual se encuentra enrarecida y pl\u00e9t\u00f3rica de incertidumbre: la corrupci\u00f3n, la inseguridad, el descontento, la impunidad, la arbitrariedad, la ignorancia, la falta de credibilidad en las instituciones que la procuran e imparten, la incorrecci\u00f3n en la aplicaci\u00f3n de las leyes. En suma: la imperfecci\u00f3n del Poder Ejecutivo en proteger a la totalidad de los ciudadanos por no obligar a las instituciones para que act\u00faen con correcci\u00f3n.<\/p>\n<p>El transitar d\u00eda con d\u00eda por fiscal\u00edas y tribunales dan la real perspectiva de lo que ocurre en el medio de la justicia, gracias a lo cual se puede apreciar corrupci\u00f3n e ignorancia en la aplicaci\u00f3n e interpretaci\u00f3n de la \u00a0Constituci\u00f3n Pol\u00edtica y las Leyes que de ella derivan, esa ruptura pasa desapercibida en el hacer de las autoridades, muchas veces por nefastos intereses de corrupci\u00f3n. Cotidianamente, en redes sociales y medios de informaci\u00f3n se propagan injusticias, desapariciones, derrama de sangre, arbitrariedades, que las m\u00e1s de las veces benefician al poder econ\u00f3mico o pol\u00edtico.<\/p>\n<p>La ciudadan\u00eda de nuestra Rep\u00fablica, al conocer de la referida informaci\u00f3n, no puede m\u00e1s que pensar que se est\u00e1 incumpliendo con la justicia que exist\u00eda antes del neoliberalismo en nuestro M\u00e9xico.<\/p>\n<p>Las cotidianas noticias van de delitos cometidos por autoridades a imputaciones encarnizadas entre los diversos partidos pol\u00edticos,\u00a0 pasando por las violaciones de pederastia hacia sus propios hijos.\u00a0 En redes sociales, papel impreso y pantallas de televisi\u00f3n se da a conocer el bajo nivel en que se encuentra la justicia por la escalada de corrupci\u00f3n por la que atraviesan fiscales, agentes del ministerio p\u00fablico, jueces y magistrados.<\/p>\n<p>M\u00e9xico en la escala internacional de corrupci\u00f3n ha descendido para colocarse en un lugar de indignidad.<\/p>\n<p>\u00bfQu\u00e9 es esto?<\/p>\n<p>Porqu\u00e9 no se toman acciones en el medio de procuraci\u00f3n e impartici\u00f3n de justicia para que se recupere la dignidad.<\/p>\n<p>La Primera Magistrada de la Naci\u00f3n dice estar dando los pasos culminantes para que la justicia se reintegre al Estado de Derecho, no obstante ello, existe sordera por parte de ciertas autoridades para escuchar lo expuesto.<\/p>\n<p>Pero esos decires, por desgracia, no llevan palabras de verdad, las fiscal\u00edas, agencias del ministerio p\u00fablico, juzgados y magistraturas siguen igual o peor. Lo que acontece en M\u00e9xico resulta ser traum\u00e1tico.<\/p>\n<p>\u00bfPodr\u00e1 Claudia Sheinbaum Pardo, fajarse sus adentros de mujer y obtener el cambio?.<\/p>\n<p>Es cu\u00e1nto.<\/p>\n<p><img data-recalc-dims=\"1\" loading=\"lazy\" decoding=\"async\" class=\"aligncenter size-full wp-image-60691\" src=\"https:\/\/i0.wp.com\/politicosaldesnudo.com.mx\/wp-content\/uploads\/2025\/04\/FIRMA-EDITORIAL-PD-2.jpg?resize=800%2C98&#038;ssl=1\" alt=\"\" width=\"800\" height=\"98\" srcset=\"https:\/\/i0.wp.com\/politicosaldesnudo.com.mx\/wp-content\/uploads\/2025\/04\/FIRMA-EDITORIAL-PD-2.jpg?w=1024&amp;ssl=1 1024w, https:\/\/i0.wp.com\/politicosaldesnudo.com.mx\/wp-content\/uploads\/2025\/04\/FIRMA-EDITORIAL-PD-2.jpg?resize=300%2C37&amp;ssl=1 300w, https:\/\/i0.wp.com\/politicosaldesnudo.com.mx\/wp-content\/uploads\/2025\/04\/FIRMA-EDITORIAL-PD-2.jpg?resize=768%2C94&amp;ssl=1 768w\" sizes=\"auto, (max-width: 800px) 100vw, 800px\" \/><\/p>\n","protected":false},"excerpt":{"rendered":"<p>Un extenso sector de ciudadanos pensantes se encuentran muy preocupados por la procuraci\u00f3n e impartici\u00f3n de justicia, perciben un sentimiento<\/p>\n","protected":false},"author":4,"featured_media":52149,"comment_status":"closed","ping_status":"closed","sticky":false,"template":"","format":"standard","meta":{"colormag_page_container_layout":"default_layout","colormag_page_sidebar_layout":"default_layout","_jetpack_memberships_contains_paid_content":false,"footnotes":"","jetpack_publicize_message":"","jetpack_publicize_feature_enabled":true,"jetpack_social_post_already_shared":false,"jetpack_social_options":{"image_generator_settings":{"template":"highway","default_image_id":0,"font":"","enabled":false},"version":2}},"categories":[26],"tags":[],"class_list":["post-60766","post","type-post","status-publish","format-standard","has-post-thumbnail","hentry","category-columnistas"],"jetpack_publicize_connections":[],"jetpack_featured_media_url":"https:\/\/i0.wp.com\/politicosaldesnudo.com.mx\/wp-content\/uploads\/2024\/12\/WOODLRICH.jpg?fit=800%2C445&ssl=1","jetpack-related-posts":[],"jetpack_sharing_enabled":true,"_links":{"self":[{"href":"https:\/\/politicosaldesnudo.com.mx\/index.php\/wp-json\/wp\/v2\/posts\/60766","targetHints":{"allow":["GET"]}}],"collection":[{"href":"https:\/\/politicosaldesnudo.com.mx\/index.php\/wp-json\/wp\/v2\/posts"}],"about":[{"href":"https:\/\/politicosaldesnudo.com.mx\/index.php\/wp-json\/wp\/v2\/types\/post"}],"author":[{"embeddable":true,"href":"https:\/\/politicosaldesnudo.com.mx\/index.php\/wp-json\/wp\/v2\/users\/4"}],"replies":[{"embeddable":true,"href":"https:\/\/politicosaldesnudo.com.mx\/index.php\/wp-json\/wp\/v2\/comments?post=60766"}],"version-history":[{"count":0,"href":"https:\/\/politicosaldesnudo.com.mx\/index.php\/wp-json\/wp\/v2\/posts\/60766\/revisions"}],"wp:featuredmedia":[{"embeddable":true,"href":"https:\/\/politicosaldesnudo.com.mx\/index.php\/wp-json\/wp\/v2\/media\/52149"}],"wp:attachment":[{"href":"https:\/\/politicosaldesnudo.com.mx\/index.php\/wp-json\/wp\/v2\/media?parent=60766"}],"wp:term":[{"taxonomy":"category","embeddable":true,"href":"https:\/\/politicosaldesnudo.com.mx\/index.php\/wp-json\/wp\/v2\/categories?post=60766"},{"taxonomy":"post_tag","embeddable":true,"href":"https:\/\/politicosaldesnudo.com.mx\/index.php\/wp-json\/wp\/v2\/tags?post=60766"}],"curies":[{"name":"wp","href":"https:\/\/api.w.org\/{rel}","templated":true}]}}