{"id":60796,"date":"2025-04-12T00:01:04","date_gmt":"2025-04-12T06:01:04","guid":{"rendered":"https:\/\/politicosaldesnudo.com.mx\/?p=60796"},"modified":"2025-04-11T21:32:00","modified_gmt":"2025-04-12T03:32:00","slug":"exitosa-conferencia-sobre-autismo","status":"publish","type":"post","link":"https:\/\/politicosaldesnudo.com.mx\/index.php\/2025\/04\/12\/exitosa-conferencia-sobre-autismo\/","title":{"rendered":"Exitosa conferencia sobre autismo"},"content":{"rendered":"<p>Este viernes se logr\u00f3 una gran convocatoria en la conferencia \u00abPara ayudar al autismo no hay como vivirlo\u00bb, impartida por el T.I. Luis Gabriel S\u00e1nchez P\u00e9rez, en conocido hotel de la ciudad.<\/p>\n<p>La conferencia, que se llev\u00f3 a cabo este 11 de abril, reuni\u00f3 a docentes y alumnos del Centro Regional de Educaci\u00f3n Normal \u201cDr. Gonzalo Aguirre Beltr\u00e1n (CREN), \u00abUniversidad del Golfo de M\u00e9xico Campus Tuxpan\u00bb, Escuelas Primarias \u00abAntonio C. Rasc\u00f3n\u00bb y \u00abJos\u00e9 Fern\u00e1ndez G\u00f3mez\u00bb, Asociaci\u00f3n de padres de ni\u00f1os con autismo\u00bb, padres de familia, Autoridades Locales y Estatales, as\u00ed como p\u00fablico en general interesados en el tema del autismo.<\/p>\n<p>El T.I. Luis Gabriel S\u00e1nchez P\u00e9rez comparti\u00f3 su experiencia y conocimientos sobre el autismo, destacando la importancia de la inclusi\u00f3n y el apoyo a las personas con esta condici\u00f3n. La conferencia fue un \u00e9xito total, con una gran asistencia y participaci\u00f3n del p\u00fablico.<\/p>\n<p>Una de las principales organizadoras del evento, la edil Anah\u00ed Aguilar, se\u00f1al\u00f3 qu\u00e9 \u00abComo Regidora me siento satisfecha con el resultado de la conferencia por la importancia de seguir trabajando para promover la conciencia y la comprensi\u00f3n sobre el autismo en la comunidad\u00bb.<\/p>\n<p>La conferencia fue un paso importante para fomentar la inclusi\u00f3n y el apoyo a las personas con autismo y sus familias en Tuxpan.<\/p>\n","protected":false},"excerpt":{"rendered":"<p>Este viernes se logr\u00f3 una gran convocatoria en la conferencia \u00abPara ayudar al autismo no hay como vivirlo\u00bb, impartida por<\/p>\n","protected":false},"author":4,"featured_media":60797,"comment_status":"closed","ping_status":"closed","sticky":false,"template":"","format":"standard","meta":{"colormag_page_container_layout":"default_layout","colormag_page_sidebar_layout":"default_layout","_jetpack_memberships_contains_paid_content":false,"footnotes":"","jetpack_publicize_message":"","jetpack_publicize_feature_enabled":true,"jetpack_social_post_already_shared":false,"jetpack_social_options":{"image_generator_settings":{"template":"highway","default_image_id":0,"font":"","enabled":false},"version":2}},"categories":[1082],"tags":[],"class_list":["post-60796","post","type-post","status-publish","format-standard","has-post-thumbnail","hentry","category-tuxpan"],"jetpack_publicize_connections":[],"jetpack_featured_media_url":"https:\/\/i0.wp.com\/politicosaldesnudo.com.mx\/wp-content\/uploads\/2025\/04\/3b1.jpg?fit=1600%2C900&ssl=1","jetpack-related-posts":[],"jetpack_sharing_enabled":true,"_links":{"self":[{"href":"https:\/\/politicosaldesnudo.com.mx\/index.php\/wp-json\/wp\/v2\/posts\/60796","targetHints":{"allow":["GET"]}}],"collection":[{"href":"https:\/\/politicosaldesnudo.com.mx\/index.php\/wp-json\/wp\/v2\/posts"}],"about":[{"href":"https:\/\/politicosaldesnudo.com.mx\/index.php\/wp-json\/wp\/v2\/types\/post"}],"author":[{"embeddable":true,"href":"https:\/\/politicosaldesnudo.com.mx\/index.php\/wp-json\/wp\/v2\/users\/4"}],"replies":[{"embeddable":true,"href":"https:\/\/politicosaldesnudo.com.mx\/index.php\/wp-json\/wp\/v2\/comments?post=60796"}],"version-history":[{"count":0,"href":"https:\/\/politicosaldesnudo.com.mx\/index.php\/wp-json\/wp\/v2\/posts\/60796\/revisions"}],"wp:featuredmedia":[{"embeddable":true,"href":"https:\/\/politicosaldesnudo.com.mx\/index.php\/wp-json\/wp\/v2\/media\/60797"}],"wp:attachment":[{"href":"https:\/\/politicosaldesnudo.com.mx\/index.php\/wp-json\/wp\/v2\/media?parent=60796"}],"wp:term":[{"taxonomy":"category","embeddable":true,"href":"https:\/\/politicosaldesnudo.com.mx\/index.php\/wp-json\/wp\/v2\/categories?post=60796"},{"taxonomy":"post_tag","embeddable":true,"href":"https:\/\/politicosaldesnudo.com.mx\/index.php\/wp-json\/wp\/v2\/tags?post=60796"}],"curies":[{"name":"wp","href":"https:\/\/api.w.org\/{rel}","templated":true}]}}