{"id":60799,"date":"2025-04-12T00:02:53","date_gmt":"2025-04-12T06:02:53","guid":{"rendered":"https:\/\/politicosaldesnudo.com.mx\/?p=60799"},"modified":"2025-04-11T21:33:37","modified_gmt":"2025-04-12T03:33:37","slug":"ruben-cruz-sagastume-legado-de-lucha-por-los-derechos-campesinos","status":"publish","type":"post","link":"https:\/\/politicosaldesnudo.com.mx\/index.php\/2025\/04\/12\/ruben-cruz-sagastume-legado-de-lucha-por-los-derechos-campesinos\/","title":{"rendered":"Rub\u00e9n Cruz Sagastume: Legado de Lucha por los Derechos Campesinos"},"content":{"rendered":"<p>La regi\u00f3n norte de Veracruz recuerda con respeto y admiraci\u00f3n a Rub\u00e9n Cruz Sagastume, un destacado l\u00edder social y agrario originario de Tuxpan, cuyo activismo incansable dej\u00f3 una huella imborrable en la defensa de los derechos campesinos.<\/p>\n<p>Su trayectoria, marcada por la participaci\u00f3n en importantes organizaciones y la cr\u00edtica a pol\u00edticas gubernamentales, lo consolid\u00f3 como una figura clave en los movimientos sociales de la zona.<\/p>\n<p>Cruz Sagastume desempe\u00f1\u00f3 roles fundamentales en la Liga de Comunidades Agrarias y la Confederaci\u00f3n Nacional Campesina (CNC), llegando a ocupar la secretar\u00eda general de esta \u00faltima en Veracruz, desde estas plataformas, su labor se centr\u00f3 en la defensa de los intereses del sector agropecuario, abordando problem\u00e1ticas cruciales como la regularizaci\u00f3n de tierras ejidales y la mejora de las condiciones de vida en las comunidades rurales.<\/p>\n<p>Un ejemplo concreto de su compromiso fue su en\u00e9rgica denuncia de la desaparici\u00f3n de expedientes para la regularizaci\u00f3n de tierras en Alto Lucero, situaci\u00f3n que afectaba directamente a miles de familias campesinas que ve\u00edan sus derechos vulnerados.<\/p>\n<p>Su visi\u00f3n trascendi\u00f3 las cuestiones agrarias, extendi\u00e9ndose a la cr\u00edtica de las pol\u00edticas energ\u00e9ticas del pa\u00eds. Cruz Sagastume lider\u00f3 activamente movimientos para exigir la aplicaci\u00f3n de tarifas el\u00e9ctricas m\u00e1s justas para Veracruz, su argumento se basaba en la paradoja de que la regi\u00f3n, siendo una importante productora de energ\u00eda, no recib\u00eda beneficios proporcionales y, por el contrario, sus habitantes sufr\u00edan altos costos en el servicio el\u00e9ctrico, esta lucha reflej\u00f3 su compromiso con el bienestar integral de las comunidades veracruzanas.<\/p>\n<p>Hoy, el legado de Rub\u00e9n Cruz Sagastume perdura en la memoria colectiva de Tuxpan y la regi\u00f3n norte de Veracruz, ser\u00e1 recordado como un defensor incansable de los derechos campesinos, un l\u00edder comprometido con el progreso de las comunidades rurales y una voz firme en la lucha por la justicia social.<\/p>\n<p>Fallece en un lamentable hecho que coincide con el aniversario luctuoso de una de sus grandes figuras de liderado agrario como lo fue Emiliano Zapata.<\/p>\n","protected":false},"excerpt":{"rendered":"<p>La regi\u00f3n norte de Veracruz recuerda con respeto y admiraci\u00f3n a Rub\u00e9n Cruz Sagastume, un destacado l\u00edder social y agrario<\/p>\n","protected":false},"author":4,"featured_media":60800,"comment_status":"closed","ping_status":"closed","sticky":false,"template":"","format":"standard","meta":{"colormag_page_container_layout":"default_layout","colormag_page_sidebar_layout":"default_layout","_jetpack_memberships_contains_paid_content":false,"footnotes":"","jetpack_publicize_message":"","jetpack_publicize_feature_enabled":true,"jetpack_social_post_already_shared":false,"jetpack_social_options":{"image_generator_settings":{"template":"highway","default_image_id":0,"font":"","enabled":false},"version":2}},"categories":[1082],"tags":[],"class_list":["post-60799","post","type-post","status-publish","format-standard","has-post-thumbnail","hentry","category-tuxpan"],"jetpack_publicize_connections":[],"jetpack_featured_media_url":"https:\/\/i0.wp.com\/politicosaldesnudo.com.mx\/wp-content\/uploads\/2025\/04\/4b-5.jpg?fit=1080%2C1006&ssl=1","jetpack-related-posts":[],"jetpack_sharing_enabled":true,"_links":{"self":[{"href":"https:\/\/politicosaldesnudo.com.mx\/index.php\/wp-json\/wp\/v2\/posts\/60799","targetHints":{"allow":["GET"]}}],"collection":[{"href":"https:\/\/politicosaldesnudo.com.mx\/index.php\/wp-json\/wp\/v2\/posts"}],"about":[{"href":"https:\/\/politicosaldesnudo.com.mx\/index.php\/wp-json\/wp\/v2\/types\/post"}],"author":[{"embeddable":true,"href":"https:\/\/politicosaldesnudo.com.mx\/index.php\/wp-json\/wp\/v2\/users\/4"}],"replies":[{"embeddable":true,"href":"https:\/\/politicosaldesnudo.com.mx\/index.php\/wp-json\/wp\/v2\/comments?post=60799"}],"version-history":[{"count":0,"href":"https:\/\/politicosaldesnudo.com.mx\/index.php\/wp-json\/wp\/v2\/posts\/60799\/revisions"}],"wp:featuredmedia":[{"embeddable":true,"href":"https:\/\/politicosaldesnudo.com.mx\/index.php\/wp-json\/wp\/v2\/media\/60800"}],"wp:attachment":[{"href":"https:\/\/politicosaldesnudo.com.mx\/index.php\/wp-json\/wp\/v2\/media?parent=60799"}],"wp:term":[{"taxonomy":"category","embeddable":true,"href":"https:\/\/politicosaldesnudo.com.mx\/index.php\/wp-json\/wp\/v2\/categories?post=60799"},{"taxonomy":"post_tag","embeddable":true,"href":"https:\/\/politicosaldesnudo.com.mx\/index.php\/wp-json\/wp\/v2\/tags?post=60799"}],"curies":[{"name":"wp","href":"https:\/\/api.w.org\/{rel}","templated":true}]}}