{"id":60802,"date":"2025-04-12T00:03:48","date_gmt":"2025-04-12T06:03:48","guid":{"rendered":"https:\/\/politicosaldesnudo.com.mx\/?p=60802"},"modified":"2025-04-11T21:34:55","modified_gmt":"2025-04-12T03:34:55","slug":"sara-gudino-una-vida-dedicada-a-la-justicia","status":"publish","type":"post","link":"https:\/\/politicosaldesnudo.com.mx\/index.php\/2025\/04\/12\/sara-gudino-una-vida-dedicada-a-la-justicia\/","title":{"rendered":"Sara Gudi\u00f1o, una vida dedicada a la justicia"},"content":{"rendered":"<p>Con una trayectoria de m\u00e1s de 17 a\u00f1os dentro del Poder Judicial, la jueza Sara Judit Gudi\u00f1o Mart\u00ednez busca continuar su compromiso con la impartici\u00f3n de justicia ahora como candidata a jueza mixta de distrito, adscrita al distrito 1 del estado de Veracruz.<\/p>\n<p>Durante una entrevista reciente, Gudi\u00f1o Mart\u00ednez comparti\u00f3 detalles de su recorrido profesional, que inici\u00f3 en 2007 como meritoria en un juzgado de distrito. Desde entonces, ha escalado de manera constante, desempe\u00f1ando funciones como analista, oficial judicial y secretaria de juzgado, acumulando experiencia en \u00f3rganos jurisdiccionales de Tamaulipas como el Juzgado Noveno y el Juzgado D\u00e9cimo Tercero de Distrito.<\/p>\n<p>En 2022, particip\u00f3 en un concurso nacional especializado para mujeres convocado por el Consejo de la Judicatura Federal, superando m\u00faltiples filtros como ex\u00e1menes te\u00f3ricos, pr\u00e1cticos y orales, hasta obtener una de las 86 plazas disponibles entre m\u00e1s de mil aspirantes.<\/p>\n<p>A sus 44 a\u00f1os, Sara Judit es licenciada en Derecho por la Universidad Aut\u00f3noma de Tamaulipas, con estudios de maestr\u00eda y doctorado en el Sistema Penal Acusatorio, adem\u00e1s de contar con m\u00faltiples diplomados y especialidades. Define su vocaci\u00f3n como un acto de amor al servicio p\u00fablico y destaca la importancia de combinar la preparaci\u00f3n t\u00e9cnica con cualidades humanas para ejercer la labor jurisdiccional de forma integral.<\/p>\n<p>En un momento hist\u00f3rico para el pa\u00eds, Gudi\u00f1o Mart\u00ednez exhorta a la ciudadan\u00eda a participar activamente en la elecci\u00f3n extraordinaria del pr\u00f3ximo 1 de junio, la primera vez que se elegir\u00e1 directamente a quienes integrar\u00e1n el Poder Judicial. \u201cEs fundamental que la gente analice los perfiles y decida con conciencia qui\u00e9nes deben estar al frente de los juzgados\u201d, subray\u00f3.<\/p>\n<p>Finalmente, invit\u00f3 a la poblaci\u00f3n a ubicar su nombre en la boleta amarilla, bajo el n\u00famero 03, y a escribir ese n\u00famero completo en la parte superior del formato de votaci\u00f3n.<\/p>\n<p>\u201cYo no veo un expediente como un n\u00famero, sino como una historia humana que merece atenci\u00f3n y justicia. Quiero seguir sirviendo desde el juzgado, con responsabilidad y empat\u00eda\u201d, concluy\u00f3.<\/p>\n","protected":false},"excerpt":{"rendered":"<p>Con una trayectoria de m\u00e1s de 17 a\u00f1os dentro del Poder Judicial, la jueza Sara Judit Gudi\u00f1o Mart\u00ednez busca continuar<\/p>\n","protected":false},"author":4,"featured_media":60803,"comment_status":"closed","ping_status":"closed","sticky":false,"template":"","format":"standard","meta":{"colormag_page_container_layout":"default_layout","colormag_page_sidebar_layout":"default_layout","_jetpack_memberships_contains_paid_content":false,"footnotes":"","jetpack_publicize_message":"","jetpack_publicize_feature_enabled":true,"jetpack_social_post_already_shared":false,"jetpack_social_options":{"image_generator_settings":{"template":"highway","default_image_id":0,"font":"","enabled":false},"version":2}},"categories":[1082],"tags":[],"class_list":["post-60802","post","type-post","status-publish","format-standard","has-post-thumbnail","hentry","category-tuxpan"],"jetpack_publicize_connections":[],"jetpack_featured_media_url":"https:\/\/i0.wp.com\/politicosaldesnudo.com.mx\/wp-content\/uploads\/2025\/04\/4c-1.jpg?fit=913%2C749&ssl=1","jetpack-related-posts":[],"jetpack_sharing_enabled":true,"_links":{"self":[{"href":"https:\/\/politicosaldesnudo.com.mx\/index.php\/wp-json\/wp\/v2\/posts\/60802","targetHints":{"allow":["GET"]}}],"collection":[{"href":"https:\/\/politicosaldesnudo.com.mx\/index.php\/wp-json\/wp\/v2\/posts"}],"about":[{"href":"https:\/\/politicosaldesnudo.com.mx\/index.php\/wp-json\/wp\/v2\/types\/post"}],"author":[{"embeddable":true,"href":"https:\/\/politicosaldesnudo.com.mx\/index.php\/wp-json\/wp\/v2\/users\/4"}],"replies":[{"embeddable":true,"href":"https:\/\/politicosaldesnudo.com.mx\/index.php\/wp-json\/wp\/v2\/comments?post=60802"}],"version-history":[{"count":0,"href":"https:\/\/politicosaldesnudo.com.mx\/index.php\/wp-json\/wp\/v2\/posts\/60802\/revisions"}],"wp:featuredmedia":[{"embeddable":true,"href":"https:\/\/politicosaldesnudo.com.mx\/index.php\/wp-json\/wp\/v2\/media\/60803"}],"wp:attachment":[{"href":"https:\/\/politicosaldesnudo.com.mx\/index.php\/wp-json\/wp\/v2\/media?parent=60802"}],"wp:term":[{"taxonomy":"category","embeddable":true,"href":"https:\/\/politicosaldesnudo.com.mx\/index.php\/wp-json\/wp\/v2\/categories?post=60802"},{"taxonomy":"post_tag","embeddable":true,"href":"https:\/\/politicosaldesnudo.com.mx\/index.php\/wp-json\/wp\/v2\/tags?post=60802"}],"curies":[{"name":"wp","href":"https:\/\/api.w.org\/{rel}","templated":true}]}}