{"id":60841,"date":"2025-04-12T00:16:56","date_gmt":"2025-04-12T06:16:56","guid":{"rendered":"https:\/\/politicosaldesnudo.com.mx\/?p=60841"},"modified":"2025-04-11T22:47:04","modified_gmt":"2025-04-12T04:47:04","slug":"habitantes-del-puerto-de-veracruz-protestan-por-falta-de-agua","status":"publish","type":"post","link":"https:\/\/politicosaldesnudo.com.mx\/index.php\/2025\/04\/12\/habitantes-del-puerto-de-veracruz-protestan-por-falta-de-agua\/","title":{"rendered":"Habitantes del puerto de Veracruz protestan por falta de agua"},"content":{"rendered":"<p class=\"nota-justify\">Habitantes de colonias en la zona centro del puerto de Veracruz se manifestaron para denunciar que llevan m\u00e1s de 20 d\u00edas sin servicio de agua potable, lo que afecta su vida diaria e impacta en su calidad de vida, pues no se pueden ba\u00f1ar o realizar otras actividades.<\/p>\n<p class=\"nota-justify\">Se\u00f1alaron que Grupo Metropolitano de Agua y Saneamiento no les ha dado una respuesta y desconocen el tiempo que llevar\u00e1 solucionar el problema de abasto del l\u00edquido.<\/p>\n<p class=\"nota-justify\">\u201cYa tenemos mucho con esto, ya no podemos estar as\u00ed, somos mucha gente, muchos adultos mayores, mucha gente que necesita el agua\u201d, coment\u00f3 una de las inconformes.<\/p>\n<p class=\"nota-justify\">Otros inconformes se\u00f1alaron que Grupo M\u00c1S ha enviado pipas para surtir agua, sin embargo, son insuficientes y no se dan abasto para todas las personas.<\/p>\n<p class=\"nota-justify\">Indicaron que m\u00e1s de 500 familias enfrentan la falta de l\u00edquido desde hace casi un mes, por lo que exigen que las autoridades les den una soluci\u00f3n lo antes posible.<\/p>\n","protected":false},"excerpt":{"rendered":"<p>Habitantes de colonias en la zona centro del puerto de Veracruz se manifestaron para denunciar que llevan m\u00e1s de 20<\/p>\n","protected":false},"author":4,"featured_media":60842,"comment_status":"closed","ping_status":"closed","sticky":false,"template":"","format":"standard","meta":{"colormag_page_container_layout":"default_layout","colormag_page_sidebar_layout":"default_layout","_jetpack_memberships_contains_paid_content":false,"footnotes":"","jetpack_publicize_message":"","jetpack_publicize_feature_enabled":true,"jetpack_social_post_already_shared":false,"jetpack_social_options":{"image_generator_settings":{"template":"highway","default_image_id":0,"font":"","enabled":false},"version":2}},"categories":[30],"tags":[],"class_list":["post-60841","post","type-post","status-publish","format-standard","has-post-thumbnail","hentry","category-estados"],"jetpack_publicize_connections":[],"jetpack_featured_media_url":"https:\/\/i0.wp.com\/politicosaldesnudo.com.mx\/wp-content\/uploads\/2025\/04\/VERAG.jpg?fit=691%2C419&ssl=1","jetpack-related-posts":[],"jetpack_sharing_enabled":true,"_links":{"self":[{"href":"https:\/\/politicosaldesnudo.com.mx\/index.php\/wp-json\/wp\/v2\/posts\/60841","targetHints":{"allow":["GET"]}}],"collection":[{"href":"https:\/\/politicosaldesnudo.com.mx\/index.php\/wp-json\/wp\/v2\/posts"}],"about":[{"href":"https:\/\/politicosaldesnudo.com.mx\/index.php\/wp-json\/wp\/v2\/types\/post"}],"author":[{"embeddable":true,"href":"https:\/\/politicosaldesnudo.com.mx\/index.php\/wp-json\/wp\/v2\/users\/4"}],"replies":[{"embeddable":true,"href":"https:\/\/politicosaldesnudo.com.mx\/index.php\/wp-json\/wp\/v2\/comments?post=60841"}],"version-history":[{"count":0,"href":"https:\/\/politicosaldesnudo.com.mx\/index.php\/wp-json\/wp\/v2\/posts\/60841\/revisions"}],"wp:featuredmedia":[{"embeddable":true,"href":"https:\/\/politicosaldesnudo.com.mx\/index.php\/wp-json\/wp\/v2\/media\/60842"}],"wp:attachment":[{"href":"https:\/\/politicosaldesnudo.com.mx\/index.php\/wp-json\/wp\/v2\/media?parent=60841"}],"wp:term":[{"taxonomy":"category","embeddable":true,"href":"https:\/\/politicosaldesnudo.com.mx\/index.php\/wp-json\/wp\/v2\/categories?post=60841"},{"taxonomy":"post_tag","embeddable":true,"href":"https:\/\/politicosaldesnudo.com.mx\/index.php\/wp-json\/wp\/v2\/tags?post=60841"}],"curies":[{"name":"wp","href":"https:\/\/api.w.org\/{rel}","templated":true}]}}