{"id":60883,"date":"2025-04-14T00:09:11","date_gmt":"2025-04-14T06:09:11","guid":{"rendered":"https:\/\/politicosaldesnudo.com.mx\/?p=60883"},"modified":"2025-04-13T20:53:22","modified_gmt":"2025-04-14T02:53:22","slug":"aranceles-a-semiconductores-seran-anunciados-durante-la-semana-trump","status":"publish","type":"post","link":"https:\/\/politicosaldesnudo.com.mx\/index.php\/2025\/04\/14\/aranceles-a-semiconductores-seran-anunciados-durante-la-semana-trump\/","title":{"rendered":"Aranceles a semiconductores ser\u00e1n anunciados durante la semana: Trump"},"content":{"rendered":"<p class=\"nota-justify\">El presidente de Estados Unidos, Donald Trump, dijo el domingo que anunciar\u00e1 la tasa arancelaria sobre los semiconductores importados durante la semana y agreg\u00f3 que habr\u00e1 flexibilidad para algunas empresas del sector.<\/p>\n<p class=\"nota-justify\">Trump habl\u00f3 con periodistas a bordo del Air Force One mientras viajaba de regreso a Washington desde su propiedad en West Palm Beach.<\/p>\n<p>Previamente Trump hab\u00eda negado que se hubieran hecho \u201cexcepciones\u201d con estos productos y, en cambio, asegur\u00f3 que emprender\u00eda una investigaci\u00f3n comercial de seguridad nacional en el sector de los semiconductores.<\/p>\n","protected":false},"excerpt":{"rendered":"<p>El presidente de Estados Unidos, Donald Trump, dijo el domingo que anunciar\u00e1 la tasa arancelaria sobre los semiconductores importados durante<\/p>\n","protected":false},"author":4,"featured_media":60884,"comment_status":"closed","ping_status":"closed","sticky":false,"template":"","format":"standard","meta":{"colormag_page_container_layout":"default_layout","colormag_page_sidebar_layout":"default_layout","_jetpack_memberships_contains_paid_content":false,"footnotes":"","jetpack_publicize_message":"","jetpack_publicize_feature_enabled":true,"jetpack_social_post_already_shared":false,"jetpack_social_options":{"image_generator_settings":{"template":"highway","default_image_id":0,"font":"","enabled":false},"version":2}},"categories":[2050],"tags":[],"class_list":["post-60883","post","type-post","status-publish","format-standard","has-post-thumbnail","hentry","category-economia"],"jetpack_publicize_connections":[],"jetpack_featured_media_url":"https:\/\/i0.wp.com\/politicosaldesnudo.com.mx\/wp-content\/uploads\/2025\/04\/SEMI.jpg?fit=773%2C513&ssl=1","jetpack-related-posts":[],"jetpack_sharing_enabled":true,"_links":{"self":[{"href":"https:\/\/politicosaldesnudo.com.mx\/index.php\/wp-json\/wp\/v2\/posts\/60883","targetHints":{"allow":["GET"]}}],"collection":[{"href":"https:\/\/politicosaldesnudo.com.mx\/index.php\/wp-json\/wp\/v2\/posts"}],"about":[{"href":"https:\/\/politicosaldesnudo.com.mx\/index.php\/wp-json\/wp\/v2\/types\/post"}],"author":[{"embeddable":true,"href":"https:\/\/politicosaldesnudo.com.mx\/index.php\/wp-json\/wp\/v2\/users\/4"}],"replies":[{"embeddable":true,"href":"https:\/\/politicosaldesnudo.com.mx\/index.php\/wp-json\/wp\/v2\/comments?post=60883"}],"version-history":[{"count":0,"href":"https:\/\/politicosaldesnudo.com.mx\/index.php\/wp-json\/wp\/v2\/posts\/60883\/revisions"}],"wp:featuredmedia":[{"embeddable":true,"href":"https:\/\/politicosaldesnudo.com.mx\/index.php\/wp-json\/wp\/v2\/media\/60884"}],"wp:attachment":[{"href":"https:\/\/politicosaldesnudo.com.mx\/index.php\/wp-json\/wp\/v2\/media?parent=60883"}],"wp:term":[{"taxonomy":"category","embeddable":true,"href":"https:\/\/politicosaldesnudo.com.mx\/index.php\/wp-json\/wp\/v2\/categories?post=60883"},{"taxonomy":"post_tag","embeddable":true,"href":"https:\/\/politicosaldesnudo.com.mx\/index.php\/wp-json\/wp\/v2\/tags?post=60883"}],"curies":[{"name":"wp","href":"https:\/\/api.w.org\/{rel}","templated":true}]}}