{"id":60898,"date":"2025-04-14T00:14:54","date_gmt":"2025-04-14T06:14:54","guid":{"rendered":"https:\/\/politicosaldesnudo.com.mx\/?p=60898"},"modified":"2025-04-13T21:04:22","modified_gmt":"2025-04-14T03:04:22","slug":"convoca-el-eznl-a-pensar-en-el-nuevo-mundo-que-queremos","status":"publish","type":"post","link":"https:\/\/politicosaldesnudo.com.mx\/index.php\/2025\/04\/14\/convoca-el-eznl-a-pensar-en-el-nuevo-mundo-que-queremos\/","title":{"rendered":"Convoca el EZNL a pensar en \u00abel nuevo mundo que queremos\u00bb"},"content":{"rendered":"<p class=\"nota-justify\">Al iniciar este domingo el (rebel y revel) arte: Encuentro de arte, rebeld\u00eda y resistencia hacia el d\u00eda despu\u00e9s, el Ej\u00e9rcito Zapatista de Liberaci\u00f3n Nacional (EZLN), convoc\u00f3 a \u201cpensar todos, el nuevo mundo que queremos\u201d porque el capitalismo \u201cnaci\u00f3 mal y por eso va a morir\u201d.<\/p>\n<p class=\"nota-justify\">El subcomandante Mois\u00e9s dijo al inaugurar la reuni\u00f3n, que \u201clo que queremos es un arte para la vida\u201d, al tiempo de se\u00f1alar que \u201cnos acostumbr\u00f3 el sistema capitalista y por eso nos tiene dominados, pero despu\u00e9s de que muera no vamos a tener nada\u201d si no nos preparamos.<\/p>\n<p class=\"nota-justify\">\u201cSu trabajo fue destruir lo bueno y como va a morir no habr\u00e1 drones porque no habr\u00e1 pilas ni carros porque no habr\u00e1 gasolina\u201d, subray\u00f3 ante m\u00e1s de mil personas reunidas en un espacio zapatista acondicionado recientemente en la comunidad de Winict\u00f3n, municipio de Tenejapa para recibir a los visitantes.<\/p>\n<p class=\"nota-justify\">Antes de la inauguraci\u00f3n oficial, desfilaron decenas de zapatistas uniformados y encapuchados, haciendo sonar uniformemente sus toletes, la \u00fanica arma que portaban.<\/p>\n<p class=\"nota-justify\">\u00a0\u201cLo que nos hizo encontrarnos ac\u00e1 es el arte. Todo es arte, s\u00f3lo que en este pueblo que se llama M\u00e9xico y en el mundo hay hoy un arte que han creado los que dominan al mundo, es decir, hay arte capitalista, sistema capitalista\u201d, dijo Mois\u00e9s.<\/p>\n<p class=\"nota-justify\">Nosotros, agreg\u00f3, \u201cqueremos crear otro arte, pero es para la vida. El arte creado por el sistema capitalista es de muerte para la gente del campo y la ciudad y tambi\u00e9n para la naturaleza. Naci\u00f3 mal el sistema capitalista y por mal se va a acabar. No naci\u00f3 para la vida. Somos testigos todas y todos los pobres del mundo. Estamos seguros de que no es vida lo que da el capitalismo. Pero usaron el arte de dominaci\u00f3n, inhumano\u201d.<\/p>\n<p class=\"nota-justify\">Abund\u00f3: \u201cA eso los convocamos, porque creemos que podemos. Aqu\u00ed estamos en este encuentro, no estamos para un concierto porque un concierto es s\u00f3lo un grupo de algo que quiere representar\u201d.<\/p>\n<p class=\"nota-justify\">Reiter\u00f3 que \u201cmal naci\u00f3 el sistema capitalista y por malo se va a morir. \u00bfQu\u00e9 nos pas\u00f3? Nos acostumbr\u00f3 el sistema y por eso nos tienen dominados. Despu\u00e9s de que muera no vamos a tener nada. Su trabajo fue destruir lo bueno de antes. Y como va a morir no habr\u00e1 drones porque no habr\u00e1 pilas ni carros porque no habr\u00e1 gasolina. Imaginen todo lo dem\u00e1s. Entonces, \u00bfc\u00f3mo va a estar la vida?\u201d.<\/p>\n<p class=\"nota-justify\">Sostuvo que el capitalismo \u201cha destruido hasta la naturaleza y va a haber reacci\u00f3n de la naturaleza\u201d, por lo que \u201ctenemos que organizarnos para ver c\u00f3mo vamos a sobrevivir. Tenemos que pensar qu\u00e9 es lo que nos va a hacer sobrevivir. Ese es el arte por el cual estamos ac\u00e1. Esa es la tarea\u201d.<\/p>\n<p class=\"nota-justify\">Agreg\u00f3: \u201cLos mexicanos somos testigos. No han hecho nada los que se dicen que son gobierno. Es el mismo sistema en otros pa\u00edses como dicen ellos o pueblos como decimos nosotros. As\u00ed que tenemos que pensar todos en el nuevo mundo que deseamos, no el que desean los que est\u00e1n en el poder que dicen. El poder est\u00e1 en el pueblo. No es poder eso que dicen ellos. No. El poder es que nosotros decidamos, propongamos, discutamos y nos toca decidir cu\u00e1l de todo el mont\u00f3n de ideas, es la mejor. Eso es el poder. El pueblo lo decide, no unos cuantos\u201d.<\/p>\n<p class=\"nota-justify\">El subcomandante afirm\u00f3 que \u201clo que queremos es arte para la vida; pensemos como ser\u00e1 cuando no haya capitalismo. Un d\u00eda sin capitalismo, qu\u00e9 vamos a hacer. Porque eso es lo que va a pasar. Por eso estamos en este encuentro, arte para crear una nueva vida, arte para la vida, porque ya no sirve el arte que hace el sistema capitalista; nosotros hemos comenzado el com\u00fan y vamos a ir demostrando en la pr\u00e1ctica lo que es ese com\u00fan, no es en el discurso\u201d.<\/p>\n<p class=\"nota-justify\">Subray\u00f3: \u201cLo vamos a ir haciendo porque es nuevo arte que no se encuentra en ning\u00fan libro ni manual. Lo vamos a ir creando porque lo ha terminado de destruir el sistema capitalista. Por eso estamos ac\u00e1\u201d.<\/p>\n","protected":false},"excerpt":{"rendered":"<p>Al iniciar este domingo el (rebel y revel) arte: Encuentro de arte, rebeld\u00eda y resistencia hacia el d\u00eda despu\u00e9s, el<\/p>\n","protected":false},"author":4,"featured_media":60899,"comment_status":"closed","ping_status":"closed","sticky":false,"template":"","format":"standard","meta":{"colormag_page_container_layout":"default_layout","colormag_page_sidebar_layout":"default_layout","_jetpack_memberships_contains_paid_content":false,"footnotes":"","jetpack_publicize_message":"","jetpack_publicize_feature_enabled":true,"jetpack_social_post_already_shared":false,"jetpack_social_options":{"image_generator_settings":{"template":"highway","default_image_id":0,"font":"","enabled":false},"version":2}},"categories":[30],"tags":[],"class_list":["post-60898","post","type-post","status-publish","format-standard","has-post-thumbnail","hentry","category-estados"],"jetpack_publicize_connections":[],"jetpack_featured_media_url":"https:\/\/i0.wp.com\/politicosaldesnudo.com.mx\/wp-content\/uploads\/2025\/04\/SUB.jpg?fit=754%2C524&ssl=1","jetpack-related-posts":[],"jetpack_sharing_enabled":true,"_links":{"self":[{"href":"https:\/\/politicosaldesnudo.com.mx\/index.php\/wp-json\/wp\/v2\/posts\/60898","targetHints":{"allow":["GET"]}}],"collection":[{"href":"https:\/\/politicosaldesnudo.com.mx\/index.php\/wp-json\/wp\/v2\/posts"}],"about":[{"href":"https:\/\/politicosaldesnudo.com.mx\/index.php\/wp-json\/wp\/v2\/types\/post"}],"author":[{"embeddable":true,"href":"https:\/\/politicosaldesnudo.com.mx\/index.php\/wp-json\/wp\/v2\/users\/4"}],"replies":[{"embeddable":true,"href":"https:\/\/politicosaldesnudo.com.mx\/index.php\/wp-json\/wp\/v2\/comments?post=60898"}],"version-history":[{"count":0,"href":"https:\/\/politicosaldesnudo.com.mx\/index.php\/wp-json\/wp\/v2\/posts\/60898\/revisions"}],"wp:featuredmedia":[{"embeddable":true,"href":"https:\/\/politicosaldesnudo.com.mx\/index.php\/wp-json\/wp\/v2\/media\/60899"}],"wp:attachment":[{"href":"https:\/\/politicosaldesnudo.com.mx\/index.php\/wp-json\/wp\/v2\/media?parent=60898"}],"wp:term":[{"taxonomy":"category","embeddable":true,"href":"https:\/\/politicosaldesnudo.com.mx\/index.php\/wp-json\/wp\/v2\/categories?post=60898"},{"taxonomy":"post_tag","embeddable":true,"href":"https:\/\/politicosaldesnudo.com.mx\/index.php\/wp-json\/wp\/v2\/tags?post=60898"}],"curies":[{"name":"wp","href":"https:\/\/api.w.org\/{rel}","templated":true}]}}