{"id":60907,"date":"2025-04-14T00:17:21","date_gmt":"2025-04-14T06:17:21","guid":{"rendered":"https:\/\/politicosaldesnudo.com.mx\/?p=60907"},"modified":"2025-04-13T21:15:34","modified_gmt":"2025-04-14T03:15:34","slug":"daniel-noboa-gana-segunda-vuelta-presidencial-en-ecuador-luisa-gonzalez-desconoce-resultados","status":"publish","type":"post","link":"https:\/\/politicosaldesnudo.com.mx\/index.php\/2025\/04\/14\/daniel-noboa-gana-segunda-vuelta-presidencial-en-ecuador-luisa-gonzalez-desconoce-resultados\/","title":{"rendered":"Daniel Noboa gana segunda vuelta presidencial en Ecuador; Luisa Gonz\u00e1lez desconoce resultados"},"content":{"rendered":"<p class=\"nota-justify\">Con una diferencia de m\u00e1s de un mill\u00f3n de votos, seg\u00fan el conteo oficial, Daniel Noboa aventajaba el escrutinio de la segunda vuelta de la elecci\u00f3n presidencial celebrada este domingo, por 11 puntos porcentuales, seg\u00fan los resultados del Consejo Nacional Electoral (CNE). Noboa logr\u00f3 55.85 por ciento, y Luisa Gonz\u00e1lez de la opositora Revoluci\u00f3n Ciudadana (RC), 44.15 puntos porcentuales, escrutado 93 por ciento de los votos.<\/p>\n<p class=\"nota-justify\">Al cierre de la jornada y con la denuncia de un posible fraude por parte de la candidata de RC, la presidenta del CNE, Diana Atamaint dijo: \u201cCon m\u00e1s de 90 por ciento de las actas se marca una tendencia irreversible en los resultados. La autoridad electoral considera que el binomio ganador es el conformado por Daniel Noboa y Mar\u00eda Jos\u00e9 Pinto\u201d.<\/p>\n<p class=\"nota-justify\">La autoridad electoral report\u00f3 que la participaci\u00f3n ciudadana se ubic\u00f3 en alrededor de 83 por ciento del padr\u00f3n de 13.7 millones de electores habilitados. Asimismo, se registraron 6.71 por ciento de votos nulos y 0.65 por ciento votos en blanco. El nivel de ausentimo fue casi id\u00e9ntico al del 9 de febrero pasado, en la primera ronda, a pesar de que en esta ocasi\u00f3n el crudo invierno dificult\u00f3 la presencia de los votantes en algunos recintos, principalmente de la costa ecuatoriana.<\/p>\n<p class=\"nota-justify\">Al pronunciarse desde su casa en Ol\u00f3n, un pueblo pesquero de la provincia de Santa Elena, Noboa indic\u00f3 que su victoria ha sido hist\u00f3rica. \u201cHa sido a base de perseverancia, de lucha, de trabajo, de cada uno de los miembros de este equipo que busca ese nuevo Ecuador\u201d, remarc\u00f3. Adem\u00e1s, agradeci\u00f3 a su gabinete por el trabajo realizado en su primer periodo presidencial, el mismo que estuvo muy activo durante la segunda vuelta, con la presencia de funcionarios p\u00fablicos en casi todos los eventos y con la entrega de bonos y otros regalos en las poblaciones marginadas.<\/p>\n<p class=\"nota-justify\">\u201cEn ese camino hacia la paz, hacia la justicia, hacia el progreso, hacia el empleo de nuestros j\u00f3venes\u201d, dijo sin aludir a su rival y tampoco aclarar buena parte de las cr\u00edticas que hicieron observadores internacionales sobre el uso de recursos p\u00fablicos, no haber pedido licencia para el proselitismo y nombrar a una vicepresidenta sin base legal. Eso s\u00ed, adelant\u00f3 que habr\u00e1 cambios en su gabinete en la perspectiva de ajustar la asunci\u00f3n del mando el 24 de mayo para los pr\u00f3ximos cuatro a\u00f1os de mandato. Adem\u00e1s desvirtu\u00f3 las denuncias de fraude por parte de su rival, cuando dijo que un mill\u00f3n de votos de diferencia hacen imposible que se pueda hablar de fraude.<\/p>\n<p class=\"nota-justify\">Estos comicios fueron una reedici\u00f3n de la segunda vuelta de las presidenciales de 2023, celebradas para completar el mandato inconcluso de Guillermo Lasso, quien disolvi\u00f3 el Parlamento a trav\u00e9s de la llamada \u201cmuerte cruzada\u201d, tras un esc\u00e1ndalo pol\u00edtico por denuncias de corrupci\u00f3n y vinculaci\u00f3n del ex presidente con la denominada \u201cMafia Albanesa\u201d.<\/p>\n","protected":false},"excerpt":{"rendered":"<p>Con una diferencia de m\u00e1s de un mill\u00f3n de votos, seg\u00fan el conteo oficial, Daniel Noboa aventajaba el escrutinio de<\/p>\n","protected":false},"author":4,"featured_media":60908,"comment_status":"closed","ping_status":"closed","sticky":false,"template":"","format":"standard","meta":{"colormag_page_container_layout":"default_layout","colormag_page_sidebar_layout":"default_layout","_jetpack_memberships_contains_paid_content":false,"footnotes":"","jetpack_publicize_message":"","jetpack_publicize_feature_enabled":true,"jetpack_social_post_already_shared":false,"jetpack_social_options":{"image_generator_settings":{"template":"highway","default_image_id":0,"font":"","enabled":false},"version":2}},"categories":[28],"tags":[],"class_list":["post-60907","post","type-post","status-publish","format-standard","has-post-thumbnail","hentry","category-internacional"],"jetpack_publicize_connections":[],"jetpack_featured_media_url":"https:\/\/i0.wp.com\/politicosaldesnudo.com.mx\/wp-content\/uploads\/2025\/04\/NOV.jpg?fit=715%2C494&ssl=1","jetpack-related-posts":[],"jetpack_sharing_enabled":true,"_links":{"self":[{"href":"https:\/\/politicosaldesnudo.com.mx\/index.php\/wp-json\/wp\/v2\/posts\/60907","targetHints":{"allow":["GET"]}}],"collection":[{"href":"https:\/\/politicosaldesnudo.com.mx\/index.php\/wp-json\/wp\/v2\/posts"}],"about":[{"href":"https:\/\/politicosaldesnudo.com.mx\/index.php\/wp-json\/wp\/v2\/types\/post"}],"author":[{"embeddable":true,"href":"https:\/\/politicosaldesnudo.com.mx\/index.php\/wp-json\/wp\/v2\/users\/4"}],"replies":[{"embeddable":true,"href":"https:\/\/politicosaldesnudo.com.mx\/index.php\/wp-json\/wp\/v2\/comments?post=60907"}],"version-history":[{"count":0,"href":"https:\/\/politicosaldesnudo.com.mx\/index.php\/wp-json\/wp\/v2\/posts\/60907\/revisions"}],"wp:featuredmedia":[{"embeddable":true,"href":"https:\/\/politicosaldesnudo.com.mx\/index.php\/wp-json\/wp\/v2\/media\/60908"}],"wp:attachment":[{"href":"https:\/\/politicosaldesnudo.com.mx\/index.php\/wp-json\/wp\/v2\/media?parent=60907"}],"wp:term":[{"taxonomy":"category","embeddable":true,"href":"https:\/\/politicosaldesnudo.com.mx\/index.php\/wp-json\/wp\/v2\/categories?post=60907"},{"taxonomy":"post_tag","embeddable":true,"href":"https:\/\/politicosaldesnudo.com.mx\/index.php\/wp-json\/wp\/v2\/tags?post=60907"}],"curies":[{"name":"wp","href":"https:\/\/api.w.org\/{rel}","templated":true}]}}