{"id":60910,"date":"2025-04-14T00:18:22","date_gmt":"2025-04-14T06:18:22","guid":{"rendered":"https:\/\/politicosaldesnudo.com.mx\/?p=60910"},"modified":"2025-04-13T21:18:23","modified_gmt":"2025-04-14T03:18:23","slug":"enfrentamientos-entre-el-gobierno-y-rebeldes-en-congo-dejan-50-muertos","status":"publish","type":"post","link":"https:\/\/politicosaldesnudo.com.mx\/index.php\/2025\/04\/14\/enfrentamientos-entre-el-gobierno-y-rebeldes-en-congo-dejan-50-muertos\/","title":{"rendered":"Enfrentamientos entre el gobierno y rebeldes en Congo dejan 50 muertos"},"content":{"rendered":"<p>Al menos 50 personas murieron en ataques durante el fin de semana en el este de Rep\u00fablica Democr\u00e1tica del Congo, una regi\u00f3n asolada por el conflicto, dijeron las autoridades el s\u00e1bado. El gobierno y los rebeldes respaldados por Ruanda se acusaron mutuamente por la violencia que r\u00e1pidamente intensific\u00f3 el conflicto en la regi\u00f3n.<\/p>\n<p>La renovada violencia que los residentes reportaron en y alrededor de la ciudad m\u00e1s grande de la regi\u00f3n, Goma \u2014que controlan los rebeldes del M23\u2014 era la mayor amenaza hasta ahora para los esfuerzos de paz que realizan tanto Qatar, un estado \u00e1rabe del golfo P\u00e9rsico, como las naciones africanas en el conflicto que ha suscitado temores a una guerra regional.<\/p>\n<p>Amboma Safari, residente en Goma, relat\u00f3 c\u00f3mo su familia de cuatro personas pas\u00f3 la noche bajo la cama mientras escuchaban disparos y explosiones de bombas durante la noche del viernes. \u201cVimos cad\u00e1veres de soldados, pero no sabemos de qu\u00e9 grupo son\u201d, dijo Safari.<\/p>\n<p>En la ciudad de Bukavu, que tambi\u00e9n controlan los rebeldes del M23, decenas de miembros de la milicia local armada Wazalendo, que luchan junto a las fuerzas congole\u00f1as, marcharon durante unas horas hacia el aeropuerto local mientras parec\u00edan desafiar a los rebeldes.<\/p>\n<p>El grupo, que luego se retir\u00f3, declar\u00f3 un alto el fuego el domingo para dar \u201cuna oportunidad\u201d a las conversaciones de paz en curso.<\/p>\n<p>El conflicto iniciado hace d\u00e9cadas entre Congo y el M23 se intensific\u00f3 en enero, cuando los rebeldes hicieron un avance sin precedentes y tomaron Goma y despu\u00e9s Bukavu, en febrero. Los combates han matado a unas 3.000 personas y han empeorado lo que ya era una de las mayores crisis humanitarias del mundo, con alrededor de 7 millones de personas desplazadas.<\/p>\n<p>El Ministerio del Interior dijo en un comunicado que 52 personas murieron entre el viernes y el s\u00e1bado, incluida una persona que fue asesinada a tiros en el Hospital Kyeshero de Goma. El ministerio culp\u00f3 del ataque al M23.<\/p>\n<p>El portavoz del M23, Lawrence Kanyuka, emiti\u00f3 un comunicado culpando a las fuerzas congole\u00f1as y sus aliados por los ataques. Kanyuka manifest\u00f3 que las operaciones conjuntas del gobierno con milicias locales y tropas del sur de \u00c1frica \u201camenazan directamente la estabilidad y seguridad de los civiles\u201d en la regi\u00f3n.<\/p>\n<p>El grupo dijo que se ha visto obligado a \u201creconsiderar su posici\u00f3n para priorizar la seguridad\u201d de las personas en el \u00e1rea, lo que suger\u00eda que la crisis podr\u00eda empeorar.<\/p>\n<p>Christian Kalamo, un l\u00edder de la sociedad civil en la provincia de Kivu del Norte, que incluye Goma, dijo que el s\u00e1bado se hab\u00eda visto al menos un cuerpo en las calles.<\/p>\n<p>\u00abEs dif\u00edcil saber si son los Wazalendo, las FARDC (fuerzas congole\u00f1as) o el M23\u00bb quienes llevaron a cabo los ataques, dijo Kalamo. \u201cAhora no sabemos qu\u00e9 suceder\u00e1 y vivimos con miedo en el est\u00f3mago, pensando que la guerra se reanudar\u00e1\u201d.<\/p>\n","protected":false},"excerpt":{"rendered":"<p>Al menos 50 personas murieron en ataques durante el fin de semana en el este de Rep\u00fablica Democr\u00e1tica del Congo,<\/p>\n","protected":false},"author":4,"featured_media":60911,"comment_status":"closed","ping_status":"closed","sticky":false,"template":"","format":"standard","meta":{"colormag_page_container_layout":"default_layout","colormag_page_sidebar_layout":"default_layout","_jetpack_memberships_contains_paid_content":false,"footnotes":"","jetpack_publicize_message":"","jetpack_publicize_feature_enabled":true,"jetpack_social_post_already_shared":false,"jetpack_social_options":{"image_generator_settings":{"template":"highway","default_image_id":0,"font":"","enabled":false},"version":2}},"categories":[28],"tags":[],"class_list":["post-60910","post","type-post","status-publish","format-standard","has-post-thumbnail","hentry","category-internacional"],"jetpack_publicize_connections":[],"jetpack_featured_media_url":"https:\/\/i0.wp.com\/politicosaldesnudo.com.mx\/wp-content\/uploads\/2025\/04\/REB.jpg?fit=709%2C476&ssl=1","jetpack-related-posts":[],"jetpack_sharing_enabled":true,"_links":{"self":[{"href":"https:\/\/politicosaldesnudo.com.mx\/index.php\/wp-json\/wp\/v2\/posts\/60910","targetHints":{"allow":["GET"]}}],"collection":[{"href":"https:\/\/politicosaldesnudo.com.mx\/index.php\/wp-json\/wp\/v2\/posts"}],"about":[{"href":"https:\/\/politicosaldesnudo.com.mx\/index.php\/wp-json\/wp\/v2\/types\/post"}],"author":[{"embeddable":true,"href":"https:\/\/politicosaldesnudo.com.mx\/index.php\/wp-json\/wp\/v2\/users\/4"}],"replies":[{"embeddable":true,"href":"https:\/\/politicosaldesnudo.com.mx\/index.php\/wp-json\/wp\/v2\/comments?post=60910"}],"version-history":[{"count":0,"href":"https:\/\/politicosaldesnudo.com.mx\/index.php\/wp-json\/wp\/v2\/posts\/60910\/revisions"}],"wp:featuredmedia":[{"embeddable":true,"href":"https:\/\/politicosaldesnudo.com.mx\/index.php\/wp-json\/wp\/v2\/media\/60911"}],"wp:attachment":[{"href":"https:\/\/politicosaldesnudo.com.mx\/index.php\/wp-json\/wp\/v2\/media?parent=60910"}],"wp:term":[{"taxonomy":"category","embeddable":true,"href":"https:\/\/politicosaldesnudo.com.mx\/index.php\/wp-json\/wp\/v2\/categories?post=60910"},{"taxonomy":"post_tag","embeddable":true,"href":"https:\/\/politicosaldesnudo.com.mx\/index.php\/wp-json\/wp\/v2\/tags?post=60910"}],"curies":[{"name":"wp","href":"https:\/\/api.w.org\/{rel}","templated":true}]}}