{"id":60913,"date":"2025-04-14T00:19:27","date_gmt":"2025-04-14T06:19:27","guid":{"rendered":"https:\/\/politicosaldesnudo.com.mx\/?p=60913"},"modified":"2025-04-13T21:20:12","modified_gmt":"2025-04-14T03:20:12","slug":"grave-error-de-macron-al-promover-estado-palestino-benjamin-netanyahu","status":"publish","type":"post","link":"https:\/\/politicosaldesnudo.com.mx\/index.php\/2025\/04\/14\/grave-error-de-macron-al-promover-estado-palestino-benjamin-netanyahu\/","title":{"rendered":"\u201cGrave error\u201d de Macron al promover Estado Palestino: Benjamin Netanyahu"},"content":{"rendered":"<p class=\"nota-justify\">El primer ministro israel\u00ed, Benjamin Netanyahu, dijo este domingo que el presidente franc\u00e9s, Emmanuel Macron, comete un \u00abgrave error\u00bb al promover la idea de un Estado palestino.<\/p>\n<p class=\"nota-justify\">La semana pasada, el mandatario franc\u00e9s hizo varias declaraciones sobre el posible reconocimiento por parte de Francia de un Estado palestino.<\/p>\n<p class=\"nota-justify\">\u00abEl presidente Macron comete un grave error al seguir promoviendo la idea de un Estado palestino en el coraz\u00f3n de nuestra tierra, un Estado cuya \u00fanica aspiraci\u00f3n es la destrucci\u00f3n de Israel\u00bb, escribi\u00f3 Netanyahu en X.<\/p>\n<p class=\"nota-justify\">En una entrevista difundida el mi\u00e9rcoles, Macron afirm\u00f3 que Francia podr\u00eda reconocer al Estado palestino en junio, en una conferencia que copresidir\u00e1n Par\u00eds y Arabia Saudita en la sede de la ONU en Nueva York, y dijo que esperaba que esto desencadenara un reconocimiento rec\u00edproco de Israel por parte de los pa\u00edses \u00e1rabes.<\/p>\n<p class=\"nota-justify\">Sus comentarios desencadenaron una oleada de protestas de la derecha y la extrema derecha en Francia.<\/p>\n<p class=\"nota-justify\">El viernes, el mandatario franc\u00e9s escribi\u00f3 en X un mensaje para aclarar las \u00abintenciones\u00bb de Francia frente a lo que tach\u00f3 de \u00abatajos\u00bb y \u00abnoticias falsas\u00bb.<\/p>\n<p class=\"nota-justify\">En su mensaje hizo hincapi\u00e9 en \u00abel derecho leg\u00edtimo de los palestinos a un Estado y a la paz, como el de los israel\u00edes a vivir en paz y seguridad, ambos reconocidos por sus vecinos\u00bb.<\/p>\n<p class=\"nota-justify\">Netanyahu tambi\u00e9n se desmarc\u00f3 de su hijo Yair, que en un mensaje en X el s\u00e1bado escribi\u00f3 \u00ab\u00a1J\u00f3dete!\u00bb a Macron.<\/p>\n<p class=\"nota-justify\">\u00abComo cualquier ciudadano, tiene derecho a su opini\u00f3n personal, aunque el tono de su respuesta al tuit del presidente Macron pidiendo la creaci\u00f3n de un Estado palestino me parece inaceptable\u00bb, dijo el primer ministro.<\/p>\n<p class=\"nota-justify\">Los llamados a implementar la \u00absoluci\u00f3n de dos Estados\u00bb, uno palestino al lado de Israel, se han multiplicado desde el inicio de la guerra en Gaza, desencadenada por el ataque sin precedentes de Ham\u00e1s en territorio israel\u00ed el 7 de octubre de 2023.<\/p>\n<p class=\"nota-justify\">Actualmente, 147 pa\u00edses reconocen el Estado palestino. En mayo de 2024, Irlanda, Noruega y Espa\u00f1a dieron este paso, seguidos por Eslovenia en junio.<\/p>\n<p class=\"nota-justify\">Sin embargo, grandes potencias europeas como Francia, Alemania e Italia se han abstenido por el momento.<\/p>\n","protected":false},"excerpt":{"rendered":"<p>El primer ministro israel\u00ed, Benjamin Netanyahu, dijo este domingo que el presidente franc\u00e9s, Emmanuel Macron, comete un \u00abgrave error\u00bb al<\/p>\n","protected":false},"author":4,"featured_media":60914,"comment_status":"closed","ping_status":"closed","sticky":false,"template":"","format":"standard","meta":{"colormag_page_container_layout":"default_layout","colormag_page_sidebar_layout":"default_layout","_jetpack_memberships_contains_paid_content":false,"footnotes":"","jetpack_publicize_message":"","jetpack_publicize_feature_enabled":true,"jetpack_social_post_already_shared":false,"jetpack_social_options":{"image_generator_settings":{"template":"highway","default_image_id":0,"font":"","enabled":false},"version":2}},"categories":[28],"tags":[],"class_list":["post-60913","post","type-post","status-publish","format-standard","has-post-thumbnail","hentry","category-internacional"],"jetpack_publicize_connections":[],"jetpack_featured_media_url":"https:\/\/i0.wp.com\/politicosaldesnudo.com.mx\/wp-content\/uploads\/2025\/04\/NET-1.jpg?fit=733%2C491&ssl=1","jetpack-related-posts":[],"jetpack_sharing_enabled":true,"_links":{"self":[{"href":"https:\/\/politicosaldesnudo.com.mx\/index.php\/wp-json\/wp\/v2\/posts\/60913","targetHints":{"allow":["GET"]}}],"collection":[{"href":"https:\/\/politicosaldesnudo.com.mx\/index.php\/wp-json\/wp\/v2\/posts"}],"about":[{"href":"https:\/\/politicosaldesnudo.com.mx\/index.php\/wp-json\/wp\/v2\/types\/post"}],"author":[{"embeddable":true,"href":"https:\/\/politicosaldesnudo.com.mx\/index.php\/wp-json\/wp\/v2\/users\/4"}],"replies":[{"embeddable":true,"href":"https:\/\/politicosaldesnudo.com.mx\/index.php\/wp-json\/wp\/v2\/comments?post=60913"}],"version-history":[{"count":0,"href":"https:\/\/politicosaldesnudo.com.mx\/index.php\/wp-json\/wp\/v2\/posts\/60913\/revisions"}],"wp:featuredmedia":[{"embeddable":true,"href":"https:\/\/politicosaldesnudo.com.mx\/index.php\/wp-json\/wp\/v2\/media\/60914"}],"wp:attachment":[{"href":"https:\/\/politicosaldesnudo.com.mx\/index.php\/wp-json\/wp\/v2\/media?parent=60913"}],"wp:term":[{"taxonomy":"category","embeddable":true,"href":"https:\/\/politicosaldesnudo.com.mx\/index.php\/wp-json\/wp\/v2\/categories?post=60913"},{"taxonomy":"post_tag","embeddable":true,"href":"https:\/\/politicosaldesnudo.com.mx\/index.php\/wp-json\/wp\/v2\/tags?post=60913"}],"curies":[{"name":"wp","href":"https:\/\/api.w.org\/{rel}","templated":true}]}}