{"id":60939,"date":"2025-04-13T22:05:18","date_gmt":"2025-04-14T04:05:18","guid":{"rendered":"https:\/\/politicosaldesnudo.com.mx\/?p=60939"},"modified":"2025-04-13T22:05:18","modified_gmt":"2025-04-14T04:05:18","slug":"la-victimizacion-gubernamental","status":"publish","type":"post","link":"https:\/\/politicosaldesnudo.com.mx\/index.php\/2025\/04\/13\/la-victimizacion-gubernamental\/","title":{"rendered":"LA VICTIMIZACI\u00d3N GUBERNAMENTAL"},"content":{"rendered":"<p>Qu\u00e9 descaro de la mayor\u00eda de MORENA y sus aliados en la c\u00e1mara alta. Por iniciativa del presidente del Senado, -Gerardo Fern\u00e1ndez Noro\u00f1a-, pretenden realizar un extra\u00f1amiento en contra de Olivier Frouvilleu, -presidente del Comit\u00e9 Contra la Desaparici\u00f3n Forzada, -de la ONU-, por su declaraci\u00f3n de que en M\u00e9xico las desapariciones de personas suceden de modo sistem\u00e1tico en todo el territorio.<\/p>\n<p>Es cierto que la desaparici\u00f3n forzada no la practican hoy ni el Estado Mexicano, ni el Gobierno, y que este fen\u00f3meno no inici\u00f3 durante el gobierno de L\u00f3pez Obrador. Sin embargo, s\u00ed podemos asegurar que creci\u00f3 de forma exorbitante por la negligencia del gobierno anterior.<\/p>\n<p>Por otra parte, desafortunadas las declaraciones de la presidenta de MORENA, -Luisa Mar\u00eda Alcalde-, al responder a los cuestionamientos del m\u00e1s poderoso organismo internacional, -como lo es la ONU-, victimizando al gobierno de M\u00e9xico y acusando a esta prestigiada instituci\u00f3n internacional de tener <em>\u201corientaci\u00f3n pol\u00edtica e ideol\u00f3gica\u2026 pues no les gustan los gobiernos progresistas cercanos a la gente\u201d.<\/em><\/p>\n<p>Afirmar que de \u201c2018 a la fecha el Gobierno de M\u00e9xico no desaparece personas ni viola derechos humanos, y tampoco tolera ni encubre a ninguna autoridad\u201d,\u00a0 es un distractor para ocultar una verdad incuestionable: el fracaso de la pol\u00edtica obradorista \u201cabrazos no balazos\u201d, de la cual ella tambi\u00e9n fue responsable durante poco m\u00e1s de un a\u00f1o, en que fungi\u00f3 como secretaria de gobernaci\u00f3n, el segundo cargo gubernamental m\u00e1s importante de M\u00e9xico y que adem\u00e1s es responsable de la seguridad interna de nuestro pa\u00eds, as\u00ed como de coordinar al gabinete presidencial.<\/p>\n<p>Efectivamente, el gobierno de M\u00e9xico no desaparece personas: lo hace la delincuencia.\u00a0 Sin embargo, las declaraciones de Olivier Frouvilleu no culpan al gobierno de ser el autor material ni intelectual, sino de haber sido indolente y tolerante frente a este fen\u00f3meno delincuencial y no haber llevado a cabo las acciones que constitucionalmente debe realizar. El gobierno federal cuenta con la infraestructura militar necesaria para combatir con eficiencia y efectividad a la delincuencia, pero por una decisi\u00f3n pol\u00edtica del presidente L\u00f3pez Obrador, -comandante supremo de las Fuerzas Armadas-, el gobierno de M\u00e9xico se abstuvo de realizar lo que est\u00e1 obligado a hacer.<\/p>\n<p>Sobre las declaraciones de la presidenta de la Comisi\u00f3n Nacional de Derechos Humanos, CNDH, Mar\u00eda del Rosario Piedra Ibarra, s\u00f3lo podemos decir que est\u00e1n fuera de contexto.<\/p>\n<p>Este organismo ha permanecido ausente del acontecer nacional desde que ella tom\u00f3 el cargo, y sin embargo, hoy frente a los cuestionamientos de la ONU responde retadoramente, recrimin\u00e1ndole no haberse manifestado en contra de la \u201cguerra sucia\u201d cuando muchos guerrilleros que operaban en M\u00e9xico fueron eliminados hace m\u00e1s de 50 a\u00f1os, entre los a\u00f1os sesenta y mediados de los setenta. Esta declaraci\u00f3n representa otro distractor para minimizar la gravedad de la crisis de desapariciones forzadas, -evidentemente realizadas por criminales-, pero toleradas con indiferencia por los \u00faltimos gobiernos, principalmente el anterior al actual.<\/p>\n<p>L\u00f3pez Obrador, quien estuvo m\u00e1s preocupado por los derechos humanos de los delincuentes que por los de las v\u00edctimas acus\u00f3 a las madres buscadoras de pretender da\u00f1ar a su gobierno.<\/p>\n<p>La negligencia ha sido el mayor pecado del Estado Mexicano y ello no debe quedar impune.<\/p>\n<p><strong>AMENAZAS DESDE EL PODER<\/strong><\/p>\n<p>La amenaza del gobernador Armenta, de Puebla, en contra del periodista Rodolfo Ru\u00edz, -director de e-Consulta-, a quien pretende que lo investigue la fiscal\u00eda de justicia del estado para \u201cver qu\u00e9 le encuentra\u201d, representa el regreso de la censura gubernamental. La fiscal\u00eda no tiene nada que investigar si no hay un delito. La simple amenaza ya es intimidaci\u00f3n y violencia contra todo el gremio period\u00edstico.<\/p>\n<p>Ser funcionario p\u00fablico, inequ\u00edvocamente exige ser tolerante ante cuestionamientos respecto al funcionamiento de su gobierno, lo cual es un derecho ciudadano, -y por tanto-, susceptible de ser interpretado por la prensa.<\/p>\n<p>Seguramente se le ha estado asesorando equivocadamente. Ojal\u00e1 reflexione. Sin embargo, es urgente revisar y replantear el alcance de la libertad de prensa a partir de la legislaci\u00f3n.<\/p>\n<p><strong>ACCIONES VALEN M\u00c1S QUE MIL PALABRAS<\/strong><\/p>\n<p>Atrapada en una ret\u00f3rica narrativa que contrasta con sus acciones, -guiadas \u00e9stas por un fuerte sentido com\u00fan, matizado con sensibilidad pol\u00edtica-, la presidenta Sheinbaum parece debatirse entre los dictados de la ideolog\u00eda de su partido y las exigencias de la \u201crealpolitik\u201d.<\/p>\n<p>La pol\u00edtica de hoy es de coyunturas y circunstancias y la ideolog\u00eda hoy constituye un lastre.<\/p>\n<p>\u00bfA usted qu\u00e9 le parece?<\/p>\n<p><img data-recalc-dims=\"1\" loading=\"lazy\" decoding=\"async\" class=\"aligncenter size-full wp-image-60691\" src=\"https:\/\/i0.wp.com\/politicosaldesnudo.com.mx\/wp-content\/uploads\/2025\/04\/FIRMA-EDITORIAL-PD-2.jpg?resize=800%2C98&#038;ssl=1\" alt=\"\" width=\"800\" height=\"98\" srcset=\"https:\/\/i0.wp.com\/politicosaldesnudo.com.mx\/wp-content\/uploads\/2025\/04\/FIRMA-EDITORIAL-PD-2.jpg?w=1024&amp;ssl=1 1024w, https:\/\/i0.wp.com\/politicosaldesnudo.com.mx\/wp-content\/uploads\/2025\/04\/FIRMA-EDITORIAL-PD-2.jpg?resize=300%2C37&amp;ssl=1 300w, https:\/\/i0.wp.com\/politicosaldesnudo.com.mx\/wp-content\/uploads\/2025\/04\/FIRMA-EDITORIAL-PD-2.jpg?resize=768%2C94&amp;ssl=1 768w\" sizes=\"auto, (max-width: 800px) 100vw, 800px\" \/><\/p>\n","protected":false},"excerpt":{"rendered":"<p>Qu\u00e9 descaro de la mayor\u00eda de MORENA y sus aliados en la c\u00e1mara alta. Por iniciativa del presidente del Senado,<\/p>\n","protected":false},"author":4,"featured_media":48797,"comment_status":"closed","ping_status":"closed","sticky":false,"template":"","format":"standard","meta":{"colormag_page_container_layout":"default_layout","colormag_page_sidebar_layout":"default_layout","_jetpack_memberships_contains_paid_content":false,"footnotes":"","jetpack_publicize_message":"","jetpack_publicize_feature_enabled":true,"jetpack_social_post_already_shared":false,"jetpack_social_options":{"image_generator_settings":{"template":"highway","default_image_id":0,"font":"","enabled":false},"version":2}},"categories":[26],"tags":[],"class_list":["post-60939","post","type-post","status-publish","format-standard","has-post-thumbnail","hentry","category-columnistas"],"jetpack_publicize_connections":[],"jetpack_featured_media_url":"https:\/\/i0.wp.com\/politicosaldesnudo.com.mx\/wp-content\/uploads\/2024\/10\/RICARDO-HOMS.jpg?fit=800%2C447&ssl=1","jetpack-related-posts":[],"jetpack_sharing_enabled":true,"_links":{"self":[{"href":"https:\/\/politicosaldesnudo.com.mx\/index.php\/wp-json\/wp\/v2\/posts\/60939","targetHints":{"allow":["GET"]}}],"collection":[{"href":"https:\/\/politicosaldesnudo.com.mx\/index.php\/wp-json\/wp\/v2\/posts"}],"about":[{"href":"https:\/\/politicosaldesnudo.com.mx\/index.php\/wp-json\/wp\/v2\/types\/post"}],"author":[{"embeddable":true,"href":"https:\/\/politicosaldesnudo.com.mx\/index.php\/wp-json\/wp\/v2\/users\/4"}],"replies":[{"embeddable":true,"href":"https:\/\/politicosaldesnudo.com.mx\/index.php\/wp-json\/wp\/v2\/comments?post=60939"}],"version-history":[{"count":0,"href":"https:\/\/politicosaldesnudo.com.mx\/index.php\/wp-json\/wp\/v2\/posts\/60939\/revisions"}],"wp:featuredmedia":[{"embeddable":true,"href":"https:\/\/politicosaldesnudo.com.mx\/index.php\/wp-json\/wp\/v2\/media\/48797"}],"wp:attachment":[{"href":"https:\/\/politicosaldesnudo.com.mx\/index.php\/wp-json\/wp\/v2\/media?parent=60939"}],"wp:term":[{"taxonomy":"category","embeddable":true,"href":"https:\/\/politicosaldesnudo.com.mx\/index.php\/wp-json\/wp\/v2\/categories?post=60939"},{"taxonomy":"post_tag","embeddable":true,"href":"https:\/\/politicosaldesnudo.com.mx\/index.php\/wp-json\/wp\/v2\/tags?post=60939"}],"curies":[{"name":"wp","href":"https:\/\/api.w.org\/{rel}","templated":true}]}}