{"id":60956,"date":"2025-04-14T00:28:36","date_gmt":"2025-04-14T06:28:36","guid":{"rendered":"https:\/\/politicosaldesnudo.com.mx\/?p=60956"},"modified":"2025-04-14T00:28:36","modified_gmt":"2025-04-14T06:28:36","slug":"ruben-cruz-sagastume-gran-luchador-social","status":"publish","type":"post","link":"https:\/\/politicosaldesnudo.com.mx\/index.php\/2025\/04\/14\/ruben-cruz-sagastume-gran-luchador-social\/","title":{"rendered":"Rub\u00e9n Cruz Sagastume, gran luchador social"},"content":{"rendered":"<p><span style=\"font-size: 14pt;\"><strong>La poblaci\u00f3n exige sancionar a los responsables y un castigo ejemplar para que prevalezca la paz social<\/strong><\/span><\/p>\n<p><span style=\"font-size: 14pt;\"><strong>Por \u00c1ngel \u00c1lvaro Pe\u00f1a<\/strong><\/span><\/p>\n<p><span style=\"font-size: 14pt;\">El asesinato de Rub\u00e9n Cruz Sagastume, conmocion\u00f3 a la comunidad veracruzana porque nadie pensar\u00eda que tuviera enemigos, pero en el camino de la justicia social, crecen y se desarrollan intereses contrarios a la verdad. Inexplicable, como todo delito, cre\u00f3 una gran indignaci\u00f3n entre la poblaci\u00f3n del norte del estado.<\/span><\/p>\n<p><span style=\"font-size: 14pt;\">Rub\u00e9n Cruz Sagastume defendi\u00f3 a los campesinos, su lugar de trabajo era el campo, su campo de batalla, la legalidad en los tribunales, y en ese contexto abrig\u00f3 esperanzas de los desvalidos y logr\u00f3 reivindicar los derechos de muchos hombres y mujeres dedicados a la agricultura y al campo que dan alimento y vida a la comunidad.<\/span><\/p>\n<p><span style=\"font-size: 14pt;\">Este luchador social fue asesinado la tarde del viernes 11 de abril dentro de su oficina.<\/span><\/p>\n<p><span style=\"font-size: 14pt;\">Dos hombres armados ingresaron al inmueble y dispararon varias ocasiones contra Cruz Sagastume, para asegurarse que estuviera muerto. As\u00ed, mataban tambi\u00e9n la esperanza de los vulnerables para que la justicia no tuviera beneficios para todos y s\u00f3lo para algunos.<\/span><\/p>\n<p><span style=\"font-size: 14pt;\">El crimen provoc\u00f3 una inmediata movilizaci\u00f3n de fuerzas de seguridad estatales, federales y militares pero tambi\u00e9n impuls\u00f3 la rabia de muchos, quienes lo conocimos sabemos que se trata de un acto cobarde, porque no dieron la cara ni supieron afrontar, por la v\u00eda legal, las diferencias con un l\u00edder que apost\u00f3 por la verdad y la libertad con su vida.<\/span><\/p>\n<p><span style=\"font-size: 14pt;\">Rub\u00e9n Cruz Sagastume era una figura destacada en el sector agrario, sosten\u00eda una capacidad innata de convocatoria, con gran facilidad reun\u00eda gente a su alrededor, y ten\u00eda seguidores de todas las edades en todo el norte de Veracruz.<\/span><\/p>\n<p><span style=\"font-size: 14pt;\">Fue s\u00edndico municipal de Tuxpan entre 1985 y 1988, y miembro fundador del Comit\u00e9 Regional de la Confederaci\u00f3n Nacional Campesina (CNC) en el municipio de \u00c1lamo. En diciembre de 2024, la Universidad de Xalapa lo reconoci\u00f3 por su defensa de los derechos campesinos y su liderazgo en el \u00e1mbito rural.<\/span><\/p>\n<p><span style=\"font-size: 14pt;\">Todav\u00eda lo recuerdan como defensor de los usuarios de energ\u00eda el\u00e9ctrica a quienes defendi\u00f3 de los excesos de los cobros en esos a\u00f1os, y su presencia firme y altiva frente a las autoridades de todos los niveles, exigiendo tarifas justas y derechos iguales para todos.<\/span><\/p>\n<p><span style=\"font-size: 14pt;\">Mantuvo el respeto de organizaciones campesinas y agrarias, as\u00ed como de actores pol\u00edticos y acad\u00e9micos de la regi\u00f3n. Un luchador como pocos, que defend\u00eda a los desvalidos sin importarle si tendr\u00eda alguna remuneraci\u00f3n o reconocimiento.<\/span><\/p>\n<p><span style=\"font-size: 14pt;\">Su asesinato es motivo de indignaci\u00f3n pero tambi\u00e9n un impulso a la lucha que emprendi\u00f3 un veracruzano en favor de quienes padecen todav\u00eda el castigo de los poderosos. Para quienes ni la Revoluci\u00f3n Mexicana hizo justicia porque todav\u00eda prevalece en M\u00e9xico el poder del m\u00e1s fuerte, del m\u00e1s poderoso, del hacendado que puede disponer de la vida de quienes le estorban para hacer de la injusticia su patrimonio y de la muerte su bandera.<\/span><\/p>\n<p><span style=\"font-size: 14pt;\">Como en todo homicidio que tiene que ver con la justicia social, se trata de un caso pol\u00edtico, donde fuerzas policiales y pol\u00edticas deber\u00e1n dar cuenta de los intereses que motivaron dicho asesinato y de quienes hayan disparado, pero tambi\u00e9n, y, sobre todo, de quienes hayan ordenado este gran delito contra la comunidad.<\/span><\/p>\n<p><span style=\"font-size: 14pt;\">Porque debi\u00f3 haber un ganador con la muerte de Rub\u00e9n, de otra manera, no se hubiera llevado a cabo y esto merece un castigo por un delito cuyos m\u00f3viles deber\u00e1n ser conocidos por todos y cada uno de los miembros de la comunidad, porque saber los pormenores de dicho proceso servir\u00e1 para evitar la muerte de personas con hero\u00edsmo similar, que dediquen, con su vida, a imponer la justicia.<\/span><\/p>\n<p><span style=\"font-size: 14pt;\">Porque quienes le dispararon s\u00f3lo fueron instrumento de una orden que por unos pesos mataron la esperanza de muchos, pero revivieron los motivos de la lucha social.<\/span><\/p>\n","protected":false},"excerpt":{"rendered":"<p>La poblaci\u00f3n exige sancionar a los responsables y un castigo ejemplar para que prevalezca la paz social Por \u00c1ngel \u00c1lvaro<\/p>\n","protected":false},"author":4,"featured_media":60957,"comment_status":"closed","ping_status":"closed","sticky":false,"template":"","format":"standard","meta":{"colormag_page_container_layout":"default_layout","colormag_page_sidebar_layout":"default_layout","_jetpack_memberships_contains_paid_content":false,"footnotes":"","jetpack_publicize_message":"","jetpack_publicize_feature_enabled":true,"jetpack_social_post_already_shared":false,"jetpack_social_options":{"image_generator_settings":{"template":"highway","default_image_id":0,"font":"","enabled":false},"version":2}},"categories":[26],"tags":[],"class_list":["post-60956","post","type-post","status-publish","format-standard","has-post-thumbnail","hentry","category-columnistas"],"jetpack_publicize_connections":[],"jetpack_featured_media_url":"https:\/\/i0.wp.com\/politicosaldesnudo.com.mx\/wp-content\/uploads\/2025\/04\/141805_55x.jpg?fit=1224%2C734&ssl=1","jetpack-related-posts":[],"jetpack_sharing_enabled":true,"_links":{"self":[{"href":"https:\/\/politicosaldesnudo.com.mx\/index.php\/wp-json\/wp\/v2\/posts\/60956","targetHints":{"allow":["GET"]}}],"collection":[{"href":"https:\/\/politicosaldesnudo.com.mx\/index.php\/wp-json\/wp\/v2\/posts"}],"about":[{"href":"https:\/\/politicosaldesnudo.com.mx\/index.php\/wp-json\/wp\/v2\/types\/post"}],"author":[{"embeddable":true,"href":"https:\/\/politicosaldesnudo.com.mx\/index.php\/wp-json\/wp\/v2\/users\/4"}],"replies":[{"embeddable":true,"href":"https:\/\/politicosaldesnudo.com.mx\/index.php\/wp-json\/wp\/v2\/comments?post=60956"}],"version-history":[{"count":0,"href":"https:\/\/politicosaldesnudo.com.mx\/index.php\/wp-json\/wp\/v2\/posts\/60956\/revisions"}],"wp:featuredmedia":[{"embeddable":true,"href":"https:\/\/politicosaldesnudo.com.mx\/index.php\/wp-json\/wp\/v2\/media\/60957"}],"wp:attachment":[{"href":"https:\/\/politicosaldesnudo.com.mx\/index.php\/wp-json\/wp\/v2\/media?parent=60956"}],"wp:term":[{"taxonomy":"category","embeddable":true,"href":"https:\/\/politicosaldesnudo.com.mx\/index.php\/wp-json\/wp\/v2\/categories?post=60956"},{"taxonomy":"post_tag","embeddable":true,"href":"https:\/\/politicosaldesnudo.com.mx\/index.php\/wp-json\/wp\/v2\/tags?post=60956"}],"curies":[{"name":"wp","href":"https:\/\/api.w.org\/{rel}","templated":true}]}}