{"id":61004,"date":"2025-04-15T00:13:57","date_gmt":"2025-04-15T06:13:57","guid":{"rendered":"https:\/\/politicosaldesnudo.com.mx\/?p=61004"},"modified":"2025-04-14T22:37:07","modified_gmt":"2025-04-15T04:37:07","slug":"en-queretaro-prohibiran-eventos-con-canciones-que-hagan-apologia-del-delito","status":"publish","type":"post","link":"https:\/\/politicosaldesnudo.com.mx\/index.php\/2025\/04\/15\/en-queretaro-prohibiran-eventos-con-canciones-que-hagan-apologia-del-delito\/","title":{"rendered":"En Quer\u00e9taro prohibir\u00e1n eventos con canciones que hagan apolog\u00eda del delito"},"content":{"rendered":"<p>El secretario de Gobierno del ayuntamiento de Quer\u00e9taro, Federico De los Cobos y Vega anunci\u00f3 que en ese municipio se prohibir\u00e1n los conciertos y eventos en que se interpreten canciones en que se haga apolog\u00eda del delito.<\/p>\n<p>Fue por ello que se tom\u00f3 la decisi\u00f3n de cancelar el concierto del cantante Eme Malafe, que se hab\u00eda programado el 12 de abril pasado en el Foro Arpa.<\/p>\n<p>\u201cLas canciones hac\u00edan apolog\u00eda al delito, a la agresi\u00f3n e incitaban a otro tipo de actividades\u00bb, dijo el funcionario.<\/p>\n<p>Advirti\u00f3 que en el municipio de Quer\u00e9taro no se permitir\u00e1n eventos que hagan apolog\u00eda del delito o inciten a la violencia. \u00abNada que no se alinee al plan orden\u201d.<\/p>\n<p>Federico De los Cobos y Vega relat\u00f3 que \u00abse platic\u00f3 con el empresario\u00bb que pretend\u00eda traer al cantante Eme Malafe \u00aby no hubo ning\u00fan problema (\u2026)\u00bb.<\/p>\n<p>Destac\u00f3 que pueden prohibir estos eventos porque el municipio es el que expide los permisos y en caso de cancelaci\u00f3n, los empresarios son quienes deben estar a cargo de la devoluci\u00f3n del dinero de las entradas.<\/p>\n<p>Sobre la postura de la presidenta de M\u00e9xico, Claudia Sheinbaum Pardo, de no prohibir los narcocorridos sino promover otros contenidos, el funcionario \u00a0reiter\u00f3 que en la capital queretana no se permitir\u00e1 este tipo de eventos.<\/p>\n<p>Asever\u00f3 que si los artistas recurren a amparos para poder presentarse, ser\u00e1 un tema que se revisar\u00e1 internamente en el ayuntamiento.<\/p>\n","protected":false},"excerpt":{"rendered":"<p>El secretario de Gobierno del ayuntamiento de Quer\u00e9taro, Federico De los Cobos y Vega anunci\u00f3 que en ese municipio se<\/p>\n","protected":false},"author":4,"featured_media":61005,"comment_status":"closed","ping_status":"closed","sticky":false,"template":"","format":"standard","meta":{"colormag_page_container_layout":"default_layout","colormag_page_sidebar_layout":"default_layout","_jetpack_memberships_contains_paid_content":false,"footnotes":"","jetpack_publicize_message":"","jetpack_publicize_feature_enabled":true,"jetpack_social_post_already_shared":false,"jetpack_social_options":{"image_generator_settings":{"template":"highway","default_image_id":0,"font":"","enabled":false},"version":2}},"categories":[30],"tags":[],"class_list":["post-61004","post","type-post","status-publish","format-standard","has-post-thumbnail","hentry","category-estados"],"jetpack_publicize_connections":[],"jetpack_featured_media_url":"https:\/\/i0.wp.com\/politicosaldesnudo.com.mx\/wp-content\/uploads\/2025\/04\/CORR-1.jpg?fit=428%2C281&ssl=1","jetpack-related-posts":[],"jetpack_sharing_enabled":true,"_links":{"self":[{"href":"https:\/\/politicosaldesnudo.com.mx\/index.php\/wp-json\/wp\/v2\/posts\/61004","targetHints":{"allow":["GET"]}}],"collection":[{"href":"https:\/\/politicosaldesnudo.com.mx\/index.php\/wp-json\/wp\/v2\/posts"}],"about":[{"href":"https:\/\/politicosaldesnudo.com.mx\/index.php\/wp-json\/wp\/v2\/types\/post"}],"author":[{"embeddable":true,"href":"https:\/\/politicosaldesnudo.com.mx\/index.php\/wp-json\/wp\/v2\/users\/4"}],"replies":[{"embeddable":true,"href":"https:\/\/politicosaldesnudo.com.mx\/index.php\/wp-json\/wp\/v2\/comments?post=61004"}],"version-history":[{"count":0,"href":"https:\/\/politicosaldesnudo.com.mx\/index.php\/wp-json\/wp\/v2\/posts\/61004\/revisions"}],"wp:featuredmedia":[{"embeddable":true,"href":"https:\/\/politicosaldesnudo.com.mx\/index.php\/wp-json\/wp\/v2\/media\/61005"}],"wp:attachment":[{"href":"https:\/\/politicosaldesnudo.com.mx\/index.php\/wp-json\/wp\/v2\/media?parent=61004"}],"wp:term":[{"taxonomy":"category","embeddable":true,"href":"https:\/\/politicosaldesnudo.com.mx\/index.php\/wp-json\/wp\/v2\/categories?post=61004"},{"taxonomy":"post_tag","embeddable":true,"href":"https:\/\/politicosaldesnudo.com.mx\/index.php\/wp-json\/wp\/v2\/tags?post=61004"}],"curies":[{"name":"wp","href":"https:\/\/api.w.org\/{rel}","templated":true}]}}