{"id":61007,"date":"2025-04-15T00:14:10","date_gmt":"2025-04-15T06:14:10","guid":{"rendered":"https:\/\/politicosaldesnudo.com.mx\/?p=61007"},"modified":"2025-04-14T22:39:42","modified_gmt":"2025-04-15T04:39:42","slug":"arte-y-cultura-de-los-caracoles-zapatistas-retoman-resistencia-de-antepasados","status":"publish","type":"post","link":"https:\/\/politicosaldesnudo.com.mx\/index.php\/2025\/04\/15\/arte-y-cultura-de-los-caracoles-zapatistas-retoman-resistencia-de-antepasados\/","title":{"rendered":"Arte y cultura de los caracoles zapatistas retoman resistencia de antepasados"},"content":{"rendered":"<p class=\"nota-justify\">Canciones, poes\u00eda, teatro y otras actividades culturales fueron presentadas durante el segundo d\u00eda de trabajos del (rebel y revel) arte: Encuentro de arte, rebeld\u00eda y resistencia hacia el d\u00eda despu\u00e9s, convocado por el Ej\u00e9rcito Zapatista de Liberaci\u00f3n Nacional (EZLN). Algunas de piezas presentadas por bases de apoyo zapatista versaron sobre El Com\u00fan, propuesta del EZLN para trabajar la tierra y realizar otras actividades como lo hac\u00edan las anteriores generaciones en las comunidades ind\u00edgenas.<\/p>\n<p class=\"nota-justify\">Una mujer de pueblos originarios del Caracol 1, con sede en la localidad de La Realidad, recit\u00f3 la siguiente poes\u00eda: \u201cEl com\u00fan, el com\u00fan, no es tierra que crece el campo, es resistencia de nuestros antepasados desde hace mucho tiempo, ejemplo que nos dejaron donde la tierra no era de nadie y entre todos trabajaron compartiendo sus cosechas. El com\u00fan nos heredaron entre morir o vivir. El com\u00fan, en nuestras manos qued\u00f3, cosa que el capitalismo quiere quitarnos, pero con el com\u00fan ya no podr\u00e1 separarnos. Propiedad privada, no permitamos unirnos como hermanos, el com\u00fan en nuestra manos. El capitalista a chingar a su madre lo mandamos\u201d.<\/p>\n<p class=\"nota-justify\">De igual forma fue interpretado un corrido con el tema de El Com\u00fan por bases de apoyo zapatistas: \u201cCon el permiso de los aqu\u00ed reunidos, les vamos a cantar d\u00f3nde naci\u00f3 El Com\u00fan. Hace a\u00f1os sufrieron los abuelos en esas fincas del malvado patr\u00f3n. Queremos aprovechar estos momentos, los zapatistas nos dir\u00e1n lo que pas\u00f3. Unas personas que ten\u00edan grandes tierras, ah\u00ed a los abuelos los ten\u00edan sin descansar. Eran golpeados sin sentir lo que ellos eran y a las mujeres tambi\u00e9n eso les pas\u00f3. Son unos crueles y tambi\u00e9n son inhumanos los pinches ricos y gobiernos que viven hoy\u201d.<\/p>\n<p class=\"nota-justify\">Dice otra estrofa. \u201cYa despu\u00e9s cuando eran todo libres, buenos trabajos siempre hac\u00edan en com\u00fan porque ellos vieron que es una buena forma cuidar la tierra y poderla defender, as\u00ed ven\u00edan trabajando un buen tiempo y m\u00e1s despu\u00e9s se empezaron a dividir. Malas ideas de lo que es la propiedad y cada uno ten\u00eda donde trabajar. Todo es por culpa del mal\u00edsimo gobierno, siembra ideas para podernos matar. Por eso el EZ rescatando de lo bueno para la vida y as\u00ed poderla vivir, y en los abuelos rescatamos El Com\u00fan\u201d.<\/p>\n<p class=\"nota-justify\">Una sobresale en las instalaciones del Caracol zapatista Jacinto Canek, donde se realizan los trabajos, con la leyenda: \u201cNos dice el capitalismo: tu vida es mi vida, \u00bfest\u00e1s de acuerdo con esto? Yo no. Y \u00bfT\u00fa?<\/p>\n<p class=\"nota-justify\">Entre los cantantes que se presentaron este lunes estuvieron Francisco Arturo Barrios El Mastuezo, quien coment\u00f3 que \u201ccuando yo miraba la convocatoria para el encuentro, trataba de imaginar precisamente el d\u00eda despu\u00e9s de que el capitalismo sucumba\u201d, as\u00ed como el chileno Pablo Morles.San Crist\u00f3bal de Las Casas, Chis. Canciones, poes\u00eda, teatro y otras actividades culturales fueron presentadas durante el segundo d\u00eda de trabajos del (rebel y revel) arte: Encuentro de arte, rebeld\u00eda y resistencia hacia el d\u00eda despu\u00e9s, convocado por el Ej\u00e9rcito Zapatista de Liberaci\u00f3n Nacional (EZLN). Algunas de piezas presentadas por bases de apoyo zapatista versaron sobre El Com\u00fan, propuesta del EZLN para trabajar la tierra y realizar otras actividades como lo hac\u00edan las anteriores generaciones en las comunidades ind\u00edgenas.<\/p>\n<p class=\"nota-justify\">Una mujer de pueblos originarios del Caracol 1, con sede en la localidad de La Realidad, recit\u00f3 la siguiente poes\u00eda: \u201cEl com\u00fan, el com\u00fan, no es tierra que crece el campo, es resistencia de nuestros antepasados desde hace mucho tiempo, ejemplo que nos dejaron donde la tierra no era de nadie y entre todos trabajaron compartiendo sus cosechas. El com\u00fan nos heredaron entre morir o vivir. El com\u00fan, en nuestras manos qued\u00f3, cosa que el capitalismo quiere quitarnos, pero con el com\u00fan ya no podr\u00e1 separarnos. Propiedad privada, no permitamos unirnos como hermanos, el com\u00fan en nuestra manos. El capitalista a chingar a su madre lo mandamos\u201d.<\/p>\n<p class=\"nota-justify\">De igual forma fue interpretado un corrido con el tema de El Com\u00fan por bases de apoyo zapatistas: \u201cCon el permiso de los aqu\u00ed reunidos, les vamos a cantar d\u00f3nde naci\u00f3 El Com\u00fan. Hace a\u00f1os sufrieron los abuelos en esas fincas del malvado patr\u00f3n. Queremos aprovechar estos momentos, los zapatistas nos dir\u00e1n lo que pas\u00f3. Unas personas que ten\u00edan grandes tierras, ah\u00ed a los abuelos los ten\u00edan sin descansar. Eran golpeados sin sentir lo que ellos eran y a las mujeres tambi\u00e9n eso les pas\u00f3. Son unos crueles y tambi\u00e9n son inhumanos los pinches ricos y gobiernos que viven hoy\u201d.<\/p>\n<p class=\"nota-justify\">Dice otra estrofa. \u201cYa despu\u00e9s cuando eran todo libres, buenos trabajos siempre hac\u00edan en com\u00fan porque ellos vieron que es una buena forma cuidar la tierra y poderla defender, as\u00ed ven\u00edan trabajando un buen tiempo y m\u00e1s despu\u00e9s se empezaron a dividir. Malas ideas de lo que es la propiedad y cada uno ten\u00eda donde trabajar. Todo es por culpa del mal\u00edsimo gobierno, siembra ideas para podernos matar. Por eso el EZ rescatando de lo bueno para la vida y as\u00ed poderla vivir, y en los abuelos rescatamos El Com\u00fan\u201d.<\/p>\n<p class=\"nota-justify\">Una sobresale en las instalaciones del Caracol zapatista Jacinto Canek, donde se realizan los trabajos, con la leyenda: \u201cNos dice el capitalismo: tu vida es mi vida, \u00bfest\u00e1s de acuerdo con esto? Yo no. Y \u00bfT\u00fa?<\/p>\n<p class=\"nota-justify\">Entre los cantantes que se presentaron este lunes estuvieron Francisco Arturo Barrios El Mastuezo, quien coment\u00f3 que \u201ccuando yo miraba la convocatoria para el encuentro, trataba de imaginar precisamente el d\u00eda despu\u00e9s de que el capitalismo sucumba\u201d, as\u00ed como el chileno Pablo Morles.<\/p>\n","protected":false},"excerpt":{"rendered":"<p>Canciones, poes\u00eda, teatro y otras actividades culturales fueron presentadas durante el segundo d\u00eda de trabajos del (rebel y revel) arte:<\/p>\n","protected":false},"author":4,"featured_media":61008,"comment_status":"closed","ping_status":"closed","sticky":false,"template":"","format":"standard","meta":{"colormag_page_container_layout":"default_layout","colormag_page_sidebar_layout":"default_layout","_jetpack_memberships_contains_paid_content":false,"footnotes":"","jetpack_publicize_message":"","jetpack_publicize_feature_enabled":true,"jetpack_social_post_already_shared":false,"jetpack_social_options":{"image_generator_settings":{"template":"highway","default_image_id":0,"font":"","enabled":false},"version":2}},"categories":[30],"tags":[],"class_list":["post-61007","post","type-post","status-publish","format-standard","has-post-thumbnail","hentry","category-estados"],"jetpack_publicize_connections":[],"jetpack_featured_media_url":"https:\/\/i0.wp.com\/politicosaldesnudo.com.mx\/wp-content\/uploads\/2025\/04\/EZL.jpg?fit=762%2C473&ssl=1","jetpack-related-posts":[],"jetpack_sharing_enabled":true,"_links":{"self":[{"href":"https:\/\/politicosaldesnudo.com.mx\/index.php\/wp-json\/wp\/v2\/posts\/61007","targetHints":{"allow":["GET"]}}],"collection":[{"href":"https:\/\/politicosaldesnudo.com.mx\/index.php\/wp-json\/wp\/v2\/posts"}],"about":[{"href":"https:\/\/politicosaldesnudo.com.mx\/index.php\/wp-json\/wp\/v2\/types\/post"}],"author":[{"embeddable":true,"href":"https:\/\/politicosaldesnudo.com.mx\/index.php\/wp-json\/wp\/v2\/users\/4"}],"replies":[{"embeddable":true,"href":"https:\/\/politicosaldesnudo.com.mx\/index.php\/wp-json\/wp\/v2\/comments?post=61007"}],"version-history":[{"count":0,"href":"https:\/\/politicosaldesnudo.com.mx\/index.php\/wp-json\/wp\/v2\/posts\/61007\/revisions"}],"wp:featuredmedia":[{"embeddable":true,"href":"https:\/\/politicosaldesnudo.com.mx\/index.php\/wp-json\/wp\/v2\/media\/61008"}],"wp:attachment":[{"href":"https:\/\/politicosaldesnudo.com.mx\/index.php\/wp-json\/wp\/v2\/media?parent=61007"}],"wp:term":[{"taxonomy":"category","embeddable":true,"href":"https:\/\/politicosaldesnudo.com.mx\/index.php\/wp-json\/wp\/v2\/categories?post=61007"},{"taxonomy":"post_tag","embeddable":true,"href":"https:\/\/politicosaldesnudo.com.mx\/index.php\/wp-json\/wp\/v2\/tags?post=61007"}],"curies":[{"name":"wp","href":"https:\/\/api.w.org\/{rel}","templated":true}]}}