{"id":61010,"date":"2025-04-15T00:15:33","date_gmt":"2025-04-15T06:15:33","guid":{"rendered":"https:\/\/politicosaldesnudo.com.mx\/?p=61010"},"modified":"2025-04-14T22:41:51","modified_gmt":"2025-04-15T04:41:51","slug":"medicos-de-hospital-de-oaxaca-con-restriccion-para-expedir-recetas","status":"publish","type":"post","link":"https:\/\/politicosaldesnudo.com.mx\/index.php\/2025\/04\/15\/medicos-de-hospital-de-oaxaca-con-restriccion-para-expedir-recetas\/","title":{"rendered":"M\u00e9dicos de hospital de Oaxaca, con restricci\u00f3n para expedir recetas"},"content":{"rendered":"<div id=\"article-content-tts\" class=\"nota-contenido mb-5\">\n<div id=\"content_nitf\">\n<p class=\"nota-justify\">Trabajadores del hospital Dr. Aurelio Valdivieso de la ciudad de Oaxaca acusaron al gobernador, Salom\u00f3n Jara y al gobierno federal de mentir, puntualizaron que es falso que ya se cuenten con los insumos y medicamentos necesarios para la atenci\u00f3n m\u00e9dica, situaci\u00f3n que se est\u00e1 complicando debido a que tambi\u00e9n se les ha prohibido entregar recetas a los usuarios; explicaron que cuando no hab\u00eda los medicamentos se les extend\u00eda a los familiares una receta para que ellos pudieran adquirirlos, pero ahora eso est\u00e1 prohibido agravando la atenci\u00f3n.<\/p>\n<p class=\"nota-justify\">Los agremiados a la Subsecci\u00f3n 07 de la secci\u00f3n 35 del Sindicato Nacional de Trabajadores de la Salud (SNTSA), se manifestaron la ma\u00f1ana de este lunes en el acceso al nosocomio donde reiteraron que pese a las promesas gubernamentales esta instituci\u00f3n contin\u00faa en crisis.<\/p>\n<p class=\"nota-justify\">La secretaria general de la Subsecci\u00f3n, Patricia M\u00e9ndez, indic\u00f3 que hace dos semanas acudieron enviados del IMSS &#8211; Bienestar, quienes realizaron una evaluaci\u00f3n del nosocomio y sus necesidades, prometiendo que se emitir\u00eda un documento, mismo que hasta ahora no ha sido entregado.<\/p>\n<p class=\"nota-justify\">Con respecto a la falta de medicinas, se\u00f1al\u00f3 que desde febrero se les exigi\u00f3 a los trabajadores que entregaran un documento en el que informaran de lo que tienen en el almac\u00e9n y las claves requeridas para el mes de marzo, no obstante, este pedido no les ha sido entregado pese a que ya se ha llegado a mediados de abril.<\/p>\n<p class=\"nota-justify\">En este sentido, explic\u00f3 que al momento se tiene un abasto del 20 por ciento, adem\u00e1s Adri\u00e1n Mart\u00ednez del \u00e1rea de farmacias explic\u00f3 que si bien les han sido entregados medicamentos la mayor\u00eda de las claves que les han brindado no se ocupan de forma constante, incluso podr\u00edan durar hasta 3 a\u00f1os en el almac\u00e9n.<\/p>\n<p class=\"nota-justify\">Mientras que medicinas necesarias para la atenci\u00f3n de distintos padecimientos como diabetes o hipertensi\u00f3n en el caso de consulta externa no lo entregan o llega en m\u00ednimas cantidades, para hospitalizaci\u00f3n cosas tan sencillas como antibi\u00f3ticos o soluciones no tienen.<\/p>\n<p class=\"nota-justify\">A\u00f1adieron que aunado a esto, la gratuidad de la atenci\u00f3n m\u00e9dica que se aplica ya en Oaxaca est\u00e1 resultados en serios problemas, ya que se supone que la unidad m\u00e9dica debe de entregar contar con todos los medicamentos e insumos necesarios para las atenciones hospitalarias y externas, por lo que ahora se tiene prohibido entregar recetas m\u00e9dicas.<\/p>\n<p class=\"nota-justify\">Lamentablemente como indicaron, no hay medicinas ni insumos, antes se solventaba con los familiares que pod\u00edan obtener una receta y conseguir lo necesario de manera privada, pero ahora al no poder dar recetas, no se puede conseguir lo que se necesita para la atenci\u00f3n de los pacientes, retrasando la atenci\u00f3n y en ocasiones haciendo peligrar la salud de los mismos.<\/p>\n<\/div>\n<\/div>\n<div class=\"notas-relacionadas\"><\/div>\n<div class=\"nota-tags\"><\/div>\n","protected":false},"excerpt":{"rendered":"<p>Trabajadores del hospital Dr. Aurelio Valdivieso de la ciudad de Oaxaca acusaron al gobernador, Salom\u00f3n Jara y al gobierno federal<\/p>\n","protected":false},"author":4,"featured_media":61011,"comment_status":"closed","ping_status":"closed","sticky":false,"template":"","format":"standard","meta":{"colormag_page_container_layout":"default_layout","colormag_page_sidebar_layout":"default_layout","_jetpack_memberships_contains_paid_content":false,"footnotes":"","jetpack_publicize_message":"","jetpack_publicize_feature_enabled":true,"jetpack_social_post_already_shared":false,"jetpack_social_options":{"image_generator_settings":{"template":"highway","default_image_id":0,"font":"","enabled":false},"version":2}},"categories":[30],"tags":[],"class_list":["post-61010","post","type-post","status-publish","format-standard","has-post-thumbnail","hentry","category-estados"],"jetpack_publicize_connections":[],"jetpack_featured_media_url":"https:\/\/i0.wp.com\/politicosaldesnudo.com.mx\/wp-content\/uploads\/2025\/04\/468864_4x.jpg?fit=550%2C309&ssl=1","jetpack-related-posts":[],"jetpack_sharing_enabled":true,"_links":{"self":[{"href":"https:\/\/politicosaldesnudo.com.mx\/index.php\/wp-json\/wp\/v2\/posts\/61010","targetHints":{"allow":["GET"]}}],"collection":[{"href":"https:\/\/politicosaldesnudo.com.mx\/index.php\/wp-json\/wp\/v2\/posts"}],"about":[{"href":"https:\/\/politicosaldesnudo.com.mx\/index.php\/wp-json\/wp\/v2\/types\/post"}],"author":[{"embeddable":true,"href":"https:\/\/politicosaldesnudo.com.mx\/index.php\/wp-json\/wp\/v2\/users\/4"}],"replies":[{"embeddable":true,"href":"https:\/\/politicosaldesnudo.com.mx\/index.php\/wp-json\/wp\/v2\/comments?post=61010"}],"version-history":[{"count":0,"href":"https:\/\/politicosaldesnudo.com.mx\/index.php\/wp-json\/wp\/v2\/posts\/61010\/revisions"}],"wp:featuredmedia":[{"embeddable":true,"href":"https:\/\/politicosaldesnudo.com.mx\/index.php\/wp-json\/wp\/v2\/media\/61011"}],"wp:attachment":[{"href":"https:\/\/politicosaldesnudo.com.mx\/index.php\/wp-json\/wp\/v2\/media?parent=61010"}],"wp:term":[{"taxonomy":"category","embeddable":true,"href":"https:\/\/politicosaldesnudo.com.mx\/index.php\/wp-json\/wp\/v2\/categories?post=61010"},{"taxonomy":"post_tag","embeddable":true,"href":"https:\/\/politicosaldesnudo.com.mx\/index.php\/wp-json\/wp\/v2\/tags?post=61010"}],"curies":[{"name":"wp","href":"https:\/\/api.w.org\/{rel}","templated":true}]}}