{"id":61013,"date":"2025-04-15T00:16:32","date_gmt":"2025-04-15T06:16:32","guid":{"rendered":"https:\/\/politicosaldesnudo.com.mx\/?p=61013"},"modified":"2025-04-14T22:45:34","modified_gmt":"2025-04-15T04:45:34","slug":"sequia-e-incendios-forestales-aquejan-a-durango","status":"publish","type":"post","link":"https:\/\/politicosaldesnudo.com.mx\/index.php\/2025\/04\/15\/sequia-e-incendios-forestales-aquejan-a-durango\/","title":{"rendered":"Sequ\u00eda e incendios forestales aquejan a Durango"},"content":{"rendered":"<p class=\"nota-justify\">Durango atraviesa una situaci\u00f3n cr\u00edtica ante la sequ\u00eda que afecta, principalmente, a la zona serrana. Las consecuencias ya se reflejan en un alarmante incremento de incendios forestales \u2014el doble que en 2024\u2014 y en la expansi\u00f3n del gusano descortezador.<\/p>\n<p class=\"nota-justify\">Claudia Hern\u00e1ndez Espino, titular de la Secretar\u00eda de Recursos Naturales y Medio Ambiente del estado, reconoci\u00f3 que el inicio de 2025 ha sido especialmente complicado debido a la falta de lluvias en la sierra.<\/p>\n<p class=\"nota-justify\">Seg\u00fan datos del Departamento de Meteorolog\u00eda e Hidrolog\u00eda de la Comisi\u00f3n Nacional del Agua (Conagua), en el primer trimestre del a\u00f1o se registra un d\u00e9ficit del 63.7\u202fpor ciento en las precipitaciones pluviales, cifra que sigue en aumento debido a que, en la primera quincena de abril, no se ha registrado lluvia alguna.<\/p>\n<p class=\"nota-justify\">El informe detalla que, en enero, las nevadas dejaron apenas 10.8 mil\u00edmetros de agua en todo el estado, cuando el promedio hist\u00f3rico para ese mes es de 18.6 mil\u00edmetros.<\/p>\n<p class=\"nota-justify\">En febrero y marzo no se registraron precipitaciones, por lo que el acumulado del primer trimestre qued\u00f3 en 10.8 mil\u00edmetros, muy por debajo del promedio de 29.7 mil\u00edmetros.<\/p>\n<p class=\"nota-justify\">A esta situaci\u00f3n se suma que los \u00faltimos tres meses de 2024 (octubre, noviembre y diciembre) tambi\u00e9n fueron pr\u00e1cticamente secos, dejando a la zona serrana en condiciones extremadamente \u00e1ridas.<\/p>\n","protected":false},"excerpt":{"rendered":"<p>Durango atraviesa una situaci\u00f3n cr\u00edtica ante la sequ\u00eda que afecta, principalmente, a la zona serrana. Las consecuencias ya se reflejan<\/p>\n","protected":false},"author":4,"featured_media":61014,"comment_status":"closed","ping_status":"closed","sticky":false,"template":"","format":"standard","meta":{"colormag_page_container_layout":"default_layout","colormag_page_sidebar_layout":"default_layout","_jetpack_memberships_contains_paid_content":false,"footnotes":"","jetpack_publicize_message":"","jetpack_publicize_feature_enabled":true,"jetpack_social_post_already_shared":false,"jetpack_social_options":{"image_generator_settings":{"template":"highway","default_image_id":0,"font":"","enabled":false},"version":2}},"categories":[30],"tags":[],"class_list":["post-61013","post","type-post","status-publish","format-standard","has-post-thumbnail","hentry","category-estados"],"jetpack_publicize_connections":[],"jetpack_featured_media_url":"https:\/\/i0.wp.com\/politicosaldesnudo.com.mx\/wp-content\/uploads\/2025\/04\/AA1CbNrD.jpg?fit=768%2C432&ssl=1","jetpack-related-posts":[],"jetpack_sharing_enabled":true,"_links":{"self":[{"href":"https:\/\/politicosaldesnudo.com.mx\/index.php\/wp-json\/wp\/v2\/posts\/61013","targetHints":{"allow":["GET"]}}],"collection":[{"href":"https:\/\/politicosaldesnudo.com.mx\/index.php\/wp-json\/wp\/v2\/posts"}],"about":[{"href":"https:\/\/politicosaldesnudo.com.mx\/index.php\/wp-json\/wp\/v2\/types\/post"}],"author":[{"embeddable":true,"href":"https:\/\/politicosaldesnudo.com.mx\/index.php\/wp-json\/wp\/v2\/users\/4"}],"replies":[{"embeddable":true,"href":"https:\/\/politicosaldesnudo.com.mx\/index.php\/wp-json\/wp\/v2\/comments?post=61013"}],"version-history":[{"count":0,"href":"https:\/\/politicosaldesnudo.com.mx\/index.php\/wp-json\/wp\/v2\/posts\/61013\/revisions"}],"wp:featuredmedia":[{"embeddable":true,"href":"https:\/\/politicosaldesnudo.com.mx\/index.php\/wp-json\/wp\/v2\/media\/61014"}],"wp:attachment":[{"href":"https:\/\/politicosaldesnudo.com.mx\/index.php\/wp-json\/wp\/v2\/media?parent=61013"}],"wp:term":[{"taxonomy":"category","embeddable":true,"href":"https:\/\/politicosaldesnudo.com.mx\/index.php\/wp-json\/wp\/v2\/categories?post=61013"},{"taxonomy":"post_tag","embeddable":true,"href":"https:\/\/politicosaldesnudo.com.mx\/index.php\/wp-json\/wp\/v2\/tags?post=61013"}],"curies":[{"name":"wp","href":"https:\/\/api.w.org\/{rel}","templated":true}]}}