{"id":61016,"date":"2025-04-15T00:17:36","date_gmt":"2025-04-15T06:17:36","guid":{"rendered":"https:\/\/politicosaldesnudo.com.mx\/?p=61016"},"modified":"2025-04-14T22:56:07","modified_gmt":"2025-04-15T04:56:07","slug":"trump-congela-2-mil-200-mdd-a-harvard-por-rechazar-sus-exigencias","status":"publish","type":"post","link":"https:\/\/politicosaldesnudo.com.mx\/index.php\/2025\/04\/15\/trump-congela-2-mil-200-mdd-a-harvard-por-rechazar-sus-exigencias\/","title":{"rendered":"Trump congela 2 mil 200 mdd a Harvard por rechazar sus exigencias"},"content":{"rendered":"<p class=\"nota-justify\">El gobierno de Donald Trump anunci\u00f3 este lunes que congel\u00f3 2 mil 200 millones de d\u00f3lares en fondos a la Universidad de Harvard, una de las m\u00e1s prestigiosas del mundo, despu\u00e9s de que se negara a cumplir con exigencias para \u00abacabar\u00bb con el antisemitismo en el campus.<\/p>\n<p class=\"nota-justify\">Harvard, como otros centros educativos en Estados Unidos, ha sido escenario de protestas estudiantiles contra la guerra de Israel en Gaza, un tema en el punto de mira de la Casa Blanca desde que Trump volvi\u00f3 al poder en enero.<\/p>\n<p class=\"nota-justify\">\u201cEl Grupo de Trabajo Conjunto para Combatir el Antisemitismo anunci\u00f3 la congelaci\u00f3n de 2 mil 200 millones de d\u00f3lares en subvenciones durante varios a\u00f1os, se\u00f1al\u00f3 en un comunicado el Departamento de Educaci\u00f3n, as\u00ed como \u201ccontratos plurianuales por valor de 60 millones de d\u00f3lares\u201d.<\/p>\n<p class=\"nota-justify\">\u201cLa interrupci\u00f3n del aprendizaje que ha afectado a los campus en los \u00faltimos a\u00f1os es inaceptable. El acoso a estudiantes jud\u00edos es intolerable\u201d, complet\u00f3.<\/p>\n<p class=\"nota-justify\">La prestigiosa universidad hab\u00eda hecho p\u00fablica m\u00e1s temprano una carta dirigida a estudiantes y personal en la que desafiaba un largo listado de peticiones de la administraci\u00f3n Trump sobre cambios en su gesti\u00f3n, pr\u00e1cticas de contrataci\u00f3n y pol\u00edtica de admisiones.<\/p>\n<p class=\"nota-justify\">En ese texto, el rector Alan Garber asegur\u00f3 que la instituci\u00f3n \u201cno renunciar\u00e1 a su independencia ni a los derechos que le garantiza la Constituci\u00f3n\u201d.<\/p>\n<p class=\"nota-justify\">\u201cLa declaraci\u00f3n de Harvard de hoy refuerza la preocupante mentalidad que es end\u00e9mica en las universidades y facultades m\u00e1s prestigiosas de nuestra naci\u00f3n: que la inversi\u00f3n federal no viene con la responsabilidad de defender las leyes de derechos civiles\u201d, respondi\u00f3 la Casa Blanca.<\/p>\n<p class=\"nota-justify\">A finales de marzo, el gobierno estadunidense anunci\u00f3 que estaba considerando privar a la universidad de unos 9 mil millones de d\u00f3lares en subvenciones federales.<\/p>\n","protected":false},"excerpt":{"rendered":"<p>El gobierno de Donald Trump anunci\u00f3 este lunes que congel\u00f3 2 mil 200 millones de d\u00f3lares en fondos a la<\/p>\n","protected":false},"author":4,"featured_media":61017,"comment_status":"closed","ping_status":"closed","sticky":false,"template":"","format":"standard","meta":{"colormag_page_container_layout":"default_layout","colormag_page_sidebar_layout":"default_layout","_jetpack_memberships_contains_paid_content":false,"footnotes":"","jetpack_publicize_message":"","jetpack_publicize_feature_enabled":true,"jetpack_social_post_already_shared":false,"jetpack_social_options":{"image_generator_settings":{"template":"highway","default_image_id":0,"font":"","enabled":false},"version":2}},"categories":[28],"tags":[],"class_list":["post-61016","post","type-post","status-publish","format-standard","has-post-thumbnail","hentry","category-internacional"],"jetpack_publicize_connections":[],"jetpack_featured_media_url":"https:\/\/i0.wp.com\/politicosaldesnudo.com.mx\/wp-content\/uploads\/2025\/04\/HARV.jpg?fit=606%2C398&ssl=1","jetpack-related-posts":[],"jetpack_sharing_enabled":true,"_links":{"self":[{"href":"https:\/\/politicosaldesnudo.com.mx\/index.php\/wp-json\/wp\/v2\/posts\/61016","targetHints":{"allow":["GET"]}}],"collection":[{"href":"https:\/\/politicosaldesnudo.com.mx\/index.php\/wp-json\/wp\/v2\/posts"}],"about":[{"href":"https:\/\/politicosaldesnudo.com.mx\/index.php\/wp-json\/wp\/v2\/types\/post"}],"author":[{"embeddable":true,"href":"https:\/\/politicosaldesnudo.com.mx\/index.php\/wp-json\/wp\/v2\/users\/4"}],"replies":[{"embeddable":true,"href":"https:\/\/politicosaldesnudo.com.mx\/index.php\/wp-json\/wp\/v2\/comments?post=61016"}],"version-history":[{"count":0,"href":"https:\/\/politicosaldesnudo.com.mx\/index.php\/wp-json\/wp\/v2\/posts\/61016\/revisions"}],"wp:featuredmedia":[{"embeddable":true,"href":"https:\/\/politicosaldesnudo.com.mx\/index.php\/wp-json\/wp\/v2\/media\/61017"}],"wp:attachment":[{"href":"https:\/\/politicosaldesnudo.com.mx\/index.php\/wp-json\/wp\/v2\/media?parent=61016"}],"wp:term":[{"taxonomy":"category","embeddable":true,"href":"https:\/\/politicosaldesnudo.com.mx\/index.php\/wp-json\/wp\/v2\/categories?post=61016"},{"taxonomy":"post_tag","embeddable":true,"href":"https:\/\/politicosaldesnudo.com.mx\/index.php\/wp-json\/wp\/v2\/tags?post=61016"}],"curies":[{"name":"wp","href":"https:\/\/api.w.org\/{rel}","templated":true}]}}