{"id":61019,"date":"2025-04-15T00:18:16","date_gmt":"2025-04-15T06:18:16","guid":{"rendered":"https:\/\/politicosaldesnudo.com.mx\/?p=61019"},"modified":"2025-04-14T22:58:35","modified_gmt":"2025-04-15T04:58:35","slug":"ejercito-de-eu-controlara-tierras-en-frontera-con-mexico-podria-detener-migrantes","status":"publish","type":"post","link":"https:\/\/politicosaldesnudo.com.mx\/index.php\/2025\/04\/15\/ejercito-de-eu-controlara-tierras-en-frontera-con-mexico-podria-detener-migrantes\/","title":{"rendered":"Ej\u00e9rcito de EU controlar\u00e1 tierras en frontera con M\u00e9xico, podr\u00eda detener migrantes"},"content":{"rendered":"<p class=\"nota-justify\">Una franja de tierra federal a lo largo de la frontera entre Estados Unidos y M\u00e9xico que el presidente Donald Trump est\u00e1 entregando al Departamento de Defensa estar\u00eda controlada por el Ej\u00e9rcito como parte de una base, lo que podr\u00eda permitir a las tropas detener a cualquier intruso, incluidos migrantes, comentaron funcionarios estadunidenses a The Associated Press.<\/p>\n<p class=\"nota-justify\">La transferencia de esa zona fronteriza al control militar, \u201cy convertirla en parte de una instalaci\u00f3n del Ej\u00e9rcito\u201d, ser\u00eda un intento de la administraci\u00f3n Trump por evadir una ley federal que proh\u00edbe el uso de tropas de EU en la aplicaci\u00f3n de la ley interna en suelo estadunidense.<\/p>\n<p class=\"nota-justify\">Pero si las tropas brindan seguridad a terrenos que forman parte de una base del Ej\u00e9rcito, pueden desempe\u00f1ar esa funci\u00f3n. Sin embargo, al menos un experto en facultades presidenciales afirm\u00f3 que es probable que la medida sea impugnada en los tribunales.<\/p>\n<p class=\"nota-justify\">Los funcionarios afirmaron que el asunto todav\u00eda est\u00e1 bajo revisi\u00f3n en el Pent\u00e1gono, pero incluso, mientras contin\u00faa la revisi\u00f3n legal, la intenci\u00f3n de la administraci\u00f3n es que las tropas detengan a los migrantes en la frontera.<\/p>\n<p class=\"nota-justify\">El corredor, conocido como la Reserva Roosevelt, es una zona de amortiguamiento federal de 18 metros de ancho a lo largo de la frontera desde Nuevo M\u00e9xico hasta California, excepto donde se encuentra con tierras tribales o privadas.<\/p>\n<p class=\"nota-justify\">Hab\u00eda estado bajo la administraci\u00f3n del Departamento del Interior hasta que Trump orden\u00f3 que se transfiriera al Departamento de Defensa en un memorando presidencial publicado el viernes por la noche.<\/p>\n","protected":false},"excerpt":{"rendered":"<p>Una franja de tierra federal a lo largo de la frontera entre Estados Unidos y M\u00e9xico que el presidente Donald<\/p>\n","protected":false},"author":4,"featured_media":61020,"comment_status":"closed","ping_status":"closed","sticky":false,"template":"","format":"standard","meta":{"colormag_page_container_layout":"default_layout","colormag_page_sidebar_layout":"default_layout","_jetpack_memberships_contains_paid_content":false,"footnotes":"","jetpack_publicize_message":"","jetpack_publicize_feature_enabled":true,"jetpack_social_post_already_shared":false,"jetpack_social_options":{"image_generator_settings":{"template":"highway","default_image_id":0,"font":"","enabled":false},"version":2}},"categories":[28],"tags":[],"class_list":["post-61019","post","type-post","status-publish","format-standard","has-post-thumbnail","hentry","category-internacional"],"jetpack_publicize_connections":[],"jetpack_featured_media_url":"https:\/\/i0.wp.com\/politicosaldesnudo.com.mx\/wp-content\/uploads\/2025\/04\/Captura-de-pantalla-2018-10-26-a-las-11.53.27.png?fit=1148%2C654&ssl=1","jetpack-related-posts":[],"jetpack_sharing_enabled":true,"_links":{"self":[{"href":"https:\/\/politicosaldesnudo.com.mx\/index.php\/wp-json\/wp\/v2\/posts\/61019","targetHints":{"allow":["GET"]}}],"collection":[{"href":"https:\/\/politicosaldesnudo.com.mx\/index.php\/wp-json\/wp\/v2\/posts"}],"about":[{"href":"https:\/\/politicosaldesnudo.com.mx\/index.php\/wp-json\/wp\/v2\/types\/post"}],"author":[{"embeddable":true,"href":"https:\/\/politicosaldesnudo.com.mx\/index.php\/wp-json\/wp\/v2\/users\/4"}],"replies":[{"embeddable":true,"href":"https:\/\/politicosaldesnudo.com.mx\/index.php\/wp-json\/wp\/v2\/comments?post=61019"}],"version-history":[{"count":0,"href":"https:\/\/politicosaldesnudo.com.mx\/index.php\/wp-json\/wp\/v2\/posts\/61019\/revisions"}],"wp:featuredmedia":[{"embeddable":true,"href":"https:\/\/politicosaldesnudo.com.mx\/index.php\/wp-json\/wp\/v2\/media\/61020"}],"wp:attachment":[{"href":"https:\/\/politicosaldesnudo.com.mx\/index.php\/wp-json\/wp\/v2\/media?parent=61019"}],"wp:term":[{"taxonomy":"category","embeddable":true,"href":"https:\/\/politicosaldesnudo.com.mx\/index.php\/wp-json\/wp\/v2\/categories?post=61019"},{"taxonomy":"post_tag","embeddable":true,"href":"https:\/\/politicosaldesnudo.com.mx\/index.php\/wp-json\/wp\/v2\/tags?post=61019"}],"curies":[{"name":"wp","href":"https:\/\/api.w.org\/{rel}","templated":true}]}}