{"id":61022,"date":"2025-04-15T00:19:12","date_gmt":"2025-04-15T06:19:12","guid":{"rendered":"https:\/\/politicosaldesnudo.com.mx\/?p=61022"},"modified":"2025-04-14T23:00:37","modified_gmt":"2025-04-15T05:00:37","slug":"mas-de-mil-500-soldados-israelies-firman-una-carta-que-insta-al-fin-de-la-guerra-en-gaza","status":"publish","type":"post","link":"https:\/\/politicosaldesnudo.com.mx\/index.php\/2025\/04\/15\/mas-de-mil-500-soldados-israelies-firman-una-carta-que-insta-al-fin-de-la-guerra-en-gaza\/","title":{"rendered":"M\u00e1s de mil 500 soldados israel\u00edes firman una carta que insta al fin de la guerra en Gaza"},"content":{"rendered":"<p>Un total de mil 525 soldados y ex soldados del cuerpo blindado de las Fuerzas de Defensa de Israel (FDI) firmaron una carta publicada este lunes en la que exigen el fin inmediato de la guerra en Gaza y el regreso de los rehenes retenidos por Hamas.<\/p>\n<p>\u00abLa continuaci\u00f3n de los combates ya no contribuye a los objetivos que se asignaron a las FDI al comienzo de la guerra\u00bb, se se\u00f1ala en la misiva.<\/p>\n<p>\u00abDebe tomarse una acci\u00f3n inmediata para traer a los rehenes a casa\u00bb, se a\u00f1ade.<\/p>\n<p>La carta tambi\u00e9n fue firmada por dos ex jefes del Estado Mayor de las FDI, Ehud Barak y Dan Halutz.<\/p>\n<p>Rami Matan, ex comandante adjunto de la Brigada Yiftach y uno de los organizadores de la carta, declar\u00f3: \u00abIncluso el propio jefe del Estado Mayor admiti\u00f3 abiertamente hoy que &#8216;no todos los objetivos en Gaza pueden lograrse&#8217;. Si es as\u00ed, \u00bfpor qu\u00e9 seguimos sacrificando vidas por objetivos inalcanzables?\u00bb.<\/p>\n<p>Este texto se une a otros tres, el primera publicada hace tres d\u00edas por casi mil pilotos y personal de la Fuerza A\u00e9rea que ped\u00eda lo mismo, se\u00f1alando que la guerra obedece a \u201cmotivos pol\u00edticos\u201d. Al d\u00eda siguiente unos doscientos miembros de la Marina hicieron lo propio y un n\u00famero parecido de soldados de la unidad de \u00e9lite de inteligencia 8 mil 200.<\/p>\n<p>El primer ministro, Benjamin Netanyahu, los calific\u00f3 de \u201cgrupo marginal y extremista\u201d cuyo \u201c\u00fanico objetivo es derrocar al gobierno\u201d.<\/p>\n","protected":false},"excerpt":{"rendered":"<p>Un total de mil 525 soldados y ex soldados del cuerpo blindado de las Fuerzas de Defensa de Israel (FDI)<\/p>\n","protected":false},"author":4,"featured_media":61023,"comment_status":"closed","ping_status":"closed","sticky":false,"template":"","format":"standard","meta":{"colormag_page_container_layout":"default_layout","colormag_page_sidebar_layout":"default_layout","_jetpack_memberships_contains_paid_content":false,"footnotes":"","jetpack_publicize_message":"","jetpack_publicize_feature_enabled":true,"jetpack_social_post_already_shared":false,"jetpack_social_options":{"image_generator_settings":{"template":"highway","default_image_id":0,"font":"","enabled":false},"version":2}},"categories":[28],"tags":[],"class_list":["post-61022","post","type-post","status-publish","format-standard","has-post-thumbnail","hentry","category-internacional"],"jetpack_publicize_connections":[],"jetpack_featured_media_url":"https:\/\/i0.wp.com\/politicosaldesnudo.com.mx\/wp-content\/uploads\/2025\/04\/ISRE.jpg?fit=778%2C500&ssl=1","jetpack-related-posts":[],"jetpack_sharing_enabled":true,"_links":{"self":[{"href":"https:\/\/politicosaldesnudo.com.mx\/index.php\/wp-json\/wp\/v2\/posts\/61022","targetHints":{"allow":["GET"]}}],"collection":[{"href":"https:\/\/politicosaldesnudo.com.mx\/index.php\/wp-json\/wp\/v2\/posts"}],"about":[{"href":"https:\/\/politicosaldesnudo.com.mx\/index.php\/wp-json\/wp\/v2\/types\/post"}],"author":[{"embeddable":true,"href":"https:\/\/politicosaldesnudo.com.mx\/index.php\/wp-json\/wp\/v2\/users\/4"}],"replies":[{"embeddable":true,"href":"https:\/\/politicosaldesnudo.com.mx\/index.php\/wp-json\/wp\/v2\/comments?post=61022"}],"version-history":[{"count":0,"href":"https:\/\/politicosaldesnudo.com.mx\/index.php\/wp-json\/wp\/v2\/posts\/61022\/revisions"}],"wp:featuredmedia":[{"embeddable":true,"href":"https:\/\/politicosaldesnudo.com.mx\/index.php\/wp-json\/wp\/v2\/media\/61023"}],"wp:attachment":[{"href":"https:\/\/politicosaldesnudo.com.mx\/index.php\/wp-json\/wp\/v2\/media?parent=61022"}],"wp:term":[{"taxonomy":"category","embeddable":true,"href":"https:\/\/politicosaldesnudo.com.mx\/index.php\/wp-json\/wp\/v2\/categories?post=61022"},{"taxonomy":"post_tag","embeddable":true,"href":"https:\/\/politicosaldesnudo.com.mx\/index.php\/wp-json\/wp\/v2\/tags?post=61022"}],"curies":[{"name":"wp","href":"https:\/\/api.w.org\/{rel}","templated":true}]}}