{"id":61061,"date":"2025-04-16T00:06:10","date_gmt":"2025-04-16T06:06:10","guid":{"rendered":"https:\/\/politicosaldesnudo.com.mx\/?p=61061"},"modified":"2025-04-15T22:18:28","modified_gmt":"2025-04-16T04:18:28","slug":"sergio-salomon-relevara-a-actual-titular-del-inm-el-1-de-mayo","status":"publish","type":"post","link":"https:\/\/politicosaldesnudo.com.mx\/index.php\/2025\/04\/16\/sergio-salomon-relevara-a-actual-titular-del-inm-el-1-de-mayo\/","title":{"rendered":"Sergio Salom\u00f3n relevar\u00e1 a actual titular del INM el 1 de mayo"},"content":{"rendered":"<p class=\"nota-justify\">Finalmente este primero de mayo se realizar\u00e1 el relevo en la titularidad del Instituto Nacional de Migraci\u00f3n, por lo que el exgobernador de Puebla, Sergio Salom\u00f3n relevar\u00e1 en esa fecha al actual titular Francisco Gardu\u00f1o. Sheinbaum dijo que la transici\u00f3n en el gobierno estadounidense motiv\u00f3 postergar este relevo.<\/p>\n<p class=\"nota-justify\">Durante su conferencia, coment\u00f3 que en esta transici\u00f3n del gobierno de Estados Unidos con la llegada del presidente Donald Trump implicaba mantener los contactos de Gardu\u00f1o con autoridades estadunidenses as\u00ed como con el gobierno de Guatemala.<\/p>\n<p>Por otro lado, a pregunta expresa sobre el desenlace que tuvo el proceso legal contra Gardu\u00f1o por el fallecimiento de 40 migrantes en una estaci\u00f3n migratoria en Ciudad Ju\u00e1rez, dijo que fue un proceso legal que se sigui\u00f3 en sus t\u00e9rminos. Dijo que se est\u00e1 atendiendo a los familiares de las v\u00edctimas.<\/p>\n","protected":false},"excerpt":{"rendered":"<p>Finalmente este primero de mayo se realizar\u00e1 el relevo en la titularidad del Instituto Nacional de Migraci\u00f3n, por lo que<\/p>\n","protected":false},"author":4,"featured_media":61062,"comment_status":"closed","ping_status":"closed","sticky":false,"template":"","format":"standard","meta":{"colormag_page_container_layout":"default_layout","colormag_page_sidebar_layout":"default_layout","_jetpack_memberships_contains_paid_content":false,"footnotes":"","jetpack_publicize_message":"","jetpack_publicize_feature_enabled":true,"jetpack_social_post_already_shared":false,"jetpack_social_options":{"image_generator_settings":{"template":"highway","default_image_id":0,"font":"","enabled":false},"version":2}},"categories":[33],"tags":[],"class_list":["post-61061","post","type-post","status-publish","format-standard","has-post-thumbnail","hentry","category-nacional"],"jetpack_publicize_connections":[],"jetpack_featured_media_url":"https:\/\/i0.wp.com\/politicosaldesnudo.com.mx\/wp-content\/uploads\/2025\/04\/TribunaNoticias_20250415_110727_0000.png?fit=640%2C420&ssl=1","jetpack-related-posts":[],"jetpack_sharing_enabled":true,"_links":{"self":[{"href":"https:\/\/politicosaldesnudo.com.mx\/index.php\/wp-json\/wp\/v2\/posts\/61061","targetHints":{"allow":["GET"]}}],"collection":[{"href":"https:\/\/politicosaldesnudo.com.mx\/index.php\/wp-json\/wp\/v2\/posts"}],"about":[{"href":"https:\/\/politicosaldesnudo.com.mx\/index.php\/wp-json\/wp\/v2\/types\/post"}],"author":[{"embeddable":true,"href":"https:\/\/politicosaldesnudo.com.mx\/index.php\/wp-json\/wp\/v2\/users\/4"}],"replies":[{"embeddable":true,"href":"https:\/\/politicosaldesnudo.com.mx\/index.php\/wp-json\/wp\/v2\/comments?post=61061"}],"version-history":[{"count":0,"href":"https:\/\/politicosaldesnudo.com.mx\/index.php\/wp-json\/wp\/v2\/posts\/61061\/revisions"}],"wp:featuredmedia":[{"embeddable":true,"href":"https:\/\/politicosaldesnudo.com.mx\/index.php\/wp-json\/wp\/v2\/media\/61062"}],"wp:attachment":[{"href":"https:\/\/politicosaldesnudo.com.mx\/index.php\/wp-json\/wp\/v2\/media?parent=61061"}],"wp:term":[{"taxonomy":"category","embeddable":true,"href":"https:\/\/politicosaldesnudo.com.mx\/index.php\/wp-json\/wp\/v2\/categories?post=61061"},{"taxonomy":"post_tag","embeddable":true,"href":"https:\/\/politicosaldesnudo.com.mx\/index.php\/wp-json\/wp\/v2\/tags?post=61061"}],"curies":[{"name":"wp","href":"https:\/\/api.w.org\/{rel}","templated":true}]}}