{"id":61067,"date":"2025-04-16T00:08:10","date_gmt":"2025-04-16T06:08:10","guid":{"rendered":"https:\/\/politicosaldesnudo.com.mx\/?p=61067"},"modified":"2025-04-15T22:22:21","modified_gmt":"2025-04-16T04:22:21","slug":"pedira-sheinbaum-periodo-extra-por-reforma-para-desaparecidos","status":"publish","type":"post","link":"https:\/\/politicosaldesnudo.com.mx\/index.php\/2025\/04\/16\/pedira-sheinbaum-periodo-extra-por-reforma-para-desaparecidos\/","title":{"rendered":"Pedir\u00e1 Sheinbaum periodo extra por reforma para desaparecidos"},"content":{"rendered":"<p class=\"nota-justify\">La presidenta Claudia Sheinbaum solicitar\u00e1 al Congreso realizar un periodo extraordinario de sesiones para dos objetivos centrales: enriquecer las iniciativas que envi\u00f3 en materia de desaparici\u00f3n de personas con las propuestas de colectivos de familiares de gente en esa condici\u00f3n y para concluir las reformas a las leyes secundarias que regir\u00e1n el Poder Judicial, a fin de que ya est\u00e9 el marco legal completo cuando asuma la nueva composici\u00f3n en septiembre.<\/p>\n<p class=\"nota-justify\">Por otro lado, ante las versiones de que la secretaria ejecutiva de Administraci\u00f3n de la Suprema Corte de Justicia de la Naci\u00f3n, Mar\u00eda Fernanda Casanueva \u2013cercana a la ministra presidenta Norma Pi\u00f1a y, en su momento, gente del ex secretario de Seguridad Genaro Garc\u00eda Luna\u2013, realiza manejos financieros alejados de las recomendaciones del comit\u00e9 de administraci\u00f3n del Consejo de la Judicatura Federal, Sheinbaum consider\u00f3 que deber\u00eda hacerse una auditor\u00eda a su encargo.<\/p>\n<p class=\"nota-justify\">Y luego se andan quejando de los fideicomisos, cuando es un mandato de la Constituci\u00f3n, de la reforma al Poder Judicial (&#8230;) tiene que hacerse una revisi\u00f3n, una auditor\u00eda. Y no es la \u00fanica, eh, del equipo de Garc\u00eda Luna que est\u00e1 vinculada con la presidenta de la Corte. Le vamos a pedir a la consejera jur\u00eddica que nos haga una revisi\u00f3n y lo presentamos aqu\u00ed.<\/p>\n<p class=\"nota-justify\">Sobre el periodo extraordinario de sesiones, Sheinbaum dijo que hay algunas leyes secundarias que tienen que ver con la reforma del Poder Judicial que todav\u00eda se est\u00e1n consensuado con todas las instituciones y que vienen marcadas en la reforma constitucional para que el 1\u00ba de septiembre, cuando entra el nuevo Poder Judicial, ya llegue con todas las modificaciones necesarias.<\/p>\n","protected":false},"excerpt":{"rendered":"<p>La presidenta Claudia Sheinbaum solicitar\u00e1 al Congreso realizar un periodo extraordinario de sesiones para dos objetivos centrales: enriquecer las iniciativas<\/p>\n","protected":false},"author":4,"featured_media":61068,"comment_status":"closed","ping_status":"closed","sticky":false,"template":"","format":"standard","meta":{"colormag_page_container_layout":"default_layout","colormag_page_sidebar_layout":"default_layout","_jetpack_memberships_contains_paid_content":false,"footnotes":"","jetpack_publicize_message":"","jetpack_publicize_feature_enabled":true,"jetpack_social_post_already_shared":false,"jetpack_social_options":{"image_generator_settings":{"template":"highway","default_image_id":0,"font":"","enabled":false},"version":2}},"categories":[33],"tags":[],"class_list":["post-61067","post","type-post","status-publish","format-standard","has-post-thumbnail","hentry","category-nacional"],"jetpack_publicize_connections":[],"jetpack_featured_media_url":"https:\/\/i0.wp.com\/politicosaldesnudo.com.mx\/wp-content\/uploads\/2025\/04\/DES.jpg?fit=757%2C499&ssl=1","jetpack-related-posts":[],"jetpack_sharing_enabled":true,"_links":{"self":[{"href":"https:\/\/politicosaldesnudo.com.mx\/index.php\/wp-json\/wp\/v2\/posts\/61067","targetHints":{"allow":["GET"]}}],"collection":[{"href":"https:\/\/politicosaldesnudo.com.mx\/index.php\/wp-json\/wp\/v2\/posts"}],"about":[{"href":"https:\/\/politicosaldesnudo.com.mx\/index.php\/wp-json\/wp\/v2\/types\/post"}],"author":[{"embeddable":true,"href":"https:\/\/politicosaldesnudo.com.mx\/index.php\/wp-json\/wp\/v2\/users\/4"}],"replies":[{"embeddable":true,"href":"https:\/\/politicosaldesnudo.com.mx\/index.php\/wp-json\/wp\/v2\/comments?post=61067"}],"version-history":[{"count":0,"href":"https:\/\/politicosaldesnudo.com.mx\/index.php\/wp-json\/wp\/v2\/posts\/61067\/revisions"}],"wp:featuredmedia":[{"embeddable":true,"href":"https:\/\/politicosaldesnudo.com.mx\/index.php\/wp-json\/wp\/v2\/media\/61068"}],"wp:attachment":[{"href":"https:\/\/politicosaldesnudo.com.mx\/index.php\/wp-json\/wp\/v2\/media?parent=61067"}],"wp:term":[{"taxonomy":"category","embeddable":true,"href":"https:\/\/politicosaldesnudo.com.mx\/index.php\/wp-json\/wp\/v2\/categories?post=61067"},{"taxonomy":"post_tag","embeddable":true,"href":"https:\/\/politicosaldesnudo.com.mx\/index.php\/wp-json\/wp\/v2\/tags?post=61067"}],"curies":[{"name":"wp","href":"https:\/\/api.w.org\/{rel}","templated":true}]}}