{"id":61110,"date":"2025-04-16T01:30:51","date_gmt":"2025-04-16T07:30:51","guid":{"rendered":"https:\/\/politicosaldesnudo.com.mx\/?p=61110"},"modified":"2025-04-16T01:30:51","modified_gmt":"2025-04-16T07:30:51","slug":"el-futuro-del-taxi-en-veracruz","status":"publish","type":"post","link":"https:\/\/politicosaldesnudo.com.mx\/index.php\/2025\/04\/16\/el-futuro-del-taxi-en-veracruz\/","title":{"rendered":"El futuro del taxi en Veracruz"},"content":{"rendered":"<p><em>\u201cEl verdadero progreso consiste en renovarse.\u201d \u2013 Alejandro Vinet.<\/em><\/p>\n<p><strong>\u00a0<\/strong><\/p>\n<p><strong>El transporte p\u00fablico en la modalidad de taxi en Veracruz enfrenta una crisis estructural que afecta tanto a los usuarios como a los propios concesionarios. M\u00e1s del 60% del parque vehicular requiere renovaci\u00f3n urgente, y se estima que muchas unidades operan con doble o hasta triple emplacado, lo que facilita el pirataje y la competencia desleal. A esto se suma un servicio deficiente, caracterizado por unidades en mal estado, conductores sin capacitaci\u00f3n y una negativa sistem\u00e1tica del gremio a modernizarse.<\/strong><\/p>\n<p><strong>A ello habr\u00e1 que agregar la recurrente participaci\u00f3n de taxistas \u2013operadores- en la comisi\u00f3n de algunos delitos, que van desde el robo, hasta el secuestro, algo que no puede ser negado por el gremio, pues las denuncias ciudadanas abundan por cientos en todo el estado.<\/strong><\/p>\n<p><strong>La resistencia del sector taxi a la entrada de plataformas como Uber, Didi o InDriver ha sido persistente. Recientemente, taxistas se manifestaron en diversas ciudades del estado para exigir que estas aplicaciones no sean autorizadas, argumentando que representan una amenaza para su fuente de ingresos. <\/strong><\/p>\n<p><strong>Sin embargo, la realidad es que estas plataformas ofrecen a los usuarios un servicio m\u00e1s eficiente, transparente y seguro, lo que ha incrementado su demanda en otras entidades del pa\u00eds.<\/strong><\/p>\n<p><strong>La gobernadora Roc\u00edo Nahle Garc\u00eda ha reconocido la necesidad de regularizar y modernizar el servicio de taxis en Veracruz. Aunque ha se\u00f1alado que actualmente no hay autorizaci\u00f3n para la operaci\u00f3n de plataformas como Uber o Didi en el estado, tambi\u00e9n ha indicado que se est\u00e1 trabajando en un reordenamiento del servicio, incluyendo la revisi\u00f3n de tarifas y la regularizaci\u00f3n de unidades sin placas. Este enfoque busca equilibrar los intereses de los concesionarios con las demandas de los usuarios, promoviendo un servicio de calidad y competitivo.<\/strong><\/p>\n<p><strong>Es importante recordar que las concesiones de taxi son otorgadas por el estado y, por lo tanto, pueden ser revocadas en caso de incumplimiento de los lineamientos establecidos. La negativa del gremio a adaptarse a las nuevas tecnolog\u00edas y a mejorar el servicio podr\u00eda justificar la revisi\u00f3n de estas concesiones, especialmente si se comprueba que el servicio ofrecido es deficiente o que se incurre en pr\u00e1cticas ilegales.<\/strong><\/p>\n<p><strong>En periodos electorales, algunos grupos de taxistas han mostrado simpat\u00eda hacia partidos de oposici\u00f3n, utilizando su influencia para presionar al gobierno en turno. Sin embargo, el inter\u00e9s p\u00fablico debe prevalecer sobre los intereses particulares. El gobierno estatal tiene la responsabilidad de garantizar un servicio de transporte seguro, eficiente y accesible para todos los veracruzanos.<\/strong><\/p>\n<p><strong>La modernizaci\u00f3n del servicio de taxis en Veracruz es una tarea urgente que requiere voluntad pol\u00edtica y colaboraci\u00f3n entre autoridades y concesionarios. La incorporaci\u00f3n de plataformas digitales, la renovaci\u00f3n del parque vehicular y la capacitaci\u00f3n de los conductores son pasos necesarios para ofrecer a los ciudadanos el servicio de calidad que merecen.<\/strong><\/p>\n<p><strong>\u00a0<\/strong><\/p>\n<p><strong>Al tiempo.<\/strong><\/p>\n<p><img data-recalc-dims=\"1\" loading=\"lazy\" decoding=\"async\" class=\"aligncenter size-full wp-image-60942\" src=\"https:\/\/i0.wp.com\/politicosaldesnudo.com.mx\/wp-content\/uploads\/2025\/04\/FIRMA-EDITORIAL-PD-3.jpg?resize=1024%2C125&#038;ssl=1\" alt=\"\" width=\"1024\" height=\"125\" srcset=\"https:\/\/i0.wp.com\/politicosaldesnudo.com.mx\/wp-content\/uploads\/2025\/04\/FIRMA-EDITORIAL-PD-3.jpg?w=1024&amp;ssl=1 1024w, https:\/\/i0.wp.com\/politicosaldesnudo.com.mx\/wp-content\/uploads\/2025\/04\/FIRMA-EDITORIAL-PD-3.jpg?resize=300%2C37&amp;ssl=1 300w, https:\/\/i0.wp.com\/politicosaldesnudo.com.mx\/wp-content\/uploads\/2025\/04\/FIRMA-EDITORIAL-PD-3.jpg?resize=768%2C94&amp;ssl=1 768w\" sizes=\"auto, (max-width: 1000px) 100vw, 1000px\" \/><\/p>\n","protected":false},"excerpt":{"rendered":"<p>\u201cEl verdadero progreso consiste en renovarse.\u201d \u2013 Alejandro Vinet. \u00a0 El transporte p\u00fablico en la modalidad de taxi en Veracruz [&hellip;]<\/p>\n","protected":false},"author":4,"featured_media":36965,"comment_status":"closed","ping_status":"closed","sticky":false,"template":"","format":"standard","meta":{"site-sidebar-layout":"default","site-content-layout":"","ast-site-content-layout":"default","site-content-style":"default","site-sidebar-style":"default","ast-global-header-display":"","ast-banner-title-visibility":"","ast-main-header-display":"","ast-hfb-above-header-display":"","ast-hfb-below-header-display":"","ast-hfb-mobile-header-display":"","site-post-title":"","ast-breadcrumbs-content":"","ast-featured-img":"","footer-sml-layout":"","ast-disable-related-posts":"","theme-transparent-header-meta":"","adv-header-id-meta":"","stick-header-meta":"","header-above-stick-meta":"","header-main-stick-meta":"","header-below-stick-meta":"","astra-migrate-meta-layouts":"default","ast-page-background-enabled":"default","ast-page-background-meta":{"desktop":{"background-color":"var(--ast-global-color-5)","background-image":"","background-repeat":"repeat","background-position":"center center","background-size":"auto","background-attachment":"scroll","background-type":"","background-media":"","overlay-type":"","overlay-color":"","overlay-opacity":"","overlay-gradient":""},"tablet":{"background-color":"","background-image":"","background-repeat":"repeat","background-position":"center center","background-size":"auto","background-attachment":"scroll","background-type":"","background-media":"","overlay-type":"","overlay-color":"","overlay-opacity":"","overlay-gradient":""},"mobile":{"background-color":"","background-image":"","background-repeat":"repeat","background-position":"center center","background-size":"auto","background-attachment":"scroll","background-type":"","background-media":"","overlay-type":"","overlay-color":"","overlay-opacity":"","overlay-gradient":""}},"ast-content-background-meta":{"desktop":{"background-color":"var(--ast-global-color-4)","background-image":"","background-repeat":"repeat","background-position":"center center","background-size":"auto","background-attachment":"scroll","background-type":"","background-media":"","overlay-type":"","overlay-color":"","overlay-opacity":"","overlay-gradient":""},"tablet":{"background-color":"var(--ast-global-color-4)","background-image":"","background-repeat":"repeat","background-position":"center center","background-size":"auto","background-attachment":"scroll","background-type":"","background-media":"","overlay-type":"","overlay-color":"","overlay-opacity":"","overlay-gradient":""},"mobile":{"background-color":"var(--ast-global-color-4)","background-image":"","background-repeat":"repeat","background-position":"center center","background-size":"auto","background-attachment":"scroll","background-type":"","background-media":"","overlay-type":"","overlay-color":"","overlay-opacity":"","overlay-gradient":""}},"_jetpack_newsletter_access":"","_jetpack_dont_email_post_to_subs":false,"_jetpack_newsletter_tier_id":0,"_jetpack_memberships_contains_paywalled_content":false,"_jetpack_feature_clip_id":0,"_jetpack_memberships_contains_paid_content":false,"footnotes":"","jetpack_publicize_message":"","jetpack_publicize_feature_enabled":true,"jetpack_social_post_already_shared":false,"jetpack_social_options":{"image_generator_settings":{"template":"highway","default_image_id":0,"font":"","enabled":false},"version":2},"jetpack_post_was_ever_published":false},"categories":[26],"tags":[],"class_list":["post-61110","post","type-post","status-publish","format-standard","has-post-thumbnail","hentry","category-columnistas"],"yoast_head":"<!-- This site is optimized with the Yoast SEO plugin v28.3 - https:\/\/yoast.com\/product\/yoast-seo-wordpress\/ -->\n<title>El futuro del taxi en Veracruz - Pol\u00edticos al Desnudo<\/title>\n<meta name=\"robots\" content=\"index, follow, max-snippet:-1, max-image-preview:large, max-video-preview:-1\" \/>\n<link rel=\"canonical\" href=\"https:\/\/politicosaldesnudo.com.mx\/index.php\/2025\/04\/16\/el-futuro-del-taxi-en-veracruz\/\" \/>\n<meta property=\"og:locale\" content=\"es_ES\" \/>\n<meta property=\"og:type\" content=\"article\" \/>\n<meta property=\"og:title\" content=\"El futuro del taxi en Veracruz - Pol\u00edticos al Desnudo\" \/>\n<meta property=\"og:description\" content=\"\u201cEl verdadero progreso consiste en renovarse.\u201d \u2013 Alejandro Vinet. \u00a0 El transporte p\u00fablico en la modalidad de taxi en Veracruz [&hellip;]\" \/>\n<meta property=\"og:url\" content=\"https:\/\/politicosaldesnudo.com.mx\/index.php\/2025\/04\/16\/el-futuro-del-taxi-en-veracruz\/\" \/>\n<meta property=\"og:site_name\" content=\"Pol\u00edticos al Desnudo\" \/>\n<meta property=\"article:publisher\" content=\"https:\/\/www.facebook.com\/PoliticosAD\" \/>\n<meta property=\"article:published_time\" content=\"2025-04-16T07:30:51+00:00\" \/>\n<meta property=\"og:image\" content=\"https:\/\/i0.wp.com\/politicosaldesnudo.com.mx\/wp-content\/uploads\/2024\/05\/LUIS-RAMIREZ-BAQUEIRO.jpg?fit=800%2C445&ssl=1\" \/>\n\t<meta property=\"og:image:width\" content=\"800\" \/>\n\t<meta property=\"og:image:height\" content=\"445\" \/>\n\t<meta property=\"og:image:type\" content=\"image\/jpeg\" \/>\n<meta name=\"author\" content=\"Redacci\u00f3n Pol\u00edticos\" \/>\n<meta name=\"twitter:card\" content=\"summary_large_image\" \/>\n<meta name=\"twitter:label1\" content=\"Escrito por\" \/>\n\t<meta name=\"twitter:data1\" content=\"Redacci\u00f3n Pol\u00edticos\" \/>\n\t<meta name=\"twitter:label2\" content=\"Tiempo de lectura\" \/>\n\t<meta name=\"twitter:data2\" content=\"2 minutos\" \/>\n<script type=\"application\/ld+json\" class=\"yoast-schema-graph\">{\"@context\":\"https:\\\/\\\/schema.org\",\"@graph\":[{\"@type\":\"Article\",\"@id\":\"https:\\\/\\\/politicosaldesnudo.com.mx\\\/index.php\\\/2025\\\/04\\\/16\\\/el-futuro-del-taxi-en-veracruz\\\/#article\",\"isPartOf\":{\"@id\":\"https:\\\/\\\/politicosaldesnudo.com.mx\\\/index.php\\\/2025\\\/04\\\/16\\\/el-futuro-del-taxi-en-veracruz\\\/\"},\"author\":{\"name\":\"Redacci\u00f3n Pol\u00edticos\",\"@id\":\"https:\\\/\\\/politicosaldesnudo.com.mx\\\/#\\\/schema\\\/person\\\/ef3a64e561cc3f3f5dc52fab81adde7e\"},\"headline\":\"El futuro del taxi en Veracruz\",\"datePublished\":\"2025-04-16T07:30:51+00:00\",\"mainEntityOfPage\":{\"@id\":\"https:\\\/\\\/politicosaldesnudo.com.mx\\\/index.php\\\/2025\\\/04\\\/16\\\/el-futuro-del-taxi-en-veracruz\\\/\"},\"wordCount\":504,\"publisher\":{\"@id\":\"https:\\\/\\\/politicosaldesnudo.com.mx\\\/#organization\"},\"image\":{\"@id\":\"https:\\\/\\\/politicosaldesnudo.com.mx\\\/index.php\\\/2025\\\/04\\\/16\\\/el-futuro-del-taxi-en-veracruz\\\/#primaryimage\"},\"thumbnailUrl\":\"https:\\\/\\\/i0.wp.com\\\/politicosaldesnudo.com.mx\\\/wp-content\\\/uploads\\\/2024\\\/05\\\/LUIS-RAMIREZ-BAQUEIRO.jpg?fit=800%2C445&ssl=1\",\"articleSection\":[\"OPINI\u00d3N\"],\"inLanguage\":\"es\"},{\"@type\":\"WebPage\",\"@id\":\"https:\\\/\\\/politicosaldesnudo.com.mx\\\/index.php\\\/2025\\\/04\\\/16\\\/el-futuro-del-taxi-en-veracruz\\\/\",\"url\":\"https:\\\/\\\/politicosaldesnudo.com.mx\\\/index.php\\\/2025\\\/04\\\/16\\\/el-futuro-del-taxi-en-veracruz\\\/\",\"name\":\"El futuro del taxi en Veracruz - Pol\u00edticos al Desnudo\",\"isPartOf\":{\"@id\":\"https:\\\/\\\/politicosaldesnudo.com.mx\\\/#website\"},\"primaryImageOfPage\":{\"@id\":\"https:\\\/\\\/politicosaldesnudo.com.mx\\\/index.php\\\/2025\\\/04\\\/16\\\/el-futuro-del-taxi-en-veracruz\\\/#primaryimage\"},\"image\":{\"@id\":\"https:\\\/\\\/politicosaldesnudo.com.mx\\\/index.php\\\/2025\\\/04\\\/16\\\/el-futuro-del-taxi-en-veracruz\\\/#primaryimage\"},\"thumbnailUrl\":\"https:\\\/\\\/i0.wp.com\\\/politicosaldesnudo.com.mx\\\/wp-content\\\/uploads\\\/2024\\\/05\\\/LUIS-RAMIREZ-BAQUEIRO.jpg?fit=800%2C445&ssl=1\",\"datePublished\":\"2025-04-16T07:30:51+00:00\",\"breadcrumb\":{\"@id\":\"https:\\\/\\\/politicosaldesnudo.com.mx\\\/index.php\\\/2025\\\/04\\\/16\\\/el-futuro-del-taxi-en-veracruz\\\/#breadcrumb\"},\"inLanguage\":\"es\",\"potentialAction\":[{\"@type\":\"ReadAction\",\"target\":[\"https:\\\/\\\/politicosaldesnudo.com.mx\\\/index.php\\\/2025\\\/04\\\/16\\\/el-futuro-del-taxi-en-veracruz\\\/\"]}]},{\"@type\":\"ImageObject\",\"inLanguage\":\"es\",\"@id\":\"https:\\\/\\\/politicosaldesnudo.com.mx\\\/index.php\\\/2025\\\/04\\\/16\\\/el-futuro-del-taxi-en-veracruz\\\/#primaryimage\",\"url\":\"https:\\\/\\\/i0.wp.com\\\/politicosaldesnudo.com.mx\\\/wp-content\\\/uploads\\\/2024\\\/05\\\/LUIS-RAMIREZ-BAQUEIRO.jpg?fit=800%2C445&ssl=1\",\"contentUrl\":\"https:\\\/\\\/i0.wp.com\\\/politicosaldesnudo.com.mx\\\/wp-content\\\/uploads\\\/2024\\\/05\\\/LUIS-RAMIREZ-BAQUEIRO.jpg?fit=800%2C445&ssl=1\",\"width\":800,\"height\":445},{\"@type\":\"BreadcrumbList\",\"@id\":\"https:\\\/\\\/politicosaldesnudo.com.mx\\\/index.php\\\/2025\\\/04\\\/16\\\/el-futuro-del-taxi-en-veracruz\\\/#breadcrumb\",\"itemListElement\":[{\"@type\":\"ListItem\",\"position\":1,\"name\":\"Portada\",\"item\":\"https:\\\/\\\/politicosaldesnudo.com.mx\\\/\"},{\"@type\":\"ListItem\",\"position\":2,\"name\":\"El futuro del taxi en Veracruz\"}]},{\"@type\":\"WebSite\",\"@id\":\"https:\\\/\\\/politicosaldesnudo.com.mx\\\/#website\",\"url\":\"https:\\\/\\\/politicosaldesnudo.com.mx\\\/\",\"name\":\"Pol\u00edticos al Desnudo\",\"description\":\"\",\"publisher\":{\"@id\":\"https:\\\/\\\/politicosaldesnudo.com.mx\\\/#organization\"},\"potentialAction\":[{\"@type\":\"SearchAction\",\"target\":{\"@type\":\"EntryPoint\",\"urlTemplate\":\"https:\\\/\\\/politicosaldesnudo.com.mx\\\/?s={search_term_string}\"},\"query-input\":{\"@type\":\"PropertyValueSpecification\",\"valueRequired\":true,\"valueName\":\"search_term_string\"}}],\"inLanguage\":\"es\"},{\"@type\":\"Organization\",\"@id\":\"https:\\\/\\\/politicosaldesnudo.com.mx\\\/#organization\",\"name\":\"Pol\u00edticos al Desnudo\",\"url\":\"https:\\\/\\\/politicosaldesnudo.com.mx\\\/\",\"logo\":{\"@type\":\"ImageObject\",\"inLanguage\":\"es\",\"@id\":\"https:\\\/\\\/politicosaldesnudo.com.mx\\\/#\\\/schema\\\/logo\\\/image\\\/\",\"url\":\"https:\\\/\\\/i0.wp.com\\\/politicosaldesnudo.com.mx\\\/wp-content\\\/uploads\\\/2026\\\/08\\\/cropped-logo.webp?fit=400%2C126&ssl=1\",\"contentUrl\":\"https:\\\/\\\/i0.wp.com\\\/politicosaldesnudo.com.mx\\\/wp-content\\\/uploads\\\/2026\\\/08\\\/cropped-logo.webp?fit=400%2C126&ssl=1\",\"width\":400,\"height\":126,\"caption\":\"Pol\u00edticos al Desnudo\"},\"image\":{\"@id\":\"https:\\\/\\\/politicosaldesnudo.com.mx\\\/#\\\/schema\\\/logo\\\/image\\\/\"},\"sameAs\":[\"https:\\\/\\\/www.facebook.com\\\/PoliticosAD\"]},{\"@type\":\"Person\",\"@id\":\"https:\\\/\\\/politicosaldesnudo.com.mx\\\/#\\\/schema\\\/person\\\/ef3a64e561cc3f3f5dc52fab81adde7e\",\"name\":\"Redacci\u00f3n Pol\u00edticos\",\"url\":\"https:\\\/\\\/politicosaldesnudo.com.mx\\\/index.php\\\/author\\\/redaccion-politicos\\\/\"}]}<\/script>\n<!-- \/ Yoast SEO plugin. -->","yoast_head_json":{"title":"El futuro del taxi en Veracruz - Pol\u00edticos al Desnudo","robots":{"index":"index","follow":"follow","max-snippet":"max-snippet:-1","max-image-preview":"max-image-preview:large","max-video-preview":"max-video-preview:-1"},"canonical":"https:\/\/politicosaldesnudo.com.mx\/index.php\/2025\/04\/16\/el-futuro-del-taxi-en-veracruz\/","og_locale":"es_ES","og_type":"article","og_title":"El futuro del taxi en Veracruz - Pol\u00edticos al Desnudo","og_description":"\u201cEl verdadero progreso consiste en renovarse.\u201d \u2013 Alejandro Vinet. \u00a0 El transporte p\u00fablico en la modalidad de taxi en Veracruz [&hellip;]","og_url":"https:\/\/politicosaldesnudo.com.mx\/index.php\/2025\/04\/16\/el-futuro-del-taxi-en-veracruz\/","og_site_name":"Pol\u00edticos al Desnudo","article_publisher":"https:\/\/www.facebook.com\/PoliticosAD","article_published_time":"2025-04-16T07:30:51+00:00","og_image":[{"width":800,"height":445,"url":"https:\/\/i0.wp.com\/politicosaldesnudo.com.mx\/wp-content\/uploads\/2024\/05\/LUIS-RAMIREZ-BAQUEIRO.jpg?fit=800%2C445&ssl=1","type":"image\/jpeg"}],"author":"Redacci\u00f3n Pol\u00edticos","twitter_card":"summary_large_image","twitter_misc":{"Escrito por":"Redacci\u00f3n Pol\u00edticos","Tiempo de lectura":"2 minutos"},"schema":{"@context":"https:\/\/schema.org","@graph":[{"@type":"Article","@id":"https:\/\/politicosaldesnudo.com.mx\/index.php\/2025\/04\/16\/el-futuro-del-taxi-en-veracruz\/#article","isPartOf":{"@id":"https:\/\/politicosaldesnudo.com.mx\/index.php\/2025\/04\/16\/el-futuro-del-taxi-en-veracruz\/"},"author":{"name":"Redacci\u00f3n Pol\u00edticos","@id":"https:\/\/politicosaldesnudo.com.mx\/#\/schema\/person\/ef3a64e561cc3f3f5dc52fab81adde7e"},"headline":"El futuro del taxi en Veracruz","datePublished":"2025-04-16T07:30:51+00:00","mainEntityOfPage":{"@id":"https:\/\/politicosaldesnudo.com.mx\/index.php\/2025\/04\/16\/el-futuro-del-taxi-en-veracruz\/"},"wordCount":504,"publisher":{"@id":"https:\/\/politicosaldesnudo.com.mx\/#organization"},"image":{"@id":"https:\/\/politicosaldesnudo.com.mx\/index.php\/2025\/04\/16\/el-futuro-del-taxi-en-veracruz\/#primaryimage"},"thumbnailUrl":"https:\/\/i0.wp.com\/politicosaldesnudo.com.mx\/wp-content\/uploads\/2024\/05\/LUIS-RAMIREZ-BAQUEIRO.jpg?fit=800%2C445&ssl=1","articleSection":["OPINI\u00d3N"],"inLanguage":"es"},{"@type":"WebPage","@id":"https:\/\/politicosaldesnudo.com.mx\/index.php\/2025\/04\/16\/el-futuro-del-taxi-en-veracruz\/","url":"https:\/\/politicosaldesnudo.com.mx\/index.php\/2025\/04\/16\/el-futuro-del-taxi-en-veracruz\/","name":"El futuro del taxi en Veracruz - Pol\u00edticos al Desnudo","isPartOf":{"@id":"https:\/\/politicosaldesnudo.com.mx\/#website"},"primaryImageOfPage":{"@id":"https:\/\/politicosaldesnudo.com.mx\/index.php\/2025\/04\/16\/el-futuro-del-taxi-en-veracruz\/#primaryimage"},"image":{"@id":"https:\/\/politicosaldesnudo.com.mx\/index.php\/2025\/04\/16\/el-futuro-del-taxi-en-veracruz\/#primaryimage"},"thumbnailUrl":"https:\/\/i0.wp.com\/politicosaldesnudo.com.mx\/wp-content\/uploads\/2024\/05\/LUIS-RAMIREZ-BAQUEIRO.jpg?fit=800%2C445&ssl=1","datePublished":"2025-04-16T07:30:51+00:00","breadcrumb":{"@id":"https:\/\/politicosaldesnudo.com.mx\/index.php\/2025\/04\/16\/el-futuro-del-taxi-en-veracruz\/#breadcrumb"},"inLanguage":"es","potentialAction":[{"@type":"ReadAction","target":["https:\/\/politicosaldesnudo.com.mx\/index.php\/2025\/04\/16\/el-futuro-del-taxi-en-veracruz\/"]}]},{"@type":"ImageObject","inLanguage":"es","@id":"https:\/\/politicosaldesnudo.com.mx\/index.php\/2025\/04\/16\/el-futuro-del-taxi-en-veracruz\/#primaryimage","url":"https:\/\/i0.wp.com\/politicosaldesnudo.com.mx\/wp-content\/uploads\/2024\/05\/LUIS-RAMIREZ-BAQUEIRO.jpg?fit=800%2C445&ssl=1","contentUrl":"https:\/\/i0.wp.com\/politicosaldesnudo.com.mx\/wp-content\/uploads\/2024\/05\/LUIS-RAMIREZ-BAQUEIRO.jpg?fit=800%2C445&ssl=1","width":800,"height":445},{"@type":"BreadcrumbList","@id":"https:\/\/politicosaldesnudo.com.mx\/index.php\/2025\/04\/16\/el-futuro-del-taxi-en-veracruz\/#breadcrumb","itemListElement":[{"@type":"ListItem","position":1,"name":"Portada","item":"https:\/\/politicosaldesnudo.com.mx\/"},{"@type":"ListItem","position":2,"name":"El futuro del taxi en Veracruz"}]},{"@type":"WebSite","@id":"https:\/\/politicosaldesnudo.com.mx\/#website","url":"https:\/\/politicosaldesnudo.com.mx\/","name":"Pol\u00edticos al Desnudo","description":"","publisher":{"@id":"https:\/\/politicosaldesnudo.com.mx\/#organization"},"potentialAction":[{"@type":"SearchAction","target":{"@type":"EntryPoint","urlTemplate":"https:\/\/politicosaldesnudo.com.mx\/?s={search_term_string}"},"query-input":{"@type":"PropertyValueSpecification","valueRequired":true,"valueName":"search_term_string"}}],"inLanguage":"es"},{"@type":"Organization","@id":"https:\/\/politicosaldesnudo.com.mx\/#organization","name":"Pol\u00edticos al Desnudo","url":"https:\/\/politicosaldesnudo.com.mx\/","logo":{"@type":"ImageObject","inLanguage":"es","@id":"https:\/\/politicosaldesnudo.com.mx\/#\/schema\/logo\/image\/","url":"https:\/\/i0.wp.com\/politicosaldesnudo.com.mx\/wp-content\/uploads\/2026\/08\/cropped-logo.webp?fit=400%2C126&ssl=1","contentUrl":"https:\/\/i0.wp.com\/politicosaldesnudo.com.mx\/wp-content\/uploads\/2026\/08\/cropped-logo.webp?fit=400%2C126&ssl=1","width":400,"height":126,"caption":"Pol\u00edticos al Desnudo"},"image":{"@id":"https:\/\/politicosaldesnudo.com.mx\/#\/schema\/logo\/image\/"},"sameAs":["https:\/\/www.facebook.com\/PoliticosAD"]},{"@type":"Person","@id":"https:\/\/politicosaldesnudo.com.mx\/#\/schema\/person\/ef3a64e561cc3f3f5dc52fab81adde7e","name":"Redacci\u00f3n Pol\u00edticos","url":"https:\/\/politicosaldesnudo.com.mx\/index.php\/author\/redaccion-politicos\/"}]}},"jetpack_publicize_connections":[],"jetpack-related-posts":[{"id":87899,"url":"https:\/\/politicosaldesnudo.com.mx\/index.php\/2026\/08\/19\/trasladan-a-reclusos-de-la-toma-a-otros-penales-de-veracruz\/","url_meta":{"origin":61110,"position":0},"title":"Trasladan a reclusos de La Toma a otros penales de Veracruz","author":"Redacci\u00f3n Pol\u00edticos","date":"19 de agosto de 2026","format":false,"excerpt":"Un grupo de personas privadas de la libertad fue retirado la ma\u00f1ana de este mi\u00e9rcoles del Centro de Reinserci\u00f3n Social de La Toma, ubicado en Amatl\u00e1n de los Reyes, para ser enviado a otros establecimientos penitenciarios del estado. El movimiento comenz\u00f3 alrededor de las 6:30 horas, cuando cuatro veh\u00edculos oficiales\u2026","rel":"","context":"En \u00abESTADOS\u00bb","block_context":{"text":"ESTADOS","link":"https:\/\/politicosaldesnudo.com.mx\/index.php\/category\/estados\/"},"img":{"alt_text":"","src":"https:\/\/i0.wp.com\/politicosaldesnudo.com.mx\/wp-content\/uploads\/2026\/08\/La-Toma.jpg?fit=602%2C402&ssl=1&resize=350%2C200","width":350,"height":200,"srcset":"https:\/\/i0.wp.com\/politicosaldesnudo.com.mx\/wp-content\/uploads\/2026\/08\/La-Toma.jpg?fit=602%2C402&ssl=1&resize=350%2C200 1x, https:\/\/i0.wp.com\/politicosaldesnudo.com.mx\/wp-content\/uploads\/2026\/08\/La-Toma.jpg?fit=602%2C402&ssl=1&resize=525%2C300 1.5x"},"classes":[]},{"id":87996,"url":"https:\/\/politicosaldesnudo.com.mx\/index.php\/2026\/08\/23\/nuevos-autobuses-totonaco-arriban-a-poza-rica-operaran-tres-rutas-regionales\/","url_meta":{"origin":61110,"position":1},"title":"Nuevos autobuses Totonaco arriban a Poza Rica; operar\u00e1n tres rutas regionales","author":"Redacci\u00f3n Pol\u00edticos","date":"23 de agosto de 2026","format":false,"excerpt":"Los primeros autobuses del Servicio Totonaco ya se encuentran en Poza Rica como parte del proyecto con el que se busca renovar y ampliar las opciones de transporte p\u00fablico en la zona norte de Veracruz. Las unidades comenzaron a llegar durante el fin de semana y formar\u00e1n parte de una\u2026","rel":"","context":"En \u00abESTADOS\u00bb","block_context":{"text":"ESTADOS","link":"https:\/\/politicosaldesnudo.com.mx\/index.php\/category\/estados\/"},"img":{"alt_text":"","src":"https:\/\/i0.wp.com\/politicosaldesnudo.com.mx\/wp-content\/uploads\/2026\/08\/tt.jpg?fit=888%2C500&ssl=1&resize=350%2C200","width":350,"height":200,"srcset":"https:\/\/i0.wp.com\/politicosaldesnudo.com.mx\/wp-content\/uploads\/2026\/08\/tt.jpg?fit=888%2C500&ssl=1&resize=350%2C200 1x, https:\/\/i0.wp.com\/politicosaldesnudo.com.mx\/wp-content\/uploads\/2026\/08\/tt.jpg?fit=888%2C500&ssl=1&resize=525%2C300 1.5x, https:\/\/i0.wp.com\/politicosaldesnudo.com.mx\/wp-content\/uploads\/2026\/08\/tt.jpg?fit=888%2C500&ssl=1&resize=700%2C400 2x"},"classes":[]},{"id":87980,"url":"https:\/\/politicosaldesnudo.com.mx\/index.php\/2026\/08\/22\/prision-preventiva-para-presunto-implicado-en-la-desaparicion-de-wendy-y-karime-en-poza-rica\/","url_meta":{"origin":61110,"position":2},"title":"Prisi\u00f3n preventiva para presunto implicado en la desaparici\u00f3n de Wendy y Karime en Poza Rica","author":"Redacci\u00f3n Pol\u00edticos","date":"22 de agosto de 2026","format":false,"excerpt":"A m\u00e1s de siete meses de que Wendy Arantxa Portilla Ramos y Karime Monserrat Murrieta Res\u00e9ndiz desaparecieran en Poza Rica, la Fiscal\u00eda General del Estado de Veracruz inform\u00f3 sobre la detenci\u00f3n e imputaci\u00f3n de un hombre presuntamente relacionado con el caso. El acusado fue identificado como El\u00edas \u201cN\u201d, tambi\u00e9n conocido\u2026","rel":"","context":"En \u00abESTADOS\u00bb","block_context":{"text":"ESTADOS","link":"https:\/\/politicosaldesnudo.com.mx\/index.php\/category\/estados\/"},"img":{"alt_text":"","src":"https:\/\/i0.wp.com\/politicosaldesnudo.com.mx\/wp-content\/uploads\/2026\/08\/poza.png?fit=1200%2C675&ssl=1&resize=350%2C200","width":350,"height":200,"srcset":"https:\/\/i0.wp.com\/politicosaldesnudo.com.mx\/wp-content\/uploads\/2026\/08\/poza.png?fit=1200%2C675&ssl=1&resize=350%2C200 1x, https:\/\/i0.wp.com\/politicosaldesnudo.com.mx\/wp-content\/uploads\/2026\/08\/poza.png?fit=1200%2C675&ssl=1&resize=525%2C300 1.5x, https:\/\/i0.wp.com\/politicosaldesnudo.com.mx\/wp-content\/uploads\/2026\/08\/poza.png?fit=1200%2C675&ssl=1&resize=700%2C400 2x, https:\/\/i0.wp.com\/politicosaldesnudo.com.mx\/wp-content\/uploads\/2026\/08\/poza.png?fit=1200%2C675&ssl=1&resize=1050%2C600 3x"},"classes":[]},{"id":88176,"url":"https:\/\/politicosaldesnudo.com.mx\/index.php\/2026\/08\/30\/un-viaje-sin-regreso-asi-habria-ocurrido-el-asesinato-del-hermano-de-la-creadora-de-contenido-ruthi-san-en-tuxpan\/","url_meta":{"origin":61110,"position":3},"title":"Un viaje sin regreso: as\u00ed habr\u00eda ocurrido el asesinato del hermano de la creadora de contenido Ruthi San, en Tuxpan","author":"Redacci\u00f3n Pol\u00edticos","date":"30 de agosto de 2026","format":false,"excerpt":"Un servicio de transporte termin\u00f3 convertido en la escena de un crimen. Cuatro meses despu\u00e9s del homicidio de Habib Ju\u00e1rez Castellanos, taxista de Tuxpan y hermano de la creadora de contenido Ruthi San, dos personas fueron detenidas y presentadas ante un juez. La investigaci\u00f3n de la Fiscal\u00eda Regional se\u00f1ala que\u2026","rel":"","context":"En \u00abESTADOS\u00bb","block_context":{"text":"ESTADOS","link":"https:\/\/politicosaldesnudo.com.mx\/index.php\/category\/estados\/"},"img":{"alt_text":"","src":"https:\/\/i0.wp.com\/politicosaldesnudo.com.mx\/wp-content\/uploads\/2026\/08\/f957448d-9e13-44e1-acb0-03d35ff4db3c.png?fit=1200%2C675&ssl=1&resize=350%2C200","width":350,"height":200,"srcset":"https:\/\/i0.wp.com\/politicosaldesnudo.com.mx\/wp-content\/uploads\/2026\/08\/f957448d-9e13-44e1-acb0-03d35ff4db3c.png?fit=1200%2C675&ssl=1&resize=350%2C200 1x, https:\/\/i0.wp.com\/politicosaldesnudo.com.mx\/wp-content\/uploads\/2026\/08\/f957448d-9e13-44e1-acb0-03d35ff4db3c.png?fit=1200%2C675&ssl=1&resize=525%2C300 1.5x, https:\/\/i0.wp.com\/politicosaldesnudo.com.mx\/wp-content\/uploads\/2026\/08\/f957448d-9e13-44e1-acb0-03d35ff4db3c.png?fit=1200%2C675&ssl=1&resize=700%2C400 2x, https:\/\/i0.wp.com\/politicosaldesnudo.com.mx\/wp-content\/uploads\/2026\/08\/f957448d-9e13-44e1-acb0-03d35ff4db3c.png?fit=1200%2C675&ssl=1&resize=1050%2C600 3x"},"classes":[]},{"id":87231,"url":"https:\/\/politicosaldesnudo.com.mx\/index.php\/2026\/07\/27\/concluye-marina-curso-de-control-de-averias\/","url_meta":{"origin":61110,"position":4},"title":"Concluye Marina Curso de Control de Aver\u00edas","author":"Redacci\u00f3n Pol\u00edticos","date":"27 de julio de 2026","format":false,"excerpt":"La Secretar\u00eda de Marina a trav\u00e9s de la Armada de M\u00e9xico, por conducto de la Fuerza Naval del Golfo, informa que el d\u00eda hoy, se llev\u00f3 a cabo la ceremonia de clausura del Tercer Curso de Control de Aver\u00edas para Unidades Mar\u00edtimas para Guardiamarinas (CAUM- GUARD) impartido en el Centro\u2026","rel":"","context":"En \u00abTUXPAN\u00bb","block_context":{"text":"TUXPAN","link":"https:\/\/politicosaldesnudo.com.mx\/index.php\/category\/tuxpan\/"},"img":{"alt_text":"","src":"https:\/\/i0.wp.com\/politicosaldesnudo.com.mx\/wp-content\/uploads\/2026\/07\/AFU.jpg?fit=1200%2C900&ssl=1&resize=350%2C200","width":350,"height":200,"srcset":"https:\/\/i0.wp.com\/politicosaldesnudo.com.mx\/wp-content\/uploads\/2026\/07\/AFU.jpg?fit=1200%2C900&ssl=1&resize=350%2C200 1x, https:\/\/i0.wp.com\/politicosaldesnudo.com.mx\/wp-content\/uploads\/2026\/07\/AFU.jpg?fit=1200%2C900&ssl=1&resize=525%2C300 1.5x, https:\/\/i0.wp.com\/politicosaldesnudo.com.mx\/wp-content\/uploads\/2026\/07\/AFU.jpg?fit=1200%2C900&ssl=1&resize=700%2C400 2x, https:\/\/i0.wp.com\/politicosaldesnudo.com.mx\/wp-content\/uploads\/2026\/07\/AFU.jpg?fit=1200%2C900&ssl=1&resize=1050%2C600 3x"},"classes":[]},{"id":88141,"url":"https:\/\/politicosaldesnudo.com.mx\/index.php\/2026\/08\/28\/veracruz-rescatara-el-ingenio-san-pedro-asumira-su-operacion-y-contratara-a-trabajadores\/","url_meta":{"origin":61110,"position":5},"title":"Veracruz rescatar\u00e1 el Ingenio San Pedro: asumir\u00e1 su operaci\u00f3n y contratar\u00e1 a trabajadores","author":"Redacci\u00f3n Pol\u00edticos","date":"28 de agosto de 2026","format":false,"excerpt":"El Gobierno estatal alista un decreto para crear un organismo encargado de administrar la f\u00e1brica; antes, la empresa actual deber\u00e1 liquidar al personal y cubrir sus obligaciones pendientes. El Ingenio San Pedro no cerrar\u00e1 sus puertas. El Gobierno de Veracruz asumir\u00e1 el control de la planta azucarera ubicada en Lerdo\u2026","rel":"","context":"En \u00abESTADOS\u00bb","block_context":{"text":"ESTADOS","link":"https:\/\/politicosaldesnudo.com.mx\/index.php\/category\/estados\/"},"img":{"alt_text":"","src":"https:\/\/i0.wp.com\/politicosaldesnudo.com.mx\/wp-content\/uploads\/2026\/08\/INGENIO-1.jpg?fit=1200%2C675&ssl=1&resize=350%2C200","width":350,"height":200,"srcset":"https:\/\/i0.wp.com\/politicosaldesnudo.com.mx\/wp-content\/uploads\/2026\/08\/INGENIO-1.jpg?fit=1200%2C675&ssl=1&resize=350%2C200 1x, https:\/\/i0.wp.com\/politicosaldesnudo.com.mx\/wp-content\/uploads\/2026\/08\/INGENIO-1.jpg?fit=1200%2C675&ssl=1&resize=525%2C300 1.5x, https:\/\/i0.wp.com\/politicosaldesnudo.com.mx\/wp-content\/uploads\/2026\/08\/INGENIO-1.jpg?fit=1200%2C675&ssl=1&resize=700%2C400 2x, https:\/\/i0.wp.com\/politicosaldesnudo.com.mx\/wp-content\/uploads\/2026\/08\/INGENIO-1.jpg?fit=1200%2C675&ssl=1&resize=1050%2C600 3x"},"classes":[]}],"jetpack_sharing_enabled":true,"jetpack_featured_media_url":"https:\/\/i0.wp.com\/politicosaldesnudo.com.mx\/wp-content\/uploads\/2024\/05\/LUIS-RAMIREZ-BAQUEIRO.jpg?fit=800%2C445&ssl=1","_links":{"self":[{"href":"https:\/\/politicosaldesnudo.com.mx\/index.php\/wp-json\/wp\/v2\/posts\/61110","targetHints":{"allow":["GET"]}}],"collection":[{"href":"https:\/\/politicosaldesnudo.com.mx\/index.php\/wp-json\/wp\/v2\/posts"}],"about":[{"href":"https:\/\/politicosaldesnudo.com.mx\/index.php\/wp-json\/wp\/v2\/types\/post"}],"author":[{"embeddable":true,"href":"https:\/\/politicosaldesnudo.com.mx\/index.php\/wp-json\/wp\/v2\/users\/4"}],"replies":[{"embeddable":true,"href":"https:\/\/politicosaldesnudo.com.mx\/index.php\/wp-json\/wp\/v2\/comments?post=61110"}],"version-history":[{"count":0,"href":"https:\/\/politicosaldesnudo.com.mx\/index.php\/wp-json\/wp\/v2\/posts\/61110\/revisions"}],"wp:featuredmedia":[{"embeddable":true,"href":"https:\/\/politicosaldesnudo.com.mx\/index.php\/wp-json\/wp\/v2\/media\/36965"}],"wp:attachment":[{"href":"https:\/\/politicosaldesnudo.com.mx\/index.php\/wp-json\/wp\/v2\/media?parent=61110"}],"wp:term":[{"taxonomy":"category","embeddable":true,"href":"https:\/\/politicosaldesnudo.com.mx\/index.php\/wp-json\/wp\/v2\/categories?post=61110"},{"taxonomy":"post_tag","embeddable":true,"href":"https:\/\/politicosaldesnudo.com.mx\/index.php\/wp-json\/wp\/v2\/tags?post=61110"}],"curies":[{"name":"wp","href":"https:\/\/api.w.org\/{rel}","templated":true}]}}