{"id":61139,"date":"2025-04-17T00:06:09","date_gmt":"2025-04-17T06:06:09","guid":{"rendered":"https:\/\/politicosaldesnudo.com.mx\/?p=61139"},"modified":"2025-04-16T20:51:29","modified_gmt":"2025-04-17T02:51:29","slug":"rechaza-ine-proyecto-que-declaraba-improcedente-remocion-de-consejero-del-ople-veracruz","status":"publish","type":"post","link":"https:\/\/politicosaldesnudo.com.mx\/index.php\/2025\/04\/17\/rechaza-ine-proyecto-que-declaraba-improcedente-remocion-de-consejero-del-ople-veracruz\/","title":{"rendered":"Rechaza INE proyecto que declaraba improcedente remoci\u00f3n de consejero del Ople Veracruz"},"content":{"rendered":"<p class=\"nota-justify\">Con siete votos en contra y cuatro a favor el consejo general del Instituto Nacional Electoral (INE) rechaz\u00f3 el proyecto que propon\u00eda declarar improcedente la remoci\u00f3n de Quint\u00edn Antar Dovarganes Escand\u00f3n, consejero del Organismo P\u00fablico Electoral (Ople) de Veracruz, acusado por una subalterna de hostigamiento sexual y laboral.<\/p>\n<p class=\"nota-justify\">Los opositores dijeron que el proyecto no fue elaborado con perspectiva de g\u00e9nero porque exigen a ella que pruebe sus dichos como si las personas anduvieran con una c\u00e1mara en el bolsillo, dijo una consejera.<\/p>\n<p class=\"nota-justify\">Por tanto, el expediente \u2013 ya de por s\u00ed dilatado, pues los hechos denunciados fueron en marzo de 2024- fue devuelto a la Unidad T\u00e9cnica de lo Contencioso (UTCE) del INE, para que se elabore un nuevo documento, preferentemente en un plazo no mayor a dos meses.<\/p>\n<p class=\"nota-justify\">A favor de no remover al consejero Dovarganes, seg\u00fan se establec\u00eda en el proyecto presentado en consejo, se pronunciaron la consejera Presidenta, Guadalupe Taddei, Norma de la Cruz, Uuc-kib Espadas y Jorge Monta\u00f1o, mientras que por la devoluci\u00f3n a la UTCE &#8211; para \u201cjuzgar con perspectiva de g\u00e9nero\u201d- votaron Ravel, Humphrey, Zavala, Castillo, L\u00f3pez Vences, Rivera y Faz.<\/p>\n","protected":false},"excerpt":{"rendered":"<p>Con siete votos en contra y cuatro a favor el consejo general del Instituto Nacional Electoral (INE) rechaz\u00f3 el proyecto<\/p>\n","protected":false},"author":4,"featured_media":61140,"comment_status":"closed","ping_status":"closed","sticky":false,"template":"","format":"standard","meta":{"colormag_page_container_layout":"default_layout","colormag_page_sidebar_layout":"default_layout","_jetpack_memberships_contains_paid_content":false,"footnotes":"","jetpack_publicize_message":"","jetpack_publicize_feature_enabled":true,"jetpack_social_post_already_shared":false,"jetpack_social_options":{"image_generator_settings":{"template":"highway","default_image_id":0,"font":"","enabled":false},"version":2}},"categories":[33],"tags":[],"class_list":["post-61139","post","type-post","status-publish","format-standard","has-post-thumbnail","hentry","category-nacional"],"jetpack_publicize_connections":[],"jetpack_featured_media_url":"https:\/\/i0.wp.com\/politicosaldesnudo.com.mx\/wp-content\/uploads\/2025\/04\/inve.jpg?fit=765%2C482&ssl=1","jetpack-related-posts":[],"jetpack_sharing_enabled":true,"_links":{"self":[{"href":"https:\/\/politicosaldesnudo.com.mx\/index.php\/wp-json\/wp\/v2\/posts\/61139","targetHints":{"allow":["GET"]}}],"collection":[{"href":"https:\/\/politicosaldesnudo.com.mx\/index.php\/wp-json\/wp\/v2\/posts"}],"about":[{"href":"https:\/\/politicosaldesnudo.com.mx\/index.php\/wp-json\/wp\/v2\/types\/post"}],"author":[{"embeddable":true,"href":"https:\/\/politicosaldesnudo.com.mx\/index.php\/wp-json\/wp\/v2\/users\/4"}],"replies":[{"embeddable":true,"href":"https:\/\/politicosaldesnudo.com.mx\/index.php\/wp-json\/wp\/v2\/comments?post=61139"}],"version-history":[{"count":0,"href":"https:\/\/politicosaldesnudo.com.mx\/index.php\/wp-json\/wp\/v2\/posts\/61139\/revisions"}],"wp:featuredmedia":[{"embeddable":true,"href":"https:\/\/politicosaldesnudo.com.mx\/index.php\/wp-json\/wp\/v2\/media\/61140"}],"wp:attachment":[{"href":"https:\/\/politicosaldesnudo.com.mx\/index.php\/wp-json\/wp\/v2\/media?parent=61139"}],"wp:term":[{"taxonomy":"category","embeddable":true,"href":"https:\/\/politicosaldesnudo.com.mx\/index.php\/wp-json\/wp\/v2\/categories?post=61139"},{"taxonomy":"post_tag","embeddable":true,"href":"https:\/\/politicosaldesnudo.com.mx\/index.php\/wp-json\/wp\/v2\/tags?post=61139"}],"curies":[{"name":"wp","href":"https:\/\/api.w.org\/{rel}","templated":true}]}}