{"id":6115,"date":"2022-06-03T12:26:41","date_gmt":"2022-06-03T17:26:41","guid":{"rendered":"https:\/\/politicosaldesnudo.com.mx\/?p=6115"},"modified":"2022-06-03T12:27:41","modified_gmt":"2022-06-03T17:27:41","slug":"se-aproxima-ciclon-tropical-uno-a-qroo-smn","status":"publish","type":"post","link":"https:\/\/politicosaldesnudo.com.mx\/index.php\/2022\/06\/03\/se-aproxima-ciclon-tropical-uno-a-qroo-smn\/","title":{"rendered":"Se aproxima cicl\u00f3n tropical Uno a Quintana Roo: SMN"},"content":{"rendered":"<p class=\"p2\"><span style=\"font-size: 14pt;\"><em><strong>Ciudad de M\u00e9xico.\u00a0<\/strong><\/em><strong>El potencial cicl\u00f3n tropical Uno<\/strong> se localiza a 90 kil\u00f3metros al nor-noreste de Cabo Catoche y a 200 kil\u00f3metros<strong> al norte de Cozumel, en Quintana Roo, y mantendr\u00e1 lluvias en la Pen\u00ednsula de Yucat\u00e1n<\/strong>, inform\u00f3 el Servicio Meteorol\u00f3gico Nacional (SMN).<\/span><\/p>\n<p class=\"p2\"><span style=\"font-size: 18pt;\"><strong>Ser\u00eda el primero en convertirse en la tormenta tropical\u00a0Alex, en el Oc\u00e9ano Atl\u00e1ntico, que surge de los remanentes del hurac\u00e1n Agatha que impact\u00f3 el lunes pasado en Oaxaca.<\/strong><\/span><\/p>\n<p class=\"p2\"><span style=\"font-size: 18pt;\"><strong>El cicl\u00f3n tropical Uno presenta vientos m\u00e1ximos sostenidos de 65 kil\u00f3metros por hora y rachas de 85 kil\u00f3metros por hora. Se desplaza hacia el noreste a 9 kil\u00f3metros por hora.<\/strong><\/span><\/p>\n<p>&nbsp;<\/p>\n<p><img data-recalc-dims=\"1\" loading=\"lazy\" decoding=\"async\" class=\"aligncenter wp-image-6118 size-large\" src=\"https:\/\/i0.wp.com\/politicosaldesnudo.com.mx\/wp-content\/uploads\/2022\/06\/P-HURACAN3-1024x573.png?resize=800%2C448&#038;ssl=1\" alt=\"\" width=\"800\" height=\"448\" srcset=\"https:\/\/i0.wp.com\/politicosaldesnudo.com.mx\/wp-content\/uploads\/2022\/06\/P-HURACAN3.png?resize=1024%2C573&amp;ssl=1 1024w, https:\/\/i0.wp.com\/politicosaldesnudo.com.mx\/wp-content\/uploads\/2022\/06\/P-HURACAN3.png?resize=300%2C168&amp;ssl=1 300w, https:\/\/i0.wp.com\/politicosaldesnudo.com.mx\/wp-content\/uploads\/2022\/06\/P-HURACAN3.png?resize=768%2C430&amp;ssl=1 768w, https:\/\/i0.wp.com\/politicosaldesnudo.com.mx\/wp-content\/uploads\/2022\/06\/P-HURACAN3.png?resize=1536%2C859&amp;ssl=1 1536w, https:\/\/i0.wp.com\/politicosaldesnudo.com.mx\/wp-content\/uploads\/2022\/06\/P-HURACAN3.png?w=1816&amp;ssl=1 1816w\" sizes=\"auto, (max-width: 800px) 100vw, 800px\" \/><\/p>\n<p>&nbsp;<\/p>\n<p>&nbsp;<\/p>\n<p><span style=\"font-size: 18pt;\"><strong>VIENEN LLUVIAS<\/strong><\/span><\/p>\n<p class=\"p2\"><span style=\"font-size: 18pt;\"><strong>Para este viernes se pronostican lluvias muy fuertes en Chiapas; fuertes en Chihuahua, Durango, Guerrero, Oaxaca, Quintana Roo, Yucat\u00e1n y Zacatecas; chubascos en Campeche, Coahuila, Jalisco, Michoac\u00e1n, Morelos, Nuevo Le\u00f3n, Puebla, San Luis Potos\u00ed, Tabasco y Veracruz.<\/strong><\/span><\/p>\n<p class=\"p2\"><span style=\"font-size: 18pt;\"><strong>Asimismo, se prev\u00e9n lluvias aisladas en Aguascalientes, Ciudad de M\u00e9xico, Colima, Estado de M\u00e9xico, Guanajuato, Nayarit, Sinaloa y Tamaulipas.<\/strong><\/span><\/p>\n<p class=\"p2\"><span style=\"font-size: 14pt;\">Las lluvias se acompa\u00f1ar\u00e1n de descargas el\u00e9ctricas, vientos fuertes y probable ca\u00edda de granizo, y son generadas por el potencial cicl\u00f3n tropical Uno, ubicado frente a la costa noreste de Quintana Roo, la vaguada monz\u00f3nica cercana a las costas de Chiapas y canales de baja presi\u00f3n extendidos sobre la Sierra Madre Occidental y el centro de M\u00e9xico.<\/span><\/p>\n<p class=\"p2\"><span style=\"font-size: 18pt;\"><strong>Las precipitaciones podr\u00edan generar deslaves, incremento en los niveles de r\u00edos y arroyos, desbordamientos e inundaciones en zonas bajas, por lo que se exhorta a la poblaci\u00f3n a atender los avisos del Servicio Meteorol\u00f3gico Nacional y seguir las indicaciones de las autoridades estatales, municipales y de Protecci\u00f3n Civil. A la navegaci\u00f3n mar\u00edtima en las inmediaciones del sistema se le hace un llamado a extremar precauciones por vientos y oleaje frente a las costas de Quintana Roo y Yucat\u00e1n.<\/strong><\/span><\/p>\n<p>&nbsp;<\/p>\n<p><img data-recalc-dims=\"1\" loading=\"lazy\" decoding=\"async\" class=\"aligncenter wp-image-6119 size-large\" src=\"https:\/\/i0.wp.com\/politicosaldesnudo.com.mx\/wp-content\/uploads\/2022\/06\/P-LLUVIA-1024x573.png?resize=800%2C448&#038;ssl=1\" alt=\"\" width=\"800\" height=\"448\" srcset=\"https:\/\/i0.wp.com\/politicosaldesnudo.com.mx\/wp-content\/uploads\/2022\/06\/P-LLUVIA.png?resize=1024%2C573&amp;ssl=1 1024w, https:\/\/i0.wp.com\/politicosaldesnudo.com.mx\/wp-content\/uploads\/2022\/06\/P-LLUVIA.png?resize=300%2C168&amp;ssl=1 300w, https:\/\/i0.wp.com\/politicosaldesnudo.com.mx\/wp-content\/uploads\/2022\/06\/P-LLUVIA.png?resize=768%2C430&amp;ssl=1 768w, https:\/\/i0.wp.com\/politicosaldesnudo.com.mx\/wp-content\/uploads\/2022\/06\/P-LLUVIA.png?resize=1536%2C859&amp;ssl=1 1536w, https:\/\/i0.wp.com\/politicosaldesnudo.com.mx\/wp-content\/uploads\/2022\/06\/P-LLUVIA.png?w=1816&amp;ssl=1 1816w\" sizes=\"auto, (max-width: 800px) 100vw, 800px\" \/><\/p>\n<p>&nbsp;<\/p>\n<p class=\"p2\"><span style=\"font-size: 18pt;\"><strong>Se pronostica viento con rachas de 60 a 70 kil\u00f3metros por hora y tolvaneras en Chihuahua, y rachas de 50 a 60 kil\u00f3metros por hora en Aguascalientes, Baja California, Coahuila, Durango, Guanajuato, Jalisco, Nuevo Le\u00f3n, San Luis Potos\u00ed, Sonora, Tamaulipas y Zacatecas.<\/strong><\/span><\/p>\n<p class=\"p2\"><span style=\"font-size: 14pt;\">Para esta ma\u00f1ana se estiman temperaturas m\u00ednimas de 0 a 5 grados en zonas monta\u00f1osas del occidente de Chihuahua, Durango, oriente y occidente del Estado de M\u00e9xico, Guanajuato, centro de Hidalgo, oriente y occidente de Puebla y el sur de Tlaxcala.<\/span><\/p>\n<p class=\"p2\"><span style=\"font-size: 14pt;\">El SMN indic\u00f3 que se mantendr\u00e1 el ambiente vespertino de c\u00e1lido a caluroso en gran parte de la Rep\u00fablica Mexicana, con temperaturas m\u00e1ximas de 40 a 45 grados en Baja California, Sinaloa y Sonora; de 35 a 40 grados en Baja California Sur, Chihuahua, Coahuila, Guerrero, Jalisco, Michoac\u00e1n, Nayarit, Nuevo Le\u00f3n, San Luis Potos\u00ed, Tamaulipas y Veracruz.<\/span><\/p>\n<p class=\"p2\"><span style=\"font-size: 14pt;\">En el Valle de M\u00e9xico se prev\u00e9 cielo parcialmente nublado y ambiente fresco a fr\u00edo al amanecer, incremento de los nublados y ambiente vespertino de templado a c\u00e1lido.<\/span><\/p>\n<p class=\"p2\"><span style=\"font-size: 18pt;\"><strong>En la Ciudad de M\u00e9xico se estima temperatura m\u00ednima de 12 a 14 grados y m\u00e1xima de 26 a 28 grados.<\/strong><\/span><\/p>\n<p>&nbsp;<\/p>\n<p>&nbsp;<\/p>\n<p><span style=\"font-size: 18pt;\"><strong>Informaci\u00f3n: La Jornada<\/strong><\/span><\/p>\n<p>&nbsp;<\/p>\n<p>&nbsp;<\/p>\n<p>&nbsp;<\/p>\n","protected":false},"excerpt":{"rendered":"<p>Ciudad de M\u00e9xico.\u00a0El potencial cicl\u00f3n tropical Uno se localiza a 90 kil\u00f3metros al nor-noreste de Cabo Catoche y a 200 [&hellip;]<\/p>\n","protected":false},"author":4,"featured_media":6120,"comment_status":"closed","ping_status":"closed","sticky":false,"template":"","format":"standard","meta":{"site-sidebar-layout":"default","site-content-layout":"","ast-site-content-layout":"default","site-content-style":"default","site-sidebar-style":"default","ast-global-header-display":"","ast-banner-title-visibility":"","ast-main-header-display":"","ast-hfb-above-header-display":"","ast-hfb-below-header-display":"","ast-hfb-mobile-header-display":"","site-post-title":"","ast-breadcrumbs-content":"","ast-featured-img":"","footer-sml-layout":"","ast-disable-related-posts":"","theme-transparent-header-meta":"","adv-header-id-meta":"","stick-header-meta":"","header-above-stick-meta":"","header-main-stick-meta":"","header-below-stick-meta":"","astra-migrate-meta-layouts":"default","ast-page-background-enabled":"default","ast-page-background-meta":{"desktop":{"background-color":"var(--ast-global-color-5)","background-image":"","background-repeat":"repeat","background-position":"center center","background-size":"auto","background-attachment":"scroll","background-type":"","background-media":"","overlay-type":"","overlay-color":"","overlay-opacity":"","overlay-gradient":""},"tablet":{"background-color":"","background-image":"","background-repeat":"repeat","background-position":"center center","background-size":"auto","background-attachment":"scroll","background-type":"","background-media":"","overlay-type":"","overlay-color":"","overlay-opacity":"","overlay-gradient":""},"mobile":{"background-color":"","background-image":"","background-repeat":"repeat","background-position":"center center","background-size":"auto","background-attachment":"scroll","background-type":"","background-media":"","overlay-type":"","overlay-color":"","overlay-opacity":"","overlay-gradient":""}},"ast-content-background-meta":{"desktop":{"background-color":"var(--ast-global-color-4)","background-image":"","background-repeat":"repeat","background-position":"center center","background-size":"auto","background-attachment":"scroll","background-type":"","background-media":"","overlay-type":"","overlay-color":"","overlay-opacity":"","overlay-gradient":""},"tablet":{"background-color":"var(--ast-global-color-4)","background-image":"","background-repeat":"repeat","background-position":"center center","background-size":"auto","background-attachment":"scroll","background-type":"","background-media":"","overlay-type":"","overlay-color":"","overlay-opacity":"","overlay-gradient":""},"mobile":{"background-color":"var(--ast-global-color-4)","background-image":"","background-repeat":"repeat","background-position":"center center","background-size":"auto","background-attachment":"scroll","background-type":"","background-media":"","overlay-type":"","overlay-color":"","overlay-opacity":"","overlay-gradient":""}},"_jetpack_newsletter_access":"","_jetpack_dont_email_post_to_subs":false,"_jetpack_newsletter_tier_id":0,"_jetpack_memberships_contains_paywalled_content":false,"_jetpack_feature_clip_id":0,"_jetpack_memberships_contains_paid_content":false,"footnotes":"","jetpack_publicize_message":"","jetpack_publicize_feature_enabled":true,"jetpack_social_post_already_shared":true,"jetpack_social_options":{"image_generator_settings":{"template":"highway","default_image_id":0,"font":"","enabled":false},"version":2},"jetpack_post_was_ever_published":false},"categories":[30],"tags":[768,898,383,611],"class_list":["post-6115","post","type-post","status-publish","format-standard","has-post-thumbnail","hentry","category-estados","tag-ciclon","tag-lluvias","tag-quintana-roo","tag-smn"],"yoast_head":"<!-- This site is optimized with the Yoast SEO plugin v28.3 - https:\/\/yoast.com\/product\/yoast-seo-wordpress\/ -->\n<title>Se aproxima cicl\u00f3n tropical Uno a Quintana Roo: SMN - Pol\u00edticos al Desnudo<\/title>\n<meta name=\"robots\" content=\"index, follow, max-snippet:-1, max-image-preview:large, max-video-preview:-1\" \/>\n<link rel=\"canonical\" href=\"https:\/\/politicosaldesnudo.com.mx\/index.php\/2022\/06\/03\/se-aproxima-ciclon-tropical-uno-a-qroo-smn\/\" \/>\n<meta property=\"og:locale\" content=\"es_ES\" \/>\n<meta property=\"og:type\" content=\"article\" \/>\n<meta property=\"og:title\" content=\"Se aproxima cicl\u00f3n tropical Uno a Quintana Roo: SMN - Pol\u00edticos al Desnudo\" \/>\n<meta property=\"og:description\" content=\"Ciudad de M\u00e9xico.\u00a0El potencial cicl\u00f3n tropical Uno se localiza a 90 kil\u00f3metros al nor-noreste de Cabo Catoche y a 200 [&hellip;]\" \/>\n<meta property=\"og:url\" content=\"https:\/\/politicosaldesnudo.com.mx\/index.php\/2022\/06\/03\/se-aproxima-ciclon-tropical-uno-a-qroo-smn\/\" \/>\n<meta property=\"og:site_name\" content=\"Pol\u00edticos al Desnudo\" \/>\n<meta property=\"article:publisher\" content=\"https:\/\/www.facebook.com\/PoliticosAD\" \/>\n<meta property=\"article:published_time\" content=\"2022-06-03T17:26:41+00:00\" \/>\n<meta property=\"article:modified_time\" content=\"2022-06-03T17:27:41+00:00\" \/>\n<meta property=\"og:image\" content=\"https:\/\/i0.wp.com\/politicosaldesnudo.com.mx\/wp-content\/uploads\/2022\/06\/P-HURACAN2-1.png?fit=1816%2C1016&ssl=1\" \/>\n\t<meta property=\"og:image:width\" content=\"1816\" \/>\n\t<meta property=\"og:image:height\" content=\"1016\" \/>\n\t<meta property=\"og:image:type\" content=\"image\/png\" \/>\n<meta name=\"author\" content=\"Redacci\u00f3n Pol\u00edticos\" \/>\n<meta name=\"twitter:card\" content=\"summary_large_image\" \/>\n<meta name=\"twitter:label1\" content=\"Escrito por\" \/>\n\t<meta name=\"twitter:data1\" content=\"Redacci\u00f3n Pol\u00edticos\" \/>\n\t<meta name=\"twitter:label2\" content=\"Tiempo de lectura\" \/>\n\t<meta name=\"twitter:data2\" content=\"3 minutos\" \/>\n<script type=\"application\/ld+json\" class=\"yoast-schema-graph\">{\"@context\":\"https:\\\/\\\/schema.org\",\"@graph\":[{\"@type\":\"Article\",\"@id\":\"https:\\\/\\\/politicosaldesnudo.com.mx\\\/index.php\\\/2022\\\/06\\\/03\\\/se-aproxima-ciclon-tropical-uno-a-qroo-smn\\\/#article\",\"isPartOf\":{\"@id\":\"https:\\\/\\\/politicosaldesnudo.com.mx\\\/index.php\\\/2022\\\/06\\\/03\\\/se-aproxima-ciclon-tropical-uno-a-qroo-smn\\\/\"},\"author\":{\"name\":\"Redacci\u00f3n Pol\u00edticos\",\"@id\":\"https:\\\/\\\/politicosaldesnudo.com.mx\\\/#\\\/schema\\\/person\\\/ef3a64e561cc3f3f5dc52fab81adde7e\"},\"headline\":\"Se aproxima cicl\u00f3n tropical Uno a Quintana Roo: SMN\",\"datePublished\":\"2022-06-03T17:26:41+00:00\",\"dateModified\":\"2022-06-03T17:27:41+00:00\",\"mainEntityOfPage\":{\"@id\":\"https:\\\/\\\/politicosaldesnudo.com.mx\\\/index.php\\\/2022\\\/06\\\/03\\\/se-aproxima-ciclon-tropical-uno-a-qroo-smn\\\/\"},\"wordCount\":545,\"publisher\":{\"@id\":\"https:\\\/\\\/politicosaldesnudo.com.mx\\\/#organization\"},\"image\":{\"@id\":\"https:\\\/\\\/politicosaldesnudo.com.mx\\\/index.php\\\/2022\\\/06\\\/03\\\/se-aproxima-ciclon-tropical-uno-a-qroo-smn\\\/#primaryimage\"},\"thumbnailUrl\":\"https:\\\/\\\/i0.wp.com\\\/politicosaldesnudo.com.mx\\\/wp-content\\\/uploads\\\/2022\\\/06\\\/P-HURACAN2-1.png?fit=1816%2C1016&ssl=1\",\"keywords\":[\"CICLON\",\"LLUVIAS\",\"QUINTANA ROO\",\"SMN\"],\"articleSection\":[\"ESTADOS\"],\"inLanguage\":\"es\"},{\"@type\":\"WebPage\",\"@id\":\"https:\\\/\\\/politicosaldesnudo.com.mx\\\/index.php\\\/2022\\\/06\\\/03\\\/se-aproxima-ciclon-tropical-uno-a-qroo-smn\\\/\",\"url\":\"https:\\\/\\\/politicosaldesnudo.com.mx\\\/index.php\\\/2022\\\/06\\\/03\\\/se-aproxima-ciclon-tropical-uno-a-qroo-smn\\\/\",\"name\":\"Se aproxima cicl\u00f3n tropical Uno a Quintana Roo: SMN - Pol\u00edticos al Desnudo\",\"isPartOf\":{\"@id\":\"https:\\\/\\\/politicosaldesnudo.com.mx\\\/#website\"},\"primaryImageOfPage\":{\"@id\":\"https:\\\/\\\/politicosaldesnudo.com.mx\\\/index.php\\\/2022\\\/06\\\/03\\\/se-aproxima-ciclon-tropical-uno-a-qroo-smn\\\/#primaryimage\"},\"image\":{\"@id\":\"https:\\\/\\\/politicosaldesnudo.com.mx\\\/index.php\\\/2022\\\/06\\\/03\\\/se-aproxima-ciclon-tropical-uno-a-qroo-smn\\\/#primaryimage\"},\"thumbnailUrl\":\"https:\\\/\\\/i0.wp.com\\\/politicosaldesnudo.com.mx\\\/wp-content\\\/uploads\\\/2022\\\/06\\\/P-HURACAN2-1.png?fit=1816%2C1016&ssl=1\",\"datePublished\":\"2022-06-03T17:26:41+00:00\",\"dateModified\":\"2022-06-03T17:27:41+00:00\",\"breadcrumb\":{\"@id\":\"https:\\\/\\\/politicosaldesnudo.com.mx\\\/index.php\\\/2022\\\/06\\\/03\\\/se-aproxima-ciclon-tropical-uno-a-qroo-smn\\\/#breadcrumb\"},\"inLanguage\":\"es\",\"potentialAction\":[{\"@type\":\"ReadAction\",\"target\":[\"https:\\\/\\\/politicosaldesnudo.com.mx\\\/index.php\\\/2022\\\/06\\\/03\\\/se-aproxima-ciclon-tropical-uno-a-qroo-smn\\\/\"]}]},{\"@type\":\"ImageObject\",\"inLanguage\":\"es\",\"@id\":\"https:\\\/\\\/politicosaldesnudo.com.mx\\\/index.php\\\/2022\\\/06\\\/03\\\/se-aproxima-ciclon-tropical-uno-a-qroo-smn\\\/#primaryimage\",\"url\":\"https:\\\/\\\/i0.wp.com\\\/politicosaldesnudo.com.mx\\\/wp-content\\\/uploads\\\/2022\\\/06\\\/P-HURACAN2-1.png?fit=1816%2C1016&ssl=1\",\"contentUrl\":\"https:\\\/\\\/i0.wp.com\\\/politicosaldesnudo.com.mx\\\/wp-content\\\/uploads\\\/2022\\\/06\\\/P-HURACAN2-1.png?fit=1816%2C1016&ssl=1\",\"width\":1816,\"height\":1016},{\"@type\":\"BreadcrumbList\",\"@id\":\"https:\\\/\\\/politicosaldesnudo.com.mx\\\/index.php\\\/2022\\\/06\\\/03\\\/se-aproxima-ciclon-tropical-uno-a-qroo-smn\\\/#breadcrumb\",\"itemListElement\":[{\"@type\":\"ListItem\",\"position\":1,\"name\":\"Portada\",\"item\":\"https:\\\/\\\/politicosaldesnudo.com.mx\\\/\"},{\"@type\":\"ListItem\",\"position\":2,\"name\":\"Se aproxima cicl\u00f3n tropical Uno a Quintana Roo: SMN\"}]},{\"@type\":\"WebSite\",\"@id\":\"https:\\\/\\\/politicosaldesnudo.com.mx\\\/#website\",\"url\":\"https:\\\/\\\/politicosaldesnudo.com.mx\\\/\",\"name\":\"Pol\u00edticos al Desnudo\",\"description\":\"\",\"publisher\":{\"@id\":\"https:\\\/\\\/politicosaldesnudo.com.mx\\\/#organization\"},\"potentialAction\":[{\"@type\":\"SearchAction\",\"target\":{\"@type\":\"EntryPoint\",\"urlTemplate\":\"https:\\\/\\\/politicosaldesnudo.com.mx\\\/?s={search_term_string}\"},\"query-input\":{\"@type\":\"PropertyValueSpecification\",\"valueRequired\":true,\"valueName\":\"search_term_string\"}}],\"inLanguage\":\"es\"},{\"@type\":\"Organization\",\"@id\":\"https:\\\/\\\/politicosaldesnudo.com.mx\\\/#organization\",\"name\":\"Pol\u00edticos al Desnudo\",\"url\":\"https:\\\/\\\/politicosaldesnudo.com.mx\\\/\",\"logo\":{\"@type\":\"ImageObject\",\"inLanguage\":\"es\",\"@id\":\"https:\\\/\\\/politicosaldesnudo.com.mx\\\/#\\\/schema\\\/logo\\\/image\\\/\",\"url\":\"https:\\\/\\\/i0.wp.com\\\/politicosaldesnudo.com.mx\\\/wp-content\\\/uploads\\\/2026\\\/08\\\/cropped-logo.webp?fit=400%2C126&ssl=1\",\"contentUrl\":\"https:\\\/\\\/i0.wp.com\\\/politicosaldesnudo.com.mx\\\/wp-content\\\/uploads\\\/2026\\\/08\\\/cropped-logo.webp?fit=400%2C126&ssl=1\",\"width\":400,\"height\":126,\"caption\":\"Pol\u00edticos al Desnudo\"},\"image\":{\"@id\":\"https:\\\/\\\/politicosaldesnudo.com.mx\\\/#\\\/schema\\\/logo\\\/image\\\/\"},\"sameAs\":[\"https:\\\/\\\/www.facebook.com\\\/PoliticosAD\"]},{\"@type\":\"Person\",\"@id\":\"https:\\\/\\\/politicosaldesnudo.com.mx\\\/#\\\/schema\\\/person\\\/ef3a64e561cc3f3f5dc52fab81adde7e\",\"name\":\"Redacci\u00f3n Pol\u00edticos\",\"url\":\"https:\\\/\\\/politicosaldesnudo.com.mx\\\/index.php\\\/author\\\/redaccion-politicos\\\/\"}]}<\/script>\n<!-- \/ Yoast SEO plugin. -->","yoast_head_json":{"title":"Se aproxima cicl\u00f3n tropical Uno a Quintana Roo: SMN - Pol\u00edticos al Desnudo","robots":{"index":"index","follow":"follow","max-snippet":"max-snippet:-1","max-image-preview":"max-image-preview:large","max-video-preview":"max-video-preview:-1"},"canonical":"https:\/\/politicosaldesnudo.com.mx\/index.php\/2022\/06\/03\/se-aproxima-ciclon-tropical-uno-a-qroo-smn\/","og_locale":"es_ES","og_type":"article","og_title":"Se aproxima cicl\u00f3n tropical Uno a Quintana Roo: SMN - Pol\u00edticos al Desnudo","og_description":"Ciudad de M\u00e9xico.\u00a0El potencial cicl\u00f3n tropical Uno se localiza a 90 kil\u00f3metros al nor-noreste de Cabo Catoche y a 200 [&hellip;]","og_url":"https:\/\/politicosaldesnudo.com.mx\/index.php\/2022\/06\/03\/se-aproxima-ciclon-tropical-uno-a-qroo-smn\/","og_site_name":"Pol\u00edticos al Desnudo","article_publisher":"https:\/\/www.facebook.com\/PoliticosAD","article_published_time":"2022-06-03T17:26:41+00:00","article_modified_time":"2022-06-03T17:27:41+00:00","og_image":[{"width":1816,"height":1016,"url":"https:\/\/i0.wp.com\/politicosaldesnudo.com.mx\/wp-content\/uploads\/2022\/06\/P-HURACAN2-1.png?fit=1816%2C1016&ssl=1","type":"image\/png"}],"author":"Redacci\u00f3n Pol\u00edticos","twitter_card":"summary_large_image","twitter_misc":{"Escrito por":"Redacci\u00f3n Pol\u00edticos","Tiempo de lectura":"3 minutos"},"schema":{"@context":"https:\/\/schema.org","@graph":[{"@type":"Article","@id":"https:\/\/politicosaldesnudo.com.mx\/index.php\/2022\/06\/03\/se-aproxima-ciclon-tropical-uno-a-qroo-smn\/#article","isPartOf":{"@id":"https:\/\/politicosaldesnudo.com.mx\/index.php\/2022\/06\/03\/se-aproxima-ciclon-tropical-uno-a-qroo-smn\/"},"author":{"name":"Redacci\u00f3n Pol\u00edticos","@id":"https:\/\/politicosaldesnudo.com.mx\/#\/schema\/person\/ef3a64e561cc3f3f5dc52fab81adde7e"},"headline":"Se aproxima cicl\u00f3n tropical Uno a Quintana Roo: SMN","datePublished":"2022-06-03T17:26:41+00:00","dateModified":"2022-06-03T17:27:41+00:00","mainEntityOfPage":{"@id":"https:\/\/politicosaldesnudo.com.mx\/index.php\/2022\/06\/03\/se-aproxima-ciclon-tropical-uno-a-qroo-smn\/"},"wordCount":545,"publisher":{"@id":"https:\/\/politicosaldesnudo.com.mx\/#organization"},"image":{"@id":"https:\/\/politicosaldesnudo.com.mx\/index.php\/2022\/06\/03\/se-aproxima-ciclon-tropical-uno-a-qroo-smn\/#primaryimage"},"thumbnailUrl":"https:\/\/i0.wp.com\/politicosaldesnudo.com.mx\/wp-content\/uploads\/2022\/06\/P-HURACAN2-1.png?fit=1816%2C1016&ssl=1","keywords":["CICLON","LLUVIAS","QUINTANA ROO","SMN"],"articleSection":["ESTADOS"],"inLanguage":"es"},{"@type":"WebPage","@id":"https:\/\/politicosaldesnudo.com.mx\/index.php\/2022\/06\/03\/se-aproxima-ciclon-tropical-uno-a-qroo-smn\/","url":"https:\/\/politicosaldesnudo.com.mx\/index.php\/2022\/06\/03\/se-aproxima-ciclon-tropical-uno-a-qroo-smn\/","name":"Se aproxima cicl\u00f3n tropical Uno a Quintana Roo: SMN - Pol\u00edticos al Desnudo","isPartOf":{"@id":"https:\/\/politicosaldesnudo.com.mx\/#website"},"primaryImageOfPage":{"@id":"https:\/\/politicosaldesnudo.com.mx\/index.php\/2022\/06\/03\/se-aproxima-ciclon-tropical-uno-a-qroo-smn\/#primaryimage"},"image":{"@id":"https:\/\/politicosaldesnudo.com.mx\/index.php\/2022\/06\/03\/se-aproxima-ciclon-tropical-uno-a-qroo-smn\/#primaryimage"},"thumbnailUrl":"https:\/\/i0.wp.com\/politicosaldesnudo.com.mx\/wp-content\/uploads\/2022\/06\/P-HURACAN2-1.png?fit=1816%2C1016&ssl=1","datePublished":"2022-06-03T17:26:41+00:00","dateModified":"2022-06-03T17:27:41+00:00","breadcrumb":{"@id":"https:\/\/politicosaldesnudo.com.mx\/index.php\/2022\/06\/03\/se-aproxima-ciclon-tropical-uno-a-qroo-smn\/#breadcrumb"},"inLanguage":"es","potentialAction":[{"@type":"ReadAction","target":["https:\/\/politicosaldesnudo.com.mx\/index.php\/2022\/06\/03\/se-aproxima-ciclon-tropical-uno-a-qroo-smn\/"]}]},{"@type":"ImageObject","inLanguage":"es","@id":"https:\/\/politicosaldesnudo.com.mx\/index.php\/2022\/06\/03\/se-aproxima-ciclon-tropical-uno-a-qroo-smn\/#primaryimage","url":"https:\/\/i0.wp.com\/politicosaldesnudo.com.mx\/wp-content\/uploads\/2022\/06\/P-HURACAN2-1.png?fit=1816%2C1016&ssl=1","contentUrl":"https:\/\/i0.wp.com\/politicosaldesnudo.com.mx\/wp-content\/uploads\/2022\/06\/P-HURACAN2-1.png?fit=1816%2C1016&ssl=1","width":1816,"height":1016},{"@type":"BreadcrumbList","@id":"https:\/\/politicosaldesnudo.com.mx\/index.php\/2022\/06\/03\/se-aproxima-ciclon-tropical-uno-a-qroo-smn\/#breadcrumb","itemListElement":[{"@type":"ListItem","position":1,"name":"Portada","item":"https:\/\/politicosaldesnudo.com.mx\/"},{"@type":"ListItem","position":2,"name":"Se aproxima cicl\u00f3n tropical Uno a Quintana Roo: SMN"}]},{"@type":"WebSite","@id":"https:\/\/politicosaldesnudo.com.mx\/#website","url":"https:\/\/politicosaldesnudo.com.mx\/","name":"Pol\u00edticos al Desnudo","description":"","publisher":{"@id":"https:\/\/politicosaldesnudo.com.mx\/#organization"},"potentialAction":[{"@type":"SearchAction","target":{"@type":"EntryPoint","urlTemplate":"https:\/\/politicosaldesnudo.com.mx\/?s={search_term_string}"},"query-input":{"@type":"PropertyValueSpecification","valueRequired":true,"valueName":"search_term_string"}}],"inLanguage":"es"},{"@type":"Organization","@id":"https:\/\/politicosaldesnudo.com.mx\/#organization","name":"Pol\u00edticos al Desnudo","url":"https:\/\/politicosaldesnudo.com.mx\/","logo":{"@type":"ImageObject","inLanguage":"es","@id":"https:\/\/politicosaldesnudo.com.mx\/#\/schema\/logo\/image\/","url":"https:\/\/i0.wp.com\/politicosaldesnudo.com.mx\/wp-content\/uploads\/2026\/08\/cropped-logo.webp?fit=400%2C126&ssl=1","contentUrl":"https:\/\/i0.wp.com\/politicosaldesnudo.com.mx\/wp-content\/uploads\/2026\/08\/cropped-logo.webp?fit=400%2C126&ssl=1","width":400,"height":126,"caption":"Pol\u00edticos al Desnudo"},"image":{"@id":"https:\/\/politicosaldesnudo.com.mx\/#\/schema\/logo\/image\/"},"sameAs":["https:\/\/www.facebook.com\/PoliticosAD"]},{"@type":"Person","@id":"https:\/\/politicosaldesnudo.com.mx\/#\/schema\/person\/ef3a64e561cc3f3f5dc52fab81adde7e","name":"Redacci\u00f3n Pol\u00edticos","url":"https:\/\/politicosaldesnudo.com.mx\/index.php\/author\/redaccion-politicos\/"}]}},"jetpack_publicize_connections":[],"jetpack-related-posts":[{"id":41212,"url":"https:\/\/politicosaldesnudo.com.mx\/index.php\/2024\/07\/04\/comienza-el-desabasto-en-supermercado-de-quintana-roo-por-el-huracan-beryl\/","url_meta":{"origin":6115,"position":0},"title":"Comienza el desabasto en supermercado de Quintana Roo por el hurac\u00e1n Beryl","author":"Redacci\u00f3n Pol\u00edticos","date":"4 de julio de 2024","format":false,"excerpt":"Los productos de primera necesidad como agua de garraf\u00f3n; enlatados como at\u00fan, frijoles, pastas, sopas instant\u00e1neas, as\u00ed como veladoras, linternas y bater\u00edas ya escasean en supermercados y tiendas de conveniencia a menos de 24 horas que el hurac\u00e1n Beryl impacte a Quintana Roo, En un recorrido por varias tiendas de\u2026","rel":"","context":"En \u00abNACIONAL\u00bb","block_context":{"text":"NACIONAL","link":"https:\/\/politicosaldesnudo.com.mx\/index.php\/category\/nacional\/"},"img":{"alt_text":"","src":"https:\/\/i0.wp.com\/politicosaldesnudo.com.mx\/wp-content\/uploads\/2024\/07\/Desabasto-supermercados-Quintana-Roo-2.png?fit=400%2C250&ssl=1&resize=350%2C200","width":350,"height":200},"classes":[]},{"id":88241,"url":"https:\/\/politicosaldesnudo.com.mx\/index.php\/2026\/08\/31\/falla-en-lineas-de-cfe-deja-sin-electricidad-a-zonas-de-yucatan-quintana-roo-y-chiapas\/","url_meta":{"origin":6115,"position":1},"title":"Falla en l\u00edneas de CFE deja sin electricidad a zonas de Yucat\u00e1n, Quintana Roo y Chiapas","author":"Redacci\u00f3n Pol\u00edticos","date":"31 de agosto de 2026","format":false,"excerpt":"La desconexi\u00f3n de dos l\u00edneas de transmisi\u00f3n provoc\u00f3 interrupciones parciales del suministro el\u00e9ctrico en tres estados del sureste mexicano. Cuadrillas de la empresa fueron desplegadas para recuperar el servicio. Una falla en la red de transmisi\u00f3n de la Comisi\u00f3n Federal de Electricidad (CFE) dej\u00f3 sin energ\u00eda el\u00e9ctrica a usuarios de\u2026","rel":"","context":"En \u00abNACIONAL\u00bb","block_context":{"text":"NACIONAL","link":"https:\/\/politicosaldesnudo.com.mx\/index.php\/category\/nacional\/"},"img":{"alt_text":"","src":"https:\/\/i0.wp.com\/politicosaldesnudo.com.mx\/wp-content\/uploads\/2026\/08\/ChatGPT-Image-31-ago-2026-21_49_04.png?fit=1200%2C675&ssl=1&resize=350%2C200","width":350,"height":200,"srcset":"https:\/\/i0.wp.com\/politicosaldesnudo.com.mx\/wp-content\/uploads\/2026\/08\/ChatGPT-Image-31-ago-2026-21_49_04.png?fit=1200%2C675&ssl=1&resize=350%2C200 1x, https:\/\/i0.wp.com\/politicosaldesnudo.com.mx\/wp-content\/uploads\/2026\/08\/ChatGPT-Image-31-ago-2026-21_49_04.png?fit=1200%2C675&ssl=1&resize=525%2C300 1.5x, https:\/\/i0.wp.com\/politicosaldesnudo.com.mx\/wp-content\/uploads\/2026\/08\/ChatGPT-Image-31-ago-2026-21_49_04.png?fit=1200%2C675&ssl=1&resize=700%2C400 2x, https:\/\/i0.wp.com\/politicosaldesnudo.com.mx\/wp-content\/uploads\/2026\/08\/ChatGPT-Image-31-ago-2026-21_49_04.png?fit=1200%2C675&ssl=1&resize=1050%2C600 3x"},"classes":[]},{"id":87653,"url":"https:\/\/politicosaldesnudo.com.mx\/index.php\/2026\/08\/11\/veracruz-tendra-lluvias-estas-regiones-podrian-registrar-los-mayores-acumulados\/","url_meta":{"origin":6115,"position":2},"title":"Veracruz tendr\u00e1 lluvias; estas regiones podr\u00edan registrar los mayores acumulados","author":"Redacci\u00f3n Pol\u00edticos","date":"11 de agosto de 2026","format":false,"excerpt":"El potencial de precipitaciones aumentar\u00e1 entre mi\u00e9rcoles y jueves por el paso de una onda tropical. En el sur del estado se esperan los mayores acumulados. Veracruz, Ver. \u2014 El estado de Veracruz mantendr\u00e1 condiciones favorables para la presencia de lluvias durante los pr\u00f3ximos d\u00edas, principalmente durante las noches y\u2026","rel":"","context":"En \u00abESTADOS\u00bb","block_context":{"text":"ESTADOS","link":"https:\/\/politicosaldesnudo.com.mx\/index.php\/category\/estados\/"},"img":{"alt_text":"","src":"https:\/\/i0.wp.com\/politicosaldesnudo.com.mx\/wp-content\/uploads\/2026\/08\/LLUVIAS.jpg?fit=1200%2C740&ssl=1&resize=350%2C200","width":350,"height":200,"srcset":"https:\/\/i0.wp.com\/politicosaldesnudo.com.mx\/wp-content\/uploads\/2026\/08\/LLUVIAS.jpg?fit=1200%2C740&ssl=1&resize=350%2C200 1x, https:\/\/i0.wp.com\/politicosaldesnudo.com.mx\/wp-content\/uploads\/2026\/08\/LLUVIAS.jpg?fit=1200%2C740&ssl=1&resize=525%2C300 1.5x, https:\/\/i0.wp.com\/politicosaldesnudo.com.mx\/wp-content\/uploads\/2026\/08\/LLUVIAS.jpg?fit=1200%2C740&ssl=1&resize=700%2C400 2x, https:\/\/i0.wp.com\/politicosaldesnudo.com.mx\/wp-content\/uploads\/2026\/08\/LLUVIAS.jpg?fit=1200%2C740&ssl=1&resize=1050%2C600 3x"},"classes":[]},{"id":88152,"url":"https:\/\/politicosaldesnudo.com.mx\/index.php\/2026\/08\/29\/veracruz-tendra-un-sabado-caluroso-con-lluvias-y-tormentas-electricas\/","url_meta":{"origin":6115,"position":3},"title":"Veracruz tendr\u00e1 un s\u00e1bado caluroso con lluvias y tormentas el\u00e9ctricas","author":"Redacci\u00f3n Pol\u00edticos","date":"29 de agosto de 2026","format":false,"excerpt":"Este s\u00e1bado 29 de agosto se mantendr\u00e1 el ambiente caluroso durante el mediod\u00eda y parte de la tarde en gran parte del estado de Veracruz. Sin embargo, el pron\u00f3stico contempla lluvias y tormentas el\u00e9ctricas, principalmente en las regiones centro y sur. Las precipitaciones podr\u00edan intensificarse de manera aislada y dejar\u2026","rel":"","context":"En \u00abESTADOS\u00bb","block_context":{"text":"ESTADOS","link":"https:\/\/politicosaldesnudo.com.mx\/index.php\/category\/estados\/"},"img":{"alt_text":"","src":"https:\/\/i0.wp.com\/politicosaldesnudo.com.mx\/wp-content\/uploads\/2026\/08\/d0d1483f-6f3d-4483-8b68-e06fb78d47c2.png?fit=1200%2C675&ssl=1&resize=350%2C200","width":350,"height":200,"srcset":"https:\/\/i0.wp.com\/politicosaldesnudo.com.mx\/wp-content\/uploads\/2026\/08\/d0d1483f-6f3d-4483-8b68-e06fb78d47c2.png?fit=1200%2C675&ssl=1&resize=350%2C200 1x, https:\/\/i0.wp.com\/politicosaldesnudo.com.mx\/wp-content\/uploads\/2026\/08\/d0d1483f-6f3d-4483-8b68-e06fb78d47c2.png?fit=1200%2C675&ssl=1&resize=525%2C300 1.5x, https:\/\/i0.wp.com\/politicosaldesnudo.com.mx\/wp-content\/uploads\/2026\/08\/d0d1483f-6f3d-4483-8b68-e06fb78d47c2.png?fit=1200%2C675&ssl=1&resize=700%2C400 2x, https:\/\/i0.wp.com\/politicosaldesnudo.com.mx\/wp-content\/uploads\/2026\/08\/d0d1483f-6f3d-4483-8b68-e06fb78d47c2.png?fit=1200%2C675&ssl=1&resize=1050%2C600 3x"},"classes":[]},{"id":45986,"url":"https:\/\/politicosaldesnudo.com.mx\/index.php\/2024\/09\/10\/habitantes-de-los-kilometros-solicitan-atender-sus-peticiones\/","url_meta":{"origin":6115,"position":4},"title":"Habitantes de Los Kil\u00f3metros solicitan atender sus peticiones","author":"Redacci\u00f3n Pol\u00edticos","date":"10 de septiembre de 2024","format":false,"excerpt":"Este lunes habitantes de la ruta de los kil\u00f3metros acudieron al Ayuntamiento de Tuxpan para solicitar a las autoridades se atienden obras en rezago de sus comunidades como la infraestructura carretera y la ampliaci\u00f3n de red el\u00e9ctrica, obras que solicitan se contemplen en el presupuesto municipal de 2025. Arturo Simbr\u00f3n\u2026","rel":"","context":"En \u00abTUXPAN\u00bb","block_context":{"text":"TUXPAN","link":"https:\/\/politicosaldesnudo.com.mx\/index.php\/category\/tuxpan\/"},"img":{"alt_text":"","src":"https:\/\/i0.wp.com\/politicosaldesnudo.com.mx\/wp-content\/uploads\/2024\/09\/habitantes-de-los-kilometros-solicitan-atender-sus-peticiones-549460.jpeg?fit=800%2C600&ssl=1&resize=350%2C200","width":350,"height":200,"srcset":"https:\/\/i0.wp.com\/politicosaldesnudo.com.mx\/wp-content\/uploads\/2024\/09\/habitantes-de-los-kilometros-solicitan-atender-sus-peticiones-549460.jpeg?fit=800%2C600&ssl=1&resize=350%2C200 1x, https:\/\/i0.wp.com\/politicosaldesnudo.com.mx\/wp-content\/uploads\/2024\/09\/habitantes-de-los-kilometros-solicitan-atender-sus-peticiones-549460.jpeg?fit=800%2C600&ssl=1&resize=525%2C300 1.5x, https:\/\/i0.wp.com\/politicosaldesnudo.com.mx\/wp-content\/uploads\/2024\/09\/habitantes-de-los-kilometros-solicitan-atender-sus-peticiones-549460.jpeg?fit=800%2C600&ssl=1&resize=700%2C400 2x"},"classes":[]},{"id":87918,"url":"https:\/\/politicosaldesnudo.com.mx\/index.php\/2026\/08\/20\/fuerte-sismo-de-magnitud-7-2-sacude-el-sur-de-peru-descartan-alerta-de-tsunami\/","url_meta":{"origin":6115,"position":5},"title":"Fuerte sismo de magnitud 7.2 sacude el sur de Per\u00fa; descartan alerta de tsunami","author":"Redacci\u00f3n Pol\u00edticos","date":"20 de agosto de 2026","format":false,"excerpt":"Un fuerte movimiento tel\u00farico sorprendi\u00f3 este jueves a los habitantes del sur de Per\u00fa. El sismo tuvo su epicentro en la regi\u00f3n de Ayacucho y fue percibido en distintas zonas del pa\u00eds, incluida la capital, Lima. De acuerdo con el Instituto Geof\u00edsico del Per\u00fa (IGP), el temblor ocurri\u00f3 a las\u2026","rel":"","context":"En \u00abINTERNACIONAL\u00bb","block_context":{"text":"INTERNACIONAL","link":"https:\/\/politicosaldesnudo.com.mx\/index.php\/category\/internacional\/"},"img":{"alt_text":"","src":"https:\/\/i0.wp.com\/politicosaldesnudo.com.mx\/wp-content\/uploads\/2026\/08\/SISMO-1.jpg?fit=768%2C576&ssl=1&resize=350%2C200","width":350,"height":200,"srcset":"https:\/\/i0.wp.com\/politicosaldesnudo.com.mx\/wp-content\/uploads\/2026\/08\/SISMO-1.jpg?fit=768%2C576&ssl=1&resize=350%2C200 1x, https:\/\/i0.wp.com\/politicosaldesnudo.com.mx\/wp-content\/uploads\/2026\/08\/SISMO-1.jpg?fit=768%2C576&ssl=1&resize=525%2C300 1.5x, https:\/\/i0.wp.com\/politicosaldesnudo.com.mx\/wp-content\/uploads\/2026\/08\/SISMO-1.jpg?fit=768%2C576&ssl=1&resize=700%2C400 2x"},"classes":[]}],"jetpack_sharing_enabled":true,"jetpack_featured_media_url":"https:\/\/i0.wp.com\/politicosaldesnudo.com.mx\/wp-content\/uploads\/2022\/06\/P-HURACAN2-1.png?fit=1816%2C1016&ssl=1","_links":{"self":[{"href":"https:\/\/politicosaldesnudo.com.mx\/index.php\/wp-json\/wp\/v2\/posts\/6115","targetHints":{"allow":["GET"]}}],"collection":[{"href":"https:\/\/politicosaldesnudo.com.mx\/index.php\/wp-json\/wp\/v2\/posts"}],"about":[{"href":"https:\/\/politicosaldesnudo.com.mx\/index.php\/wp-json\/wp\/v2\/types\/post"}],"author":[{"embeddable":true,"href":"https:\/\/politicosaldesnudo.com.mx\/index.php\/wp-json\/wp\/v2\/users\/4"}],"replies":[{"embeddable":true,"href":"https:\/\/politicosaldesnudo.com.mx\/index.php\/wp-json\/wp\/v2\/comments?post=6115"}],"version-history":[{"count":0,"href":"https:\/\/politicosaldesnudo.com.mx\/index.php\/wp-json\/wp\/v2\/posts\/6115\/revisions"}],"wp:featuredmedia":[{"embeddable":true,"href":"https:\/\/politicosaldesnudo.com.mx\/index.php\/wp-json\/wp\/v2\/media\/6120"}],"wp:attachment":[{"href":"https:\/\/politicosaldesnudo.com.mx\/index.php\/wp-json\/wp\/v2\/media?parent=6115"}],"wp:term":[{"taxonomy":"category","embeddable":true,"href":"https:\/\/politicosaldesnudo.com.mx\/index.php\/wp-json\/wp\/v2\/categories?post=6115"},{"taxonomy":"post_tag","embeddable":true,"href":"https:\/\/politicosaldesnudo.com.mx\/index.php\/wp-json\/wp\/v2\/tags?post=6115"}],"curies":[{"name":"wp","href":"https:\/\/api.w.org\/{rel}","templated":true}]}}