{"id":61197,"date":"2025-04-18T00:08:17","date_gmt":"2025-04-18T06:08:17","guid":{"rendered":"https:\/\/politicosaldesnudo.com.mx\/?p=61197"},"modified":"2025-04-17T20:25:43","modified_gmt":"2025-04-18T02:25:43","slug":"se-comprometen-caneros-a-cumplir-con-rezago-en-exportaciones-de-azucar","status":"publish","type":"post","link":"https:\/\/politicosaldesnudo.com.mx\/index.php\/2025\/04\/18\/se-comprometen-caneros-a-cumplir-con-rezago-en-exportaciones-de-azucar\/","title":{"rendered":"Se comprometen ca\u00f1eros a cumplir con rezago en exportaciones de az\u00facar"},"content":{"rendered":"<p class=\"nota-justify\">Ante el nerviosismo por la aplicaci\u00f3n de cualquier arancel desde Estados Unidos, la Uni\u00f3n Nacional de Ca\u00f1eros de la Confederaci\u00f3n Nacional de Propietarios Rurales (CNPR) asegur\u00f3 a\u00a0<i>La Jornada<\/i>\u00a0que est\u00e1 enfocada en cumplir con los rezagos de las exportaciones de az\u00facar del ciclo 2024-2025, al tener un avance actual de 76 por ciento de una producci\u00f3n estimada de 543 mil 237 toneladas.<\/p>\n<p class=\"nota-justify\">Pese a este atraso, Carlos Blackaller Ayala, presidente de la organizaci\u00f3n, se\u00f1al\u00f3 a La Jornada que observan que hay dos grupos de industriales muy cercanos en cumplir 100 por ciento y otro minoritario que tiene rezagos de 70 y 80 por ciento. Se\u00f1al\u00f3 que estas cifras se han actualizado, ya que entre febrero y marzo se calcul\u00f3 un avance de 90 por ciento tras registrar un rezago de 46 por ciento.<\/p>\n<p class=\"nota-justify\">Con el avance de las zafras de los recientes meses, indic\u00f3 que esperar\u00e1n hasta obtener las cifras de mayo para saber si han alcanzado 100 por ciento de las metas de producci\u00f3n destinados para exportaci\u00f3n. Detall\u00f3 que esta az\u00facar proviene de los excedentes que se dan a nivel nacional, siendo Estados Unidos su principal comprador y el resto se comercializa hacia otros pa\u00edses.<\/p>\n<p class=\"nota-justify\">Sin embargo, asegur\u00f3 que ha habido una menor extracci\u00f3n de az\u00facar para este ciclo al tener un avance de 71 por ciento, el equivalente a 3 millones 624 mil toneladas, la cual podr\u00eda ser menor a las 5 millones de toneladas estimadas. Se\u00f1al\u00f3 que la zafra de ca\u00f1a tiene un avance nacional de 75 por ciento, el equivalente a 35 millones 168 mil toneladas de un estimado 46 millones 900 mil toneladas.<\/p>\n<p class=\"nota-justify\">Apunt\u00f3 que estudiar\u00e1n los procesos realizados entre abril y septiembre con la finalidad de revertir las ca\u00eddas en los precios, adem\u00e1s de tener con mayor certeza las cifras concretas de toda la producci\u00f3n de este ciclo.<\/p>\n<p class=\"nota-justify\">Asegur\u00f3 que ellos no atraviesan una problem\u00e1tica con Estados Unidos similar a la que viven los jitomateros nacionales, al no tener competitividad directa con los productores del pa\u00eds vecino. Destac\u00f3 que las amenazas arancelarias lanzada por el gobierno estadunidense mantiene a todo el sector agr\u00edcola al pendiente ya que han sido procesos muy repentinos.<\/p>\n","protected":false},"excerpt":{"rendered":"<p>Ante el nerviosismo por la aplicaci\u00f3n de cualquier arancel desde Estados Unidos, la Uni\u00f3n Nacional de Ca\u00f1eros de la Confederaci\u00f3n<\/p>\n","protected":false},"author":4,"featured_media":61198,"comment_status":"closed","ping_status":"closed","sticky":false,"template":"","format":"standard","meta":{"colormag_page_container_layout":"default_layout","colormag_page_sidebar_layout":"default_layout","_jetpack_memberships_contains_paid_content":false,"footnotes":"","jetpack_publicize_message":"","jetpack_publicize_feature_enabled":true,"jetpack_social_post_already_shared":false,"jetpack_social_options":{"image_generator_settings":{"template":"highway","default_image_id":0,"font":"","enabled":false},"version":2}},"categories":[33],"tags":[],"class_list":["post-61197","post","type-post","status-publish","format-standard","has-post-thumbnail","hentry","category-nacional"],"jetpack_publicize_connections":[],"jetpack_featured_media_url":"https:\/\/i0.wp.com\/politicosaldesnudo.com.mx\/wp-content\/uploads\/2025\/04\/Cana-de-Azucar-caneros-zafra.jpg?fit=1140%2C712&ssl=1","jetpack-related-posts":[],"jetpack_sharing_enabled":true,"_links":{"self":[{"href":"https:\/\/politicosaldesnudo.com.mx\/index.php\/wp-json\/wp\/v2\/posts\/61197","targetHints":{"allow":["GET"]}}],"collection":[{"href":"https:\/\/politicosaldesnudo.com.mx\/index.php\/wp-json\/wp\/v2\/posts"}],"about":[{"href":"https:\/\/politicosaldesnudo.com.mx\/index.php\/wp-json\/wp\/v2\/types\/post"}],"author":[{"embeddable":true,"href":"https:\/\/politicosaldesnudo.com.mx\/index.php\/wp-json\/wp\/v2\/users\/4"}],"replies":[{"embeddable":true,"href":"https:\/\/politicosaldesnudo.com.mx\/index.php\/wp-json\/wp\/v2\/comments?post=61197"}],"version-history":[{"count":0,"href":"https:\/\/politicosaldesnudo.com.mx\/index.php\/wp-json\/wp\/v2\/posts\/61197\/revisions"}],"wp:featuredmedia":[{"embeddable":true,"href":"https:\/\/politicosaldesnudo.com.mx\/index.php\/wp-json\/wp\/v2\/media\/61198"}],"wp:attachment":[{"href":"https:\/\/politicosaldesnudo.com.mx\/index.php\/wp-json\/wp\/v2\/media?parent=61197"}],"wp:term":[{"taxonomy":"category","embeddable":true,"href":"https:\/\/politicosaldesnudo.com.mx\/index.php\/wp-json\/wp\/v2\/categories?post=61197"},{"taxonomy":"post_tag","embeddable":true,"href":"https:\/\/politicosaldesnudo.com.mx\/index.php\/wp-json\/wp\/v2\/tags?post=61197"}],"curies":[{"name":"wp","href":"https:\/\/api.w.org\/{rel}","templated":true}]}}