{"id":61281,"date":"2025-04-19T00:17:10","date_gmt":"2025-04-19T06:17:10","guid":{"rendered":"https:\/\/politicosaldesnudo.com.mx\/?p=61281"},"modified":"2025-04-18T22:48:22","modified_gmt":"2025-04-19T04:48:22","slug":"cuestiona-mision-de-observadores-proceso-electoral-en-ecuador","status":"publish","type":"post","link":"https:\/\/politicosaldesnudo.com.mx\/index.php\/2025\/04\/19\/cuestiona-mision-de-observadores-proceso-electoral-en-ecuador\/","title":{"rendered":"Cuestiona misi\u00f3n de observadores proceso electoral en Ecuador"},"content":{"rendered":"<p class=\"nota-justify\">El Consejo Nacional Electoral concluy\u00f3 ayer el procesamiento de las actas de las 24 provincias del pa\u00eds, correspondientes a la segunda vuelta de los comicios cuyos resultados, que dan la victoria a Daniel Noboa, a\u00fan son cuestionados por Luisa Gonz\u00e1lez, del movimiento Revoluci\u00f3n Ciudadana, y sin considerar todav\u00eda el informe preliminar de la Misi\u00f3n de Observadores Internacionales de la Organizaci\u00f3n de Estados Americanos (OEA).<\/p>\n<p class=\"nota-justify\">De acuerdo con los datos del CNE, Noboa fue reelecto con un 55.62% de los votos, mientras que Gonzales obtuvo un 44.38% de los votos. \u201cEl trabajo t\u00e9cnico y eficiente de los funcionarios electorales a escala nacional ha permitido al CNE entregar resultados de forma t\u00e9cnica y oportuna, lo que ha sido destacado por las misiones de observaci\u00f3n electoral que han acompa\u00f1ado las Elecciones Ecuador2025\u201d, puso el organismo electoral en su cuenta de X.<\/p>\n<p class=\"nota-justify\">Sin embargo, la OEA se\u00f1ala que el proceso electoral estuvo marcado por condiciones de inequidad durante la campa\u00f1a; indicios sobre el uso indebido de recursos p\u00fablicos y del aparato estatal con fines proselitistas; se constat\u00f3 que hubo incertidumbre por la falta de pronunciamientos \u201cclaros y oportunos\u201d, de parte del CNE y del Tribunal Contencioso Electoral (TCE), sobre aspectos normativos sensibles, entre otros asuntos.<\/p>\n<p class=\"nota-justify\">Incluso, la OEA constat\u00f3 que el hecho de que Noboa no hubiera solicitado licencia en estos comicios impact\u00f3 en la equidad de la campa\u00f1a y debilit\u00f3 la institucionalidad del Estado. En su informe del 11 de febrero la Misi\u00f3n recomend\u00f3 una normativa clara sobre la licencia, sin embargo, hasta el \u00faltimo d\u00eda de la campa\u00f1a, no hubo un pronunciamiento pr\u00edstino y definitivo sobre el tema.<\/p>\n<p class=\"nota-justify\">En el documento tambi\u00e9n se se\u00f1ala la prohibici\u00f3n del uso de celular, porque evidencia \u201cla falta de fundamentaci\u00f3n de la medida por parte del CNE, la inacci\u00f3n del TCE\u201d y se\u00f1ala que \u201cla falta de claridad sobre las razones para justificar la medida increment\u00f3 la incertidumbre y desconfianza en la recta final del proceso\u201d.<\/p>\n<p class=\"nota-justify\">La OEA recoge adem\u00e1s la inconformidad y preocupaci\u00f3n del movimiento Revoluci\u00f3n Ciudadana por el decreto de Estado de Excepci\u00f3n a 24 horas de las elecciones y las excesivas limitaciones a derechos como inviolabilidad del domicilio, correspondencia y movilizaci\u00f3n.<\/p>\n<p class=\"nota-justify\">Sin embargo, las autoridades del CNE no se han pronunciado al respecto y el gobierno de Noboa se apresur\u00f3 a cerrar cualquier cr\u00edtica, sobre todo despu\u00e9s de que los gobiernos colombiano, mexicano y nicarag\u00fcense plantearan dudas en torno al resultado.<\/p>\n<p class=\"nota-justify\">Por otra parte, el gobierno acus\u00f3 a las autoridades de Venezuela de sustraer material electoral destinado a los votantes ecuatorianos residentes en el pa\u00eds caribe\u00f1o, por presuntos agentes del Servicio Bolivariano de Inteligencia Nacional, imputaci\u00f3n que Caracas rechaz\u00f3 y calific\u00f3 como un intento de \u201cdesviar la atenci\u00f3n sobre su fracaso electoral\u201d.<\/p>\n","protected":false},"excerpt":{"rendered":"<p>El Consejo Nacional Electoral concluy\u00f3 ayer el procesamiento de las actas de las 24 provincias del pa\u00eds, correspondientes a la<\/p>\n","protected":false},"author":4,"featured_media":61282,"comment_status":"closed","ping_status":"closed","sticky":false,"template":"","format":"standard","meta":{"colormag_page_container_layout":"default_layout","colormag_page_sidebar_layout":"default_layout","_jetpack_memberships_contains_paid_content":false,"footnotes":"","jetpack_publicize_message":"","jetpack_publicize_feature_enabled":true,"jetpack_social_post_already_shared":false,"jetpack_social_options":{"image_generator_settings":{"template":"highway","default_image_id":0,"font":"","enabled":false},"version":2}},"categories":[28],"tags":[],"class_list":["post-61281","post","type-post","status-publish","format-standard","has-post-thumbnail","hentry","category-internacional"],"jetpack_publicize_connections":[],"jetpack_featured_media_url":"https:\/\/i0.wp.com\/politicosaldesnudo.com.mx\/wp-content\/uploads\/2025\/04\/NOV-1.jpg?fit=767%2C508&ssl=1","jetpack-related-posts":[],"jetpack_sharing_enabled":true,"_links":{"self":[{"href":"https:\/\/politicosaldesnudo.com.mx\/index.php\/wp-json\/wp\/v2\/posts\/61281","targetHints":{"allow":["GET"]}}],"collection":[{"href":"https:\/\/politicosaldesnudo.com.mx\/index.php\/wp-json\/wp\/v2\/posts"}],"about":[{"href":"https:\/\/politicosaldesnudo.com.mx\/index.php\/wp-json\/wp\/v2\/types\/post"}],"author":[{"embeddable":true,"href":"https:\/\/politicosaldesnudo.com.mx\/index.php\/wp-json\/wp\/v2\/users\/4"}],"replies":[{"embeddable":true,"href":"https:\/\/politicosaldesnudo.com.mx\/index.php\/wp-json\/wp\/v2\/comments?post=61281"}],"version-history":[{"count":0,"href":"https:\/\/politicosaldesnudo.com.mx\/index.php\/wp-json\/wp\/v2\/posts\/61281\/revisions"}],"wp:featuredmedia":[{"embeddable":true,"href":"https:\/\/politicosaldesnudo.com.mx\/index.php\/wp-json\/wp\/v2\/media\/61282"}],"wp:attachment":[{"href":"https:\/\/politicosaldesnudo.com.mx\/index.php\/wp-json\/wp\/v2\/media?parent=61281"}],"wp:term":[{"taxonomy":"category","embeddable":true,"href":"https:\/\/politicosaldesnudo.com.mx\/index.php\/wp-json\/wp\/v2\/categories?post=61281"},{"taxonomy":"post_tag","embeddable":true,"href":"https:\/\/politicosaldesnudo.com.mx\/index.php\/wp-json\/wp\/v2\/tags?post=61281"}],"curies":[{"name":"wp","href":"https:\/\/api.w.org\/{rel}","templated":true}]}}