{"id":61284,"date":"2025-04-19T00:18:00","date_gmt":"2025-04-19T06:18:00","guid":{"rendered":"https:\/\/politicosaldesnudo.com.mx\/?p=61284"},"modified":"2025-04-18T22:50:11","modified_gmt":"2025-04-19T04:50:11","slug":"acusan-militarizacion-de-argentina-con-despliegue-en-frontera-con-bolivia","status":"publish","type":"post","link":"https:\/\/politicosaldesnudo.com.mx\/index.php\/2025\/04\/19\/acusan-militarizacion-de-argentina-con-despliegue-en-frontera-con-bolivia\/","title":{"rendered":"Acusan militarizaci\u00f3n de Argentina con despliegue en frontera con Bolivia"},"content":{"rendered":"<p>La Ministra de Seguridad, Patricia Bullrich, logr\u00f3 su objetivo de utilizar a las Fuerzas Armadas en tareas de seguridad interior, lo que viola las normas constitucionales al enviar efectivos del ej\u00e9rcito a la provincia de Salta, lim\u00edtrofe con Bolivia, para controlar la frontera. Esa era tarea de la Gendarmer\u00eda Nacional, cuya labor ahora es reprimir con brutalidad las protestas de la ciudadan\u00eda.<\/p>\n<p>Muestra de ello fue lo que ocurri\u00f3 este mi\u00e9rcoles, cuando acompa\u00f1adas de otras fuerzas de seguridad reprimieron de nuevo, a mansalva, a los jubilados durante las ya habituales manifestaciones que se realizan cada semana en protesta por la grave situaci\u00f3n que atraviesan. En esta ocasi\u00f3n fueron solos a la Plaza del Congreso; anteriormente, hab\u00edan sido acompa\u00f1ados por hinchas de f\u00fatbol y asociaciones de trabajadores en movilizaciones que se han saldado con cien heridos, incluidos dos ni\u00f1os y un fot\u00f3grafo.<\/p>\n<p>Este tema sigue ocupando p\u00e1ginas en los peri\u00f3dicos debido a la cantidad de efectivos que han empleado las cinco fuerzas de Seguridad, al grado de triplicar la cantidad de ancianos, a quienes se les empuj\u00f3 con sus escudos y rociaron con gas pimienta directamente a la cara; algunos tambi\u00e9n fueron salvajemente golpeados.<\/p>\n<p>El plan de Bullrich y el ministro de Defensa, Luis Petri, tiene como objetivo que los m\u00e1s de mil soldados de las Fuerzas Armadas que enviaron \u201centre las ciudades fronterizas de Salvador Mazza y Misi\u00f3n La Paz\u201d supuestamente para combatir el narcotr\u00e1fico, se queden ah\u00ed permanentemente, a pesar de que esa no es labor de las fuerzas castrenses. Vale destacar que esto se realiza despu\u00e9s de que la Gendarmer\u00eda dispar\u00f3 y mat\u00f3 a un joven que pertenec\u00eda a los pobladores \u201cbagayeros\u201d que llevan y traen mercanc\u00edas para subsistir.<\/p>\n<p>Como si se trata de una provocaci\u00f3n, Petri nombr\u00f3 al operativo como el general Julio Argentino Roca, cuando se cumple un nuevo aniversario de la llamada \u201cCampa\u00f1a del Desierto\u201d que \u00e9ste comand\u00f3 y en donde se asesinaron a miles de ind\u00edgenas para luego repartir esas tierras entre los m\u00e1s ricos de entonces.<\/p>\n<p>Lo m\u00e1s grave de la situaci\u00f3n actual es que se incorporar\u00e1 a lo que fuera y es el Regimiento de Infanter\u00eda de Monte 28 del Ej\u00e9rcito en la ciudad de Tartagal donde los solados que participaron en la pasada dictadura militar se conocen como \u00abLos rodillas negras\u201d, porque eran obligados a recorrer kil\u00f3metros de rodillas por sus jefes militares. Cada a\u00f1o desfilan los Rodillas Negras, que en la \u00faltima dictadura militar conformaron las fuerzas de tareas destinadas a convertirse en paramilitares, ahora reconocidos por la ministra Bullrich.<\/p>\n","protected":false},"excerpt":{"rendered":"<p>La Ministra de Seguridad, Patricia Bullrich, logr\u00f3 su objetivo de utilizar a las Fuerzas Armadas en tareas de seguridad interior,<\/p>\n","protected":false},"author":4,"featured_media":61285,"comment_status":"closed","ping_status":"closed","sticky":false,"template":"","format":"standard","meta":{"colormag_page_container_layout":"default_layout","colormag_page_sidebar_layout":"default_layout","_jetpack_memberships_contains_paid_content":false,"footnotes":"","jetpack_publicize_message":"","jetpack_publicize_feature_enabled":true,"jetpack_social_post_already_shared":false,"jetpack_social_options":{"image_generator_settings":{"template":"highway","default_image_id":0,"font":"","enabled":false},"version":2}},"categories":[28],"tags":[],"class_list":["post-61284","post","type-post","status-publish","format-standard","has-post-thumbnail","hentry","category-internacional"],"jetpack_publicize_connections":[],"jetpack_featured_media_url":"https:\/\/i0.wp.com\/politicosaldesnudo.com.mx\/wp-content\/uploads\/2025\/04\/MIL.jpg?fit=749%2C494&ssl=1","jetpack-related-posts":[],"jetpack_sharing_enabled":true,"_links":{"self":[{"href":"https:\/\/politicosaldesnudo.com.mx\/index.php\/wp-json\/wp\/v2\/posts\/61284","targetHints":{"allow":["GET"]}}],"collection":[{"href":"https:\/\/politicosaldesnudo.com.mx\/index.php\/wp-json\/wp\/v2\/posts"}],"about":[{"href":"https:\/\/politicosaldesnudo.com.mx\/index.php\/wp-json\/wp\/v2\/types\/post"}],"author":[{"embeddable":true,"href":"https:\/\/politicosaldesnudo.com.mx\/index.php\/wp-json\/wp\/v2\/users\/4"}],"replies":[{"embeddable":true,"href":"https:\/\/politicosaldesnudo.com.mx\/index.php\/wp-json\/wp\/v2\/comments?post=61284"}],"version-history":[{"count":0,"href":"https:\/\/politicosaldesnudo.com.mx\/index.php\/wp-json\/wp\/v2\/posts\/61284\/revisions"}],"wp:featuredmedia":[{"embeddable":true,"href":"https:\/\/politicosaldesnudo.com.mx\/index.php\/wp-json\/wp\/v2\/media\/61285"}],"wp:attachment":[{"href":"https:\/\/politicosaldesnudo.com.mx\/index.php\/wp-json\/wp\/v2\/media?parent=61284"}],"wp:term":[{"taxonomy":"category","embeddable":true,"href":"https:\/\/politicosaldesnudo.com.mx\/index.php\/wp-json\/wp\/v2\/categories?post=61284"},{"taxonomy":"post_tag","embeddable":true,"href":"https:\/\/politicosaldesnudo.com.mx\/index.php\/wp-json\/wp\/v2\/tags?post=61284"}],"curies":[{"name":"wp","href":"https:\/\/api.w.org\/{rel}","templated":true}]}}