{"id":61335,"date":"2025-04-21T00:42:41","date_gmt":"2025-04-21T06:42:41","guid":{"rendered":"https:\/\/politicosaldesnudo.com.mx\/?p=61335"},"modified":"2025-04-21T00:42:41","modified_gmt":"2025-04-21T06:42:41","slug":"madres-buscadoras-encuentran-restos-oseos-en-queretaro","status":"publish","type":"post","link":"https:\/\/politicosaldesnudo.com.mx\/index.php\/2025\/04\/21\/madres-buscadoras-encuentran-restos-oseos-en-queretaro\/","title":{"rendered":"Madres buscadoras encuentran restos \u00f3seos en Quer\u00e9taro"},"content":{"rendered":"<p class=\"nota-justify\">Durante el segundo d\u00eda de la Jornada Nacional de B\u00fasqueda Humanitaria por el D\u00eda Nacional de las Familias Buscadoras, la activista Yadira Gonz\u00e1lez Hern\u00e1ndez anunci\u00f3 este domingo el hallazgo de restos humanos semienterrados bajo un cactus en un cerro ubicado a un costado de Bulevar de la Naci\u00f3n, de la colonia Sergio Villase\u00f1or de la capital queretana.<\/p>\n<p class=\"nota-justify\">Son fragmentos \u00f3seos de un cuerpo que la agrupaci\u00f3n localiz\u00f3 el a\u00f1o pasado y cuya exhumaci\u00f3n, dijo, a cargo de la Fiscal\u00eda de Justicia de Quer\u00e9taro (FJQ) y de la Comisi\u00f3n Estatal de B\u00fasqueda fue deficiente.<\/p>\n<p class=\"nota-justify\">Yadira Gonz\u00e1lez, representante de Desaparecidos Quer\u00e9taro, explic\u00f3 que el hallazgo se logr\u00f3 por una llamada an\u00f3nima que recibi\u00f3 el colectivo en el que se inform\u00f3 la presencia de restos \u00f3seos en el mismo lugar donde un a\u00f1o antes las madres y padres buscadores de la agrupaci\u00f3n encontraron una osamenta de una persona de sexo masculino.<\/p>\n<p class=\"nota-justify\">A trav\u00e9s de una transmisi\u00f3n de video en vivo por la cuenta oficial de facebook del colectivo, Yadira Gonz\u00e1lez coment\u00f3 que se trata del mismo sitio \u00abdonde se localiz\u00f3 una osamenta en agosto del a\u00f1o pasado; la Fiscal\u00eda (de Quer\u00e9taro) y la Comisi\u00f3n de B\u00fasqueda que trabajaron aqu\u00ed, a las que les confiamos la exhumaci\u00f3n de este hermano, pues dejaron aqu\u00ed v\u00e9rtebras, dientes, falanges\u00bb.<\/p>\n<p class=\"nota-justify\">\u00abEntonces necesitamos hacer un llamado a la Fiscal\u00eda, a la Comisi\u00f3n de B\u00fasqueda para que se apersonen\u00bb en el lugar para hacer el levantamiento de los restos \u00f3seos.<\/p>\n<p class=\"nota-justify\">Advirti\u00f3 que \u00abya no los vamos a dejar trabajar solos porque una vez m\u00e1s les demostramos que s\u00ed no est\u00e1n bajo la vigilancia de las familias, entonces hacen un mal procesamiento; hacen cochinadas con el trabajo y tratan mal a nuestros familiares\u00bb.<\/p>\n<p class=\"nota-justify\">\u00abNo puede ser posible que esta personita que localizamos el a\u00f1o pasado este incompleta cuando se lo ten\u00edan que haber llevado todo\u00bb.<\/p>\n<p class=\"nota-justify\">Agreg\u00f3 \u00abno somos basura; no somos alguien que necesitan dejar o que tendr\u00edan que dejar as\u00ed a la desidia. El trabajo de exhumaci\u00f3n de un ser humano tiene que ser apegado a protocolos, a lineamientos\u00bb.<\/p>\n<p class=\"nota-justify\">Ante esta situaci\u00f3n, Yadira Gonz\u00e1lez agreg\u00f3 que \u00abel a\u00f1o pasado, el colectivo se retir\u00f3 confiando en que los integrantes de la Comisi\u00f3n de B\u00fasqueda iban a ser observadores del procesamiento de los restos que hizo la fiscal\u00eda y pues ellos tambi\u00e9n nos fallaron\u00bb.<\/p>\n<p class=\"nota-justify\">Agreg\u00f3 que mientras los representantes de la fiscal\u00eda llegaban al lugar junto con los de la Comisi\u00f3n de B\u00fasqueda, los integrantes del colectivo iban a realizar una revisi\u00f3n por el lugar para verificar si hab\u00eda m\u00e1s restos o no de alg\u00fan otro cad\u00e1ver.<\/p>\n<p class=\"nota-justify\">Dijo que el a\u00f1o pasado, con el fin de no confrontarse con los representantes de la Fiscal\u00eda de Quer\u00e9taro, los integrantes del colectivo se marcharon y encargaron la observaci\u00f3n del procesamiento del cad\u00e1ver a la Comisi\u00f3n Estatal de B\u00fasqueda, la cual dijo \u00abnos fall\u00f3\u00bb.<\/p>\n<p class=\"nota-justify\">Dijo tambi\u00e9n que el cad\u00e1ver en estado de osamenta hallado en ese mismo lugar hace un a\u00f1o, ten\u00eda al momento de ser descubierto tenis Nike reci\u00e9n comprados y ropa de marca, por lo que es dudosa la informaci\u00f3n que emiti\u00f3 la fiscal\u00eda meses despu\u00e9s de que el individuo era un indigente que se hab\u00eda quedado en el lugar a dormir al momento en que muri\u00f3.<\/p>\n<p class=\"nota-justify\">Tambi\u00e9n se\u00f1al\u00f3 que la fiscal\u00eda no ha proporcionado informaci\u00f3n sobre si ya el cad\u00e1ver fue identificado y de ser as\u00ed, si ya fue entregado a sus familiares.<\/p>\n<p class=\"nota-justify\">Finalmente, la activista asever\u00f3 que s\u00ed ya fue entregado a sus familiares, ahora la fiscal\u00eda va a tener que entregarles los restos \u00f3seos localizados la ma\u00f1ana de este domingo.<\/p>\n","protected":false},"excerpt":{"rendered":"<p>Durante el segundo d\u00eda de la Jornada Nacional de B\u00fasqueda Humanitaria por el D\u00eda Nacional de las Familias Buscadoras, la<\/p>\n","protected":false},"author":4,"featured_media":61336,"comment_status":"closed","ping_status":"closed","sticky":false,"template":"","format":"standard","meta":{"colormag_page_container_layout":"default_layout","colormag_page_sidebar_layout":"default_layout","_jetpack_memberships_contains_paid_content":false,"footnotes":"","jetpack_publicize_message":"","jetpack_publicize_feature_enabled":true,"jetpack_social_post_already_shared":false,"jetpack_social_options":{"image_generator_settings":{"template":"highway","default_image_id":0,"font":"","enabled":false},"version":2}},"categories":[30],"tags":[],"class_list":["post-61335","post","type-post","status-publish","format-standard","has-post-thumbnail","hentry","category-estados"],"jetpack_publicize_connections":[],"jetpack_featured_media_url":"https:\/\/i0.wp.com\/politicosaldesnudo.com.mx\/wp-content\/uploads\/2025\/04\/REST.jpg?fit=653%2C536&ssl=1","jetpack-related-posts":[],"jetpack_sharing_enabled":true,"_links":{"self":[{"href":"https:\/\/politicosaldesnudo.com.mx\/index.php\/wp-json\/wp\/v2\/posts\/61335","targetHints":{"allow":["GET"]}}],"collection":[{"href":"https:\/\/politicosaldesnudo.com.mx\/index.php\/wp-json\/wp\/v2\/posts"}],"about":[{"href":"https:\/\/politicosaldesnudo.com.mx\/index.php\/wp-json\/wp\/v2\/types\/post"}],"author":[{"embeddable":true,"href":"https:\/\/politicosaldesnudo.com.mx\/index.php\/wp-json\/wp\/v2\/users\/4"}],"replies":[{"embeddable":true,"href":"https:\/\/politicosaldesnudo.com.mx\/index.php\/wp-json\/wp\/v2\/comments?post=61335"}],"version-history":[{"count":0,"href":"https:\/\/politicosaldesnudo.com.mx\/index.php\/wp-json\/wp\/v2\/posts\/61335\/revisions"}],"wp:featuredmedia":[{"embeddable":true,"href":"https:\/\/politicosaldesnudo.com.mx\/index.php\/wp-json\/wp\/v2\/media\/61336"}],"wp:attachment":[{"href":"https:\/\/politicosaldesnudo.com.mx\/index.php\/wp-json\/wp\/v2\/media?parent=61335"}],"wp:term":[{"taxonomy":"category","embeddable":true,"href":"https:\/\/politicosaldesnudo.com.mx\/index.php\/wp-json\/wp\/v2\/categories?post=61335"},{"taxonomy":"post_tag","embeddable":true,"href":"https:\/\/politicosaldesnudo.com.mx\/index.php\/wp-json\/wp\/v2\/tags?post=61335"}],"curies":[{"name":"wp","href":"https:\/\/api.w.org\/{rel}","templated":true}]}}