{"id":61412,"date":"2025-04-22T00:02:09","date_gmt":"2025-04-22T06:02:09","guid":{"rendered":"https:\/\/politicosaldesnudo.com.mx\/?p=61412"},"modified":"2025-04-21T20:13:59","modified_gmt":"2025-04-22T02:13:59","slug":"siguen-las-renuncias-en-partidos-politicos","status":"publish","type":"post","link":"https:\/\/politicosaldesnudo.com.mx\/index.php\/2025\/04\/22\/siguen-las-renuncias-en-partidos-politicos\/","title":{"rendered":"Siguen las renuncias en  Partidos Pol\u00edticos"},"content":{"rendered":"<p>En un giro inesperado dentro de la contienda por la Presidencia Municipal, Juan Cano ha presentado su renuncia a la suplencia en la planilla encabezada por el empresario Juan Ram\u00f3n Ganem Vargas, abanderado del Partido Acci\u00f3n Nacional; PAN, noticia que ha generado sorpresa y especulaciones en el \u00e1mbito pol\u00edtico local, a pocos d\u00edas del inicio oficial de las campa\u00f1as.<\/p>\n<p>La decisi\u00f3n de Cano se produce en un momento crucial, cuando los partidos pol\u00edticos afinan sus estrategias y consolidan sus equipos de trabajo y aunque no se han revelado los motivos oficiales de su renuncia, fuentes cercanas a la campa\u00f1a sugieren que el posible motivo es \u00abdiferencias irreconciliables con el candidato principal\u00bb.<\/p>\n<p>Juan Ram\u00f3n Ganem Vargas, reconocido empresario local, hab\u00eda apostado por la experiencia y el respaldo de Cano para fortalecer su proyecto pol\u00edtico, la dupla buscaba consolidar una propuesta que combinara experiencia en el sector privado con conocimiento del \u00e1mbito p\u00fablico.<\/p>\n<p>La renuncia abre ahora un interrogante sobre la conformaci\u00f3n final de la planilla del PAN y el impacto que esta decisi\u00f3n pueda tener en la campa\u00f1a de Ganem Vargas, con un suplente que pueda integrarse al equipo y contribuir a la consecuci\u00f3n de los objetivos planteados.<\/p>\n<p>Este movimiento inesperado a\u00f1ade un elemento de incertidumbre a la contienda por la Presidencia Municipal, en la que se espera una intensa competencia entre los diferentes partidos pol\u00edticos.<\/p>\n","protected":false},"excerpt":{"rendered":"<p>En un giro inesperado dentro de la contienda por la Presidencia Municipal, Juan Cano ha presentado su renuncia a la<\/p>\n","protected":false},"author":4,"featured_media":61413,"comment_status":"closed","ping_status":"closed","sticky":false,"template":"","format":"standard","meta":{"colormag_page_container_layout":"default_layout","colormag_page_sidebar_layout":"default_layout","_jetpack_memberships_contains_paid_content":false,"footnotes":"","jetpack_publicize_message":"","jetpack_publicize_feature_enabled":true,"jetpack_social_post_already_shared":false,"jetpack_social_options":{"image_generator_settings":{"template":"highway","default_image_id":0,"font":"","enabled":false},"version":2}},"categories":[1082],"tags":[],"class_list":["post-61412","post","type-post","status-publish","format-standard","has-post-thumbnail","hentry","category-tuxpan"],"jetpack_publicize_connections":[],"jetpack_featured_media_url":"https:\/\/i0.wp.com\/politicosaldesnudo.com.mx\/wp-content\/uploads\/2025\/04\/4a-4.jpg?fit=1280%2C720&ssl=1","jetpack-related-posts":[],"jetpack_sharing_enabled":true,"_links":{"self":[{"href":"https:\/\/politicosaldesnudo.com.mx\/index.php\/wp-json\/wp\/v2\/posts\/61412","targetHints":{"allow":["GET"]}}],"collection":[{"href":"https:\/\/politicosaldesnudo.com.mx\/index.php\/wp-json\/wp\/v2\/posts"}],"about":[{"href":"https:\/\/politicosaldesnudo.com.mx\/index.php\/wp-json\/wp\/v2\/types\/post"}],"author":[{"embeddable":true,"href":"https:\/\/politicosaldesnudo.com.mx\/index.php\/wp-json\/wp\/v2\/users\/4"}],"replies":[{"embeddable":true,"href":"https:\/\/politicosaldesnudo.com.mx\/index.php\/wp-json\/wp\/v2\/comments?post=61412"}],"version-history":[{"count":0,"href":"https:\/\/politicosaldesnudo.com.mx\/index.php\/wp-json\/wp\/v2\/posts\/61412\/revisions"}],"wp:featuredmedia":[{"embeddable":true,"href":"https:\/\/politicosaldesnudo.com.mx\/index.php\/wp-json\/wp\/v2\/media\/61413"}],"wp:attachment":[{"href":"https:\/\/politicosaldesnudo.com.mx\/index.php\/wp-json\/wp\/v2\/media?parent=61412"}],"wp:term":[{"taxonomy":"category","embeddable":true,"href":"https:\/\/politicosaldesnudo.com.mx\/index.php\/wp-json\/wp\/v2\/categories?post=61412"},{"taxonomy":"post_tag","embeddable":true,"href":"https:\/\/politicosaldesnudo.com.mx\/index.php\/wp-json\/wp\/v2\/tags?post=61412"}],"curies":[{"name":"wp","href":"https:\/\/api.w.org\/{rel}","templated":true}]}}