{"id":6151,"date":"2022-06-04T08:11:17","date_gmt":"2022-06-04T13:11:17","guid":{"rendered":"https:\/\/politicosaldesnudo.com.mx\/?p=6151"},"modified":"2022-06-04T08:17:35","modified_gmt":"2022-06-04T13:17:35","slug":"a-cesar-duarte-se-le-imputa-el-desvio-de-96-6-mdp-fiscalia-tiene-a-30-testigos","status":"publish","type":"post","link":"https:\/\/politicosaldesnudo.com.mx\/index.php\/2022\/06\/04\/a-cesar-duarte-se-le-imputa-el-desvio-de-96-6-mdp-fiscalia-tiene-a-30-testigos\/","title":{"rendered":"A C\u00e9sar Duarte se le imputa el desv\u00edo de 96.6 mdp, fiscal\u00eda tiene a 30 testigos"},"content":{"rendered":"<p>&nbsp;<\/p>\n<p class=\"p1\"><span style=\"font-size: 14pt;\"><em><strong>Chihuahua.<\/strong> <\/em>A su llegada al estados el<strong> Ministerio P\u00fablico de la Fiscal\u00eda General del Estado<\/strong> imput\u00f3 al ex gobernador pri\u00edsta<strong> C\u00e9sar Duarte J\u00e1quez<\/strong> por los<strong> delitos de peculado y asociaci\u00f3n delictuosa<\/strong>, por la omisi\u00f3n de<strong> 96.6 millones de pesos de recursos p\u00fablicos transferidos<\/strong> a<span class=\"Apple-converted-space\">\u00a0 <\/span>dos empresas ganaderas de las cuales era socio.<\/span><\/p>\n<p class=\"p1\"><span style=\"font-size: 18pt;\"><strong>Y es as\u00ed como la fiscal\u00eda continuaba con la presentaci\u00f3n de los anexos de la denuncia, en una audiencia que se extendi\u00f3 m\u00e1s de 12 horas, durante la cual los abogados pidieron dos recesos por supuestas complicaciones m\u00e9dicas que aquejan al acusado.<\/strong><\/span><\/p>\n<p class=\"p1\"><span style=\"font-size: 18pt;\"><strong>Seg\u00fan el Ministerio P\u00fablico existen datos y testimonios que demuestran la intervenci\u00f3n del C\u00e9sar Duarte J\u00e1quez en 11 transferencias de dinero desde la Secretar\u00eda de Desarrollo Rural a la Uni\u00f3n Ganadera Regional Divisi\u00f3n del Norte y a la sociedad an\u00f3nima Financiera Divisi\u00f3n del Norte, que se justificaron como supuestos apoyos a ganaderos destinados a la compra de forraje, gastos de traslado de vaquillas, equipo para inseminaci\u00f3n artificial, compra de ma\u00edz y frijol, la adquisici\u00f3n de una oficina y un programa de repoblamiento de bovinos.<\/strong><\/span><\/p>\n<p>&nbsp;<\/p>\n<p><img data-recalc-dims=\"1\" loading=\"lazy\" decoding=\"async\" class=\"aligncenter wp-image-6152\" src=\"https:\/\/i0.wp.com\/politicosaldesnudo.com.mx\/wp-content\/uploads\/2022\/06\/FUSkvdqWIAgFdU4-244x300.jpeg?resize=500%2C615&#038;ssl=1\" alt=\"\" width=\"500\" height=\"615\" srcset=\"https:\/\/i0.wp.com\/politicosaldesnudo.com.mx\/wp-content\/uploads\/2022\/06\/FUSkvdqWIAgFdU4.jpeg?resize=244%2C300&amp;ssl=1 244w, https:\/\/i0.wp.com\/politicosaldesnudo.com.mx\/wp-content\/uploads\/2022\/06\/FUSkvdqWIAgFdU4.jpeg?resize=832%2C1024&amp;ssl=1 832w, https:\/\/i0.wp.com\/politicosaldesnudo.com.mx\/wp-content\/uploads\/2022\/06\/FUSkvdqWIAgFdU4.jpeg?resize=768%2C945&amp;ssl=1 768w, https:\/\/i0.wp.com\/politicosaldesnudo.com.mx\/wp-content\/uploads\/2022\/06\/FUSkvdqWIAgFdU4.jpeg?w=1040&amp;ssl=1 1040w\" sizes=\"auto, (max-width: 500px) 100vw, 500px\" \/><\/p>\n<p>&nbsp;<\/p>\n<p>&nbsp;<\/p>\n<p class=\"p2\"><strong><span style=\"font-size: 18pt;\">PRISI\u00d3N PREVENTIVA<\/span><\/strong><\/p>\n<p class=\"p1\"><span style=\"font-size: 14pt;\">Por su parte la Fiscal\u00eda General del Estado adelant\u00f3 que solicitar\u00e1 la medida cautelar de prisi\u00f3n preventiva, pues existe riesgo de una sustracci\u00f3n.<\/span><\/p>\n<p class=\"p1\"><span style=\"font-size: 14pt;\">Adelant\u00f3 que presentar\u00e1 testimonios de m\u00e1s de 30 personas, incluidos ocho de identidad reservada, quienes se\u00f1alan a C\u00e9sar Duarte de instruir convenios y transacciones bancarias para su beneficio.<\/span><\/p>\n<p class=\"p1\"><span style=\"font-size: 18pt;\"><strong>Entre los testigos que llevar\u00e1 la fiscal\u00eda est\u00e1n ex funcionarios que laboraron con el ex gobernante, como Francisco Hern\u00e1ndez Vega, tesorero de la Secretar\u00eda de Hacienda estatal; Jes\u00fas Manuel Luna Hern\u00e1ndez, quien fungi\u00f3 como su secretario particular ; adem\u00e1s de la ex dirigente estatal pri\u00edsta, Karina Vel\u00e1zquez Ramirez y el l\u00edder barzonista Mart\u00edn Sol\u00eds Bustamante.<\/strong><\/span><\/p>\n<p class=\"p1\"><span style=\"font-size: 14pt;\">En tanto, legisladores de Morena en el Congreso pidieron que la Fiscal\u00eda General de la Rep\u00fablica atraiga el proceso penal contra Duarte J\u00e1quez; argumentaron que el Poder Judicial del estado carece de independencia.<\/span><\/p>\n<blockquote>\n<p class=\"p1\"><span style=\"font-size: 14pt;\">Exigiremos que se le juzgue por los delitos que realmente cometi\u00f3 y no por causas inventadas que pudieran favorecerlo. Hay da\u00f1os graves al erario que deben ser sancionados\u201d, recalcaron<\/span><\/p>\n<\/blockquote>\n<p>&nbsp;<\/p>\n<p><img data-recalc-dims=\"1\" loading=\"lazy\" decoding=\"async\" class=\"aligncenter wp-image-6153 size-large\" src=\"https:\/\/i0.wp.com\/politicosaldesnudo.com.mx\/wp-content\/uploads\/2022\/06\/P-CESAR1-1024x573.png?resize=800%2C448&#038;ssl=1\" alt=\"\" width=\"800\" height=\"448\" srcset=\"https:\/\/i0.wp.com\/politicosaldesnudo.com.mx\/wp-content\/uploads\/2022\/06\/P-CESAR1.png?resize=1024%2C573&amp;ssl=1 1024w, https:\/\/i0.wp.com\/politicosaldesnudo.com.mx\/wp-content\/uploads\/2022\/06\/P-CESAR1.png?resize=300%2C168&amp;ssl=1 300w, https:\/\/i0.wp.com\/politicosaldesnudo.com.mx\/wp-content\/uploads\/2022\/06\/P-CESAR1.png?resize=768%2C430&amp;ssl=1 768w, https:\/\/i0.wp.com\/politicosaldesnudo.com.mx\/wp-content\/uploads\/2022\/06\/P-CESAR1.png?resize=1536%2C859&amp;ssl=1 1536w, https:\/\/i0.wp.com\/politicosaldesnudo.com.mx\/wp-content\/uploads\/2022\/06\/P-CESAR1.png?w=1816&amp;ssl=1 1816w, https:\/\/i0.wp.com\/politicosaldesnudo.com.mx\/wp-content\/uploads\/2022\/06\/P-CESAR1.png?w=1600&amp;ssl=1 1600w\" sizes=\"auto, (max-width: 800px) 100vw, 800px\" \/><\/p>\n<p>&nbsp;<\/p>\n<p>&nbsp;<\/p>\n<p class=\"p1\"><span style=\"font-size: 18pt;\"><strong>SU DETENCI\u00d3N<\/strong><\/span><\/p>\n<p class=\"p1\"><span style=\"font-size: 18pt;\"><strong>Recordemos que C\u00e9sar Duarte J\u00e1quez fue detenido en Estados Unidos el 8 de julio de 2020, despu\u00e9s de permanecer pr\u00f3fugo desde 2017, ha sido se\u00f1alado como el autor y art\u00edfice de una red de corrupci\u00f3n que desfalc\u00f3 al estado de Chihuahua.<\/strong><\/span><\/p>\n<p class=\"p1\"><span style=\"font-size: 18pt;\"><strong>El exmandatario priista enfrenta al menos 21 \u00f3rdenes de aprehensi\u00f3n en su contra por desv\u00edo y malversaci\u00f3n de recursos, entre las que destaca la llamada \u201cOperaci\u00f3n Safiro\u201d, la trama de corrupci\u00f3n que involucra al menos a 12 empresas fantasma para desviar 650 millones de pesos de los gobiernos priistas de Chihuahua, Colima, Durango, Estado de M\u00e9xico y Sonora, as\u00ed como del Congreso de Morelos y de la Alcald\u00eda capitalina Milpa Alta, para presuntamente beneficiar campa\u00f1as pol\u00edticas del tricolor.<\/strong><\/span><\/p>\n<p class=\"p1\"><span style=\"font-size: 14pt;\">En noviembre del a\u00f1o pasado, la Juez Lauren Louis, Magistrada de la Corte de Miami, Florida, Estados Unidos determin\u00f3 la extradici\u00f3n de C\u00e9sar Duarte a M\u00e9xico para hacer frente a los cargos que se le imputan.<\/span><\/p>\n<p class=\"p1\"><span style=\"font-size: 14pt;\">La orden fue dictada nueve meses despu\u00e9s de la audiencia del 26 de enero de 2021, en la cual la Jueza adelant\u00f3 que se inclinar\u00eda por avalar la extradici\u00f3n, luego de manifestar su escepticismo sobre los alegatos de la defensa.<\/span><\/p>\n<p class=\"p1\"><span style=\"font-size: 18pt;\"><strong>La causa por la que fue extraditado es el delito de cohecho por un monto de 96 millones de pesos, que no amerita prisi\u00f3n preventiva.<\/strong><\/span><\/p>\n<p class=\"p1\"><span style=\"font-size: 14pt;\">Entre los delitos que pueden quedar impunes est\u00e1n la denuncia que realiz\u00f3 en septiembre de 2014, por el enriquecimiento il\u00edcito por la cantidad de 65 millones de pesos que, se presume, fueron empleados para crear un banco del exgobernador, es decir el caso de banco Uni\u00f3n Progreso de Chihuahua.<\/span><\/p>\n<p class=\"p1\"><span style=\"font-size: 18pt;\"><strong>El pasado 14 de diciembre, el Presidente Andr\u00e9s Manuel L\u00f3pez Obrador dijo, a pregunta expresa, que estaba de acuerdo con que C\u00e9sar Duarte se pudiera adherir a un criterio de oportunidad siempre y cuando reconozca complicidades mayores con las que fueron cometidas los il\u00edcitos y los bienes sean recuperados.<\/strong><\/span><\/p>\n<p>&nbsp;<\/p>\n<p class=\"p1\"><span style=\"font-size: 18pt;\"><strong>Siendo gobernador en el periodo de 2010 a 2016 se compr\u00f3 ranchos, rob\u00f3 ganado a peque\u00f1os productores, adquiri\u00f3 animales ex\u00f3ticos para que corrieran en sus llanuras y, en la retirada, se llev\u00f3 hasta la Bandera con hilo de oro que estaba en el despacho de Gobernador, y que en alg\u00fan momento ocup\u00f3 un h\u00e9roe cuyo nombre est\u00e1 escrito con letras de oro en la C\u00e1mara de Diputados de M\u00e9xico: El General Francisco Villa.<\/strong><\/span><\/p>\n<p>&nbsp;<\/p>\n<p><img data-recalc-dims=\"1\" loading=\"lazy\" decoding=\"async\" class=\"aligncenter wp-image-6155\" src=\"https:\/\/i0.wp.com\/politicosaldesnudo.com.mx\/wp-content\/uploads\/2022\/06\/FUSL9JDVIAABwPn-1-225x300.jpeg?resize=400%2C533&#038;ssl=1\" alt=\"\" width=\"400\" height=\"533\" srcset=\"https:\/\/i0.wp.com\/politicosaldesnudo.com.mx\/wp-content\/uploads\/2022\/06\/FUSL9JDVIAABwPn-1.jpeg?resize=225%2C300&amp;ssl=1 225w, https:\/\/i0.wp.com\/politicosaldesnudo.com.mx\/wp-content\/uploads\/2022\/06\/FUSL9JDVIAABwPn-1.jpeg?w=432&amp;ssl=1 432w\" sizes=\"auto, (max-width: 400px) 100vw, 400px\" \/><\/p>\n<p>&nbsp;<\/p>\n<p>&nbsp;<\/p>\n<p>&nbsp;<\/p>\n<p>&nbsp;<\/p>\n","protected":false},"excerpt":{"rendered":"<p>&nbsp; Chihuahua. A su llegada al estados el Ministerio P\u00fablico de la Fiscal\u00eda General del Estado imput\u00f3 al ex gobernador<\/p>\n","protected":false},"author":4,"featured_media":6157,"comment_status":"closed","ping_status":"closed","sticky":false,"template":"","format":"standard","meta":{"colormag_page_container_layout":"default_layout","colormag_page_sidebar_layout":"default_layout","_jetpack_memberships_contains_paid_content":false,"footnotes":"","jetpack_publicize_message":"","jetpack_publicize_feature_enabled":true,"jetpack_social_post_already_shared":true,"jetpack_social_options":{"image_generator_settings":{"template":"highway","default_image_id":0,"font":"","enabled":false},"version":2}},"categories":[30],"tags":[903,856,904,226],"class_list":["post-6151","post","type-post","status-publish","format-standard","has-post-thumbnail","hentry","category-estados","tag-cesar-duarte","tag-chihuahua","tag-desvio","tag-pri"],"jetpack_publicize_connections":[],"jetpack_featured_media_url":"https:\/\/i0.wp.com\/politicosaldesnudo.com.mx\/wp-content\/uploads\/2022\/06\/P-CESAR3.png?fit=1816%2C1016&ssl=1","jetpack-related-posts":[],"jetpack_sharing_enabled":true,"_links":{"self":[{"href":"https:\/\/politicosaldesnudo.com.mx\/index.php\/wp-json\/wp\/v2\/posts\/6151","targetHints":{"allow":["GET"]}}],"collection":[{"href":"https:\/\/politicosaldesnudo.com.mx\/index.php\/wp-json\/wp\/v2\/posts"}],"about":[{"href":"https:\/\/politicosaldesnudo.com.mx\/index.php\/wp-json\/wp\/v2\/types\/post"}],"author":[{"embeddable":true,"href":"https:\/\/politicosaldesnudo.com.mx\/index.php\/wp-json\/wp\/v2\/users\/4"}],"replies":[{"embeddable":true,"href":"https:\/\/politicosaldesnudo.com.mx\/index.php\/wp-json\/wp\/v2\/comments?post=6151"}],"version-history":[{"count":0,"href":"https:\/\/politicosaldesnudo.com.mx\/index.php\/wp-json\/wp\/v2\/posts\/6151\/revisions"}],"wp:featuredmedia":[{"embeddable":true,"href":"https:\/\/politicosaldesnudo.com.mx\/index.php\/wp-json\/wp\/v2\/media\/6157"}],"wp:attachment":[{"href":"https:\/\/politicosaldesnudo.com.mx\/index.php\/wp-json\/wp\/v2\/media?parent=6151"}],"wp:term":[{"taxonomy":"category","embeddable":true,"href":"https:\/\/politicosaldesnudo.com.mx\/index.php\/wp-json\/wp\/v2\/categories?post=6151"},{"taxonomy":"post_tag","embeddable":true,"href":"https:\/\/politicosaldesnudo.com.mx\/index.php\/wp-json\/wp\/v2\/tags?post=6151"}],"curies":[{"name":"wp","href":"https:\/\/api.w.org\/{rel}","templated":true}]}}