{"id":61536,"date":"2025-04-23T00:27:28","date_gmt":"2025-04-23T06:27:28","guid":{"rendered":"https:\/\/politicosaldesnudo.com.mx\/?p=61536"},"modified":"2025-04-23T00:27:28","modified_gmt":"2025-04-23T06:27:28","slug":"se-reunen-lula-y-boric-para-intercambiar-proyectos-de-cooperacion","status":"publish","type":"post","link":"https:\/\/politicosaldesnudo.com.mx\/index.php\/2025\/04\/23\/se-reunen-lula-y-boric-para-intercambiar-proyectos-de-cooperacion\/","title":{"rendered":"Se re\u00fanen Lula y Boric para intercambiar proyectos de cooperaci\u00f3n"},"content":{"rendered":"<p class=\"nota-justify\">El presidente de Chile, Gabriel Boric, y su par de Brasil, Luiz In\u00e1cio Lula Da Silva, destacaron los lazos de amistad entre sus pa\u00edses tras reunirse este martes en Brasilia, donde intercambiaron sobre proyectos de cooperaci\u00f3n en infraestructura, comercio e innovaci\u00f3n.<\/p>\n<p class=\"nota-justify\">\u00abCon Brasil compartimos profundos lazos de amistad y fraternidad\u200b\u200b\u200b. Hoy (martes) iniciamos esta visita de Estado conmemorando una relaci\u00f3n diplom\u00e1tica de larga data y que se ha ido potenciando en el tiempo. Para m\u00ed, Lula no solo es presidente de un pa\u00eds hermano, tambi\u00e9n es amigo\u00bb, afirm\u00f3 Boric a trav\u00e9s de su cuenta de X.<\/p>\n<p class=\"nota-justify\">El mandatario chileno asegur\u00f3 estar muy \u00abhonrado\u00bb de que ambos pa\u00edses contin\u00faen el trabajo colaborativo en temas como la defensa de la democracia, el combate a los \u00abextremismos\u00bb y el impulso de un desarrollo \u00absustentable y equitativo\u00bb.<\/p>\n<p class=\"nota-justify\">Por su lado, Lula destac\u00f3 en la misma red social que va a trabajar junto con su par chileno para \u00abestrechar la relaci\u00f3n de cooperaci\u00f3n y amistad\u00bb entre los dos pa\u00edses, \u00abdiscutiendo proyectos en las \u00e1reas de infraestructura, comercio e innovaci\u00f3n\u00bb.<\/p>\n<p class=\"nota-justify\">Entre los principales temas que abordaron los presidentes estuvo el avance del Corredor Bioce\u00e1nico, un proyecto que se viene dise\u00f1ando hace m\u00e1s de una d\u00e9cada y consiste en la construcci\u00f3n de carreteras y v\u00edas f\u00e9rreas para unir los puertos del norte de Chile con las terminales del Oc\u00e9ano Atl\u00e1ntico de Brasil.<\/p>\n<p class=\"nota-justify\">Boric y Lula asistir\u00e1n posteriormente a un seminario con empresarios brasile\u00f1os y chilenos, en el que ser\u00e1n analizados instrumentos para aumentar las inversiones y el comercio bilateral.<\/p>\n<p class=\"nota-justify\">En 2024, el intercambio de bienes entre ambos pa\u00edses sum\u00f3 12.560 millones de d\u00f3lares, con un crecimiento promedio anual de 2,7 por ciento desde el a\u00f1o 2014.<\/p>\n","protected":false},"excerpt":{"rendered":"<p>El presidente de Chile, Gabriel Boric, y su par de Brasil, Luiz In\u00e1cio Lula Da Silva, destacaron los lazos de<\/p>\n","protected":false},"author":4,"featured_media":61537,"comment_status":"closed","ping_status":"closed","sticky":false,"template":"","format":"standard","meta":{"colormag_page_container_layout":"default_layout","colormag_page_sidebar_layout":"default_layout","_jetpack_memberships_contains_paid_content":false,"footnotes":"","jetpack_publicize_message":"","jetpack_publicize_feature_enabled":true,"jetpack_social_post_already_shared":false,"jetpack_social_options":{"image_generator_settings":{"template":"highway","default_image_id":0,"font":"","enabled":false},"version":2}},"categories":[28],"tags":[],"class_list":["post-61536","post","type-post","status-publish","format-standard","has-post-thumbnail","hentry","category-internacional"],"jetpack_publicize_connections":[],"jetpack_featured_media_url":"https:\/\/i0.wp.com\/politicosaldesnudo.com.mx\/wp-content\/uploads\/2025\/04\/lubo.jpg?fit=757%2C470&ssl=1","jetpack-related-posts":[],"jetpack_sharing_enabled":true,"_links":{"self":[{"href":"https:\/\/politicosaldesnudo.com.mx\/index.php\/wp-json\/wp\/v2\/posts\/61536","targetHints":{"allow":["GET"]}}],"collection":[{"href":"https:\/\/politicosaldesnudo.com.mx\/index.php\/wp-json\/wp\/v2\/posts"}],"about":[{"href":"https:\/\/politicosaldesnudo.com.mx\/index.php\/wp-json\/wp\/v2\/types\/post"}],"author":[{"embeddable":true,"href":"https:\/\/politicosaldesnudo.com.mx\/index.php\/wp-json\/wp\/v2\/users\/4"}],"replies":[{"embeddable":true,"href":"https:\/\/politicosaldesnudo.com.mx\/index.php\/wp-json\/wp\/v2\/comments?post=61536"}],"version-history":[{"count":0,"href":"https:\/\/politicosaldesnudo.com.mx\/index.php\/wp-json\/wp\/v2\/posts\/61536\/revisions"}],"wp:featuredmedia":[{"embeddable":true,"href":"https:\/\/politicosaldesnudo.com.mx\/index.php\/wp-json\/wp\/v2\/media\/61537"}],"wp:attachment":[{"href":"https:\/\/politicosaldesnudo.com.mx\/index.php\/wp-json\/wp\/v2\/media?parent=61536"}],"wp:term":[{"taxonomy":"category","embeddable":true,"href":"https:\/\/politicosaldesnudo.com.mx\/index.php\/wp-json\/wp\/v2\/categories?post=61536"},{"taxonomy":"post_tag","embeddable":true,"href":"https:\/\/politicosaldesnudo.com.mx\/index.php\/wp-json\/wp\/v2\/tags?post=61536"}],"curies":[{"name":"wp","href":"https:\/\/api.w.org\/{rel}","templated":true}]}}