{"id":61574,"date":"2025-04-24T00:03:12","date_gmt":"2025-04-24T06:03:12","guid":{"rendered":"https:\/\/politicosaldesnudo.com.mx\/?p=61574"},"modified":"2025-04-23T23:11:38","modified_gmt":"2025-04-24T05:11:38","slug":"queremos-competencia-y-no-un-oligopolio-mundial-en-mercado-digital-ue","status":"publish","type":"post","link":"https:\/\/politicosaldesnudo.com.mx\/index.php\/2025\/04\/24\/queremos-competencia-y-no-un-oligopolio-mundial-en-mercado-digital-ue\/","title":{"rendered":"\u201cQueremos competencia y no un oligopolio mundial en mercado digital\u201d: UE"},"content":{"rendered":"<p>La decisi\u00f3n de la Comisi\u00f3n Europea de multar a los gigantes tecnol\u00f3gicos Apple y Meta obedece a garantizar que exista competencia en el mercado y cuidado en el manejo de los datos personales, asegur\u00f3 Teresa Ribera, vicepresidenta ejecutiva para la transici\u00f3n limpia, justa y competitiva de la Uni\u00f3n Europea.<\/p>\n<p>En su visita a M\u00e9xico, Ribera, que fue la \u00fanica espa\u00f1ola considerada por la revista TIME como una de las personas m\u00e1s influyentes del mundo en el 2025.<\/p>\n<p>\u00abSon decisiones de pura aplicaci\u00f3n de la ley, del mismo modo que las adoptamos en otros marcos o las autoridades \u00abantitrust\u00bb americanas las adoptan tambi\u00e9n\u201d, declar\u00f3 en conferencia.<\/p>\n<p>\u201cLas instituciones europeas se basan en una regulaci\u00f3n para garantizar el buen funcionamiento de un mercado enormemente importante para consumidores finales ya sean dom\u00e9sticos o industriales como es el mercado digital, como cualquier otro mercado queremos que haya competencia y no una tendencia creciente al oligopolio o monopolio\u201d, manifest\u00f3.<\/p>\n<p>Este mi\u00e9rcoles la Comisi\u00f3n Europea mult\u00f3 a Apple con 500 millones de euros (cerca de 567 millones de d\u00f3lares) por pr\u00e1cticas monopol\u00edsticas en su tienda de aplicaciones m\u00f3viles y a Meta, con 200 millones de euros (unos 227 millones de d\u00f3lares), por obligar a los usuarios a pagar una suscripci\u00f3n para evitar publicidad personalizada.<\/p>\n<p>Luego de confirmar que ser\u00e1 actualizado el acuerdo global entre M\u00e9xico y la UE\u00a0<i>(como report\u00f3 La Jornada\u00a0<\/i><i>https:\/\/t.ly\/PbYfu<\/i><i>)<\/i>, Ribera expuso que: se adoptaron decisiones por parte de los \u00f3rganos regulatorios -Comisi\u00f3n Consejo y Parlamento- para asegurar que aquellos que tienen buenas ideas, tengan capacidad de obtener mercado digital\u201d.<\/p>\n<p>\u201cQue no s\u00e9 vean expulsados por los grandes. que los consumidores podamos tener mejores opciones para decidir entre las distintas alternativas que pueda haber sin necesidad de sobrecosto o de dificultades a\u00f1adidas deliberadamente por los grandes operadores\u201d, coment\u00f3 la funcionaria.<\/p>\n<p>Destac\u00f3 que la aplicaci\u00f3n de la ley busca dar garant\u00eda de que el acceso a los datos confidenciales y la privacidad de los usuarios sea tratado de forma adecuada.<\/p>\n","protected":false},"excerpt":{"rendered":"<p>La decisi\u00f3n de la Comisi\u00f3n Europea de multar a los gigantes tecnol\u00f3gicos Apple y Meta obedece a garantizar que exista<\/p>\n","protected":false},"author":4,"featured_media":61575,"comment_status":"closed","ping_status":"closed","sticky":false,"template":"","format":"standard","meta":{"colormag_page_container_layout":"default_layout","colormag_page_sidebar_layout":"default_layout","_jetpack_memberships_contains_paid_content":false,"footnotes":"","jetpack_publicize_message":"","jetpack_publicize_feature_enabled":true,"jetpack_social_post_already_shared":false,"jetpack_social_options":{"image_generator_settings":{"template":"highway","default_image_id":0,"font":"","enabled":false},"version":2}},"categories":[2050],"tags":[],"class_list":["post-61574","post","type-post","status-publish","format-standard","has-post-thumbnail","hentry","category-economia"],"jetpack_publicize_connections":[],"jetpack_featured_media_url":"https:\/\/i0.wp.com\/politicosaldesnudo.com.mx\/wp-content\/uploads\/2025\/04\/MANZ.jpg?fit=680%2C440&ssl=1","jetpack-related-posts":[],"jetpack_sharing_enabled":true,"_links":{"self":[{"href":"https:\/\/politicosaldesnudo.com.mx\/index.php\/wp-json\/wp\/v2\/posts\/61574","targetHints":{"allow":["GET"]}}],"collection":[{"href":"https:\/\/politicosaldesnudo.com.mx\/index.php\/wp-json\/wp\/v2\/posts"}],"about":[{"href":"https:\/\/politicosaldesnudo.com.mx\/index.php\/wp-json\/wp\/v2\/types\/post"}],"author":[{"embeddable":true,"href":"https:\/\/politicosaldesnudo.com.mx\/index.php\/wp-json\/wp\/v2\/users\/4"}],"replies":[{"embeddable":true,"href":"https:\/\/politicosaldesnudo.com.mx\/index.php\/wp-json\/wp\/v2\/comments?post=61574"}],"version-history":[{"count":0,"href":"https:\/\/politicosaldesnudo.com.mx\/index.php\/wp-json\/wp\/v2\/posts\/61574\/revisions"}],"wp:featuredmedia":[{"embeddable":true,"href":"https:\/\/politicosaldesnudo.com.mx\/index.php\/wp-json\/wp\/v2\/media\/61575"}],"wp:attachment":[{"href":"https:\/\/politicosaldesnudo.com.mx\/index.php\/wp-json\/wp\/v2\/media?parent=61574"}],"wp:term":[{"taxonomy":"category","embeddable":true,"href":"https:\/\/politicosaldesnudo.com.mx\/index.php\/wp-json\/wp\/v2\/categories?post=61574"},{"taxonomy":"post_tag","embeddable":true,"href":"https:\/\/politicosaldesnudo.com.mx\/index.php\/wp-json\/wp\/v2\/tags?post=61574"}],"curies":[{"name":"wp","href":"https:\/\/api.w.org\/{rel}","templated":true}]}}